{"id":29255,"date":"2024-03-03T16:35:52","date_gmt":"2024-03-03T15:35:52","guid":{"rendered":"https:\/\/agora.xtec.cat\/escolamartamata\/?p=29255"},"modified":"2024-03-03T16:35:52","modified_gmt":"2024-03-03T15:35:52","slug":"el-llop-iberic","status":"publish","type":"post","link":"https:\/\/agora.xtec.cat\/escolamartamata\/matildes25-26\/23-24ajudemanimalsperillextincio\/el-llop-iberic\/","title":{"rendered":"EL LLOP IB\u00c8RIC"},"content":{"rendered":"<p>L&#8217;\u00faltim blog parlava de la protesta que havien iniciat els pagesos a tot el territori espanyol per diferents motius.<\/p>\n<p>Ara b\u00e9, tota hist\u00f2ria t\u00e9 diferents parts i cada part t\u00e9 la seva perspectiva. En aquest cas, segons mostraven les not\u00edcies, les v\u00edctimes eren els pagesos i aquests havien sortit al carrer per mostrar el seu malestar.<\/p>\n<p>Doncs b\u00e9, despr\u00e9s de llegir algun article, podem dir que nosaltres sabem d&#8217;un \u00e8sser viu, que per cert, ha estat en perill d&#8217;extinci\u00f3 i ha sigut perseguit durant molts anys, que segurament no tingui la mateixa perspectiva que aquests pagesos.<\/p>\n<p>Evidentment, ens referim al llop Ib\u00e8ric.<\/p>\n<p>En certs territoris, aquest animal ha estat perseguit i ca\u00e7at pel fet de voler menjar. Els pagesos el ca\u00e7aven de diferents maneres per tal d&#8217;evitar que es meng\u00e9s el ramat. Per\u00f2, m\u00e9s enll\u00e0 de que aix\u00f2 pugui estar perm\u00e8s, \u00e9s correcte exterminar una esp\u00e8cie animal, que nom\u00e9s vol sobreviure, utilitzant ver\u00ed i altres m\u00e8todes pel teu benefici personal?<\/p>\n<p>Com a m\u00ednim, ens ha de fer pensar&#8230;<\/p>\n<p><a href=\"https:\/\/agora.xtec.cat\/escolamartamata\/wp-content\/uploads\/usu1957\/2024\/03\/Itinerari-Ruta-66.jpg\"><img loading=\"lazy\" decoding=\"async\" class=\"alignnone size-medium wp-image-29256\" src=\"https:\/\/agora.xtec.cat\/escolamartamata\/wp-content\/uploads\/usu1957\/2024\/03\/Itinerari-Ruta-66-300x212.jpg\" alt=\"\" width=\"300\" height=\"212\" srcset=\"https:\/\/agora.xtec.cat\/escolamartamata\/wp-content\/uploads\/usu1957\/2024\/03\/Itinerari-Ruta-66-300x212.jpg 300w, https:\/\/agora.xtec.cat\/escolamartamata\/wp-content\/uploads\/usu1957\/2024\/03\/Itinerari-Ruta-66-1024x724.jpg 1024w, https:\/\/agora.xtec.cat\/escolamartamata\/wp-content\/uploads\/usu1957\/2024\/03\/Itinerari-Ruta-66-768x543.jpg 768w, https:\/\/agora.xtec.cat\/escolamartamata\/wp-content\/uploads\/usu1957\/2024\/03\/Itinerari-Ruta-66-1536x1086.jpg 1536w, https:\/\/agora.xtec.cat\/escolamartamata\/wp-content\/uploads\/usu1957\/2024\/03\/Itinerari-Ruta-66-2048x1448.jpg 2048w\" sizes=\"auto, (max-width: 300px) 100vw, 300px\" \/><\/a><\/p>\n","protected":false},"excerpt":{"rendered":"<p>L&#8217;\u00faltim blog parlava de la protesta que havien iniciat els pagesos a tot el territori espanyol per diferents motius.<br \/>\nAra b\u00e9, tota hist\u00f2ria t\u00e9 diferents parts i cada part t\u00e9 la seva perspectiva. En aquest cas, segons mostraven les not\u00edcies, les v\u00edctimes eren els pagesos i&hellip;  <a href=\"https:\/\/agora.xtec.cat\/escolamartamata\/matildes25-26\/23-24ajudemanimalsperillextincio\/el-llop-iberic\/\" title=\"Read EL LLOP IB\u00c8RIC\">Llegeix m\u00e9s\u00bb<\/a><\/p>\n","protected":false},"author":90,"featured_media":0,"comment_status":"closed","ping_status":"closed","sticky":false,"template":"","format":"standard","meta":{"_bbp_topic_count":0,"_bbp_reply_count":0,"_bbp_total_topic_count":0,"_bbp_total_reply_count":0,"_bbp_voice_count":0,"_bbp_anonymous_reply_count":0,"_bbp_topic_count_hidden":0,"_bbp_reply_count_hidden":0,"_bbp_forum_subforum_count":0,"footnotes":""},"categories":[521],"tags":[],"class_list":["post-29255","post","type-post","status-publish","format-standard","hentry","category-23-24ajudemanimalsperillextincio"],"post_mailing_queue_ids":[],"_links":{"self":[{"href":"https:\/\/agora.xtec.cat\/escolamartamata\/wp-json\/wp\/v2\/posts\/29255","targetHints":{"allow":["GET"]}}],"collection":[{"href":"https:\/\/agora.xtec.cat\/escolamartamata\/wp-json\/wp\/v2\/posts"}],"about":[{"href":"https:\/\/agora.xtec.cat\/escolamartamata\/wp-json\/wp\/v2\/types\/post"}],"author":[{"embeddable":true,"href":"https:\/\/agora.xtec.cat\/escolamartamata\/wp-json\/wp\/v2\/users\/90"}],"replies":[{"embeddable":true,"href":"https:\/\/agora.xtec.cat\/escolamartamata\/wp-json\/wp\/v2\/comments?post=29255"}],"version-history":[{"count":3,"href":"https:\/\/agora.xtec.cat\/escolamartamata\/wp-json\/wp\/v2\/posts\/29255\/revisions"}],"predecessor-version":[{"id":29259,"href":"https:\/\/agora.xtec.cat\/escolamartamata\/wp-json\/wp\/v2\/posts\/29255\/revisions\/29259"}],"wp:attachment":[{"href":"https:\/\/agora.xtec.cat\/escolamartamata\/wp-json\/wp\/v2\/media?parent=29255"}],"wp:term":[{"taxonomy":"category","embeddable":true,"href":"https:\/\/agora.xtec.cat\/escolamartamata\/wp-json\/wp\/v2\/categories?post=29255"},{"taxonomy":"post_tag","embeddable":true,"href":"https:\/\/agora.xtec.cat\/escolamartamata\/wp-json\/wp\/v2\/tags?post=29255"}],"curies":[{"name":"wp","href":"https:\/\/api.w.org\/{rel}","templated":true}]}}