{"id":28968,"date":"2024-02-14T17:00:31","date_gmt":"2024-02-14T16:00:31","guid":{"rendered":"https:\/\/agora.xtec.cat\/escolamartamata\/?p=28968"},"modified":"2024-02-14T14:02:43","modified_gmt":"2024-02-14T13:02:43","slug":"les-viles-medievals","status":"publish","type":"post","link":"https:\/\/agora.xtec.cat\/escolamartamata\/blog_comunitats\/mitjans\/23-24-bruixola\/les-viles-medievals\/","title":{"rendered":"LES VILES MEDIEVALS"},"content":{"rendered":"<p><span style=\"font-weight: 400;\">Tornats a les aules, despr\u00e9s de visitar la majestuosa vila medieval de Montblanc, les Br\u00faixoles recordem qu\u00e8 vam descobrir en aquest indret hist\u00f2ric.<\/span><\/p>\n<p><span style=\"font-weight: 400;\">Els guies ens van explicar que l\u2019edat mitjana va comen\u00e7ar al segle V acabant amb l\u2019Edat Antiga quan va caure l&#8217;imperi Rom\u00e0. I va acabar al segle XVI amb el descobriment d\u2019Am\u00e8rica i va comen\u00e7ar l\u2019Edat Moderna. La ciutat de Montblanc va apar\u00e8ixer al segle XI i ja feia 600 anys que havia comen\u00e7at l\u2019edat mitjana.\u00a0\u00a0<\/span><\/p>\n<p><span style=\"font-weight: 400;\">Per grups recuperem el pl\u00e0nol de Montblanc i marquem els llocs que vam descobrir: La Muralla, l\u2019esgl\u00e9sia de Sant Miquel i Santa Mar\u00eda, el Portal de Sant Jordi, la pla\u00e7a del mercat, el Call Jueu i, de lluny, les runes del Castell.\u00a0<\/span><\/p>\n<p><a href=\"https:\/\/agora.xtec.cat\/escolamartamata\/wp-content\/uploads\/usu1957\/2024\/02\/BLOG-Nom-projecte-de-Comunitat-1.jpg\"><img loading=\"lazy\" decoding=\"async\" class=\"aligncenter size-medium wp-image-28969\" src=\"https:\/\/agora.xtec.cat\/escolamartamata\/wp-content\/uploads\/usu1957\/2024\/02\/BLOG-Nom-projecte-de-Comunitat-1-300x240.jpg\" alt=\"\" width=\"300\" height=\"240\" srcset=\"https:\/\/agora.xtec.cat\/escolamartamata\/wp-content\/uploads\/usu1957\/2024\/02\/BLOG-Nom-projecte-de-Comunitat-1-300x240.jpg 300w, https:\/\/agora.xtec.cat\/escolamartamata\/wp-content\/uploads\/usu1957\/2024\/02\/BLOG-Nom-projecte-de-Comunitat-1-1024x819.jpg 1024w, https:\/\/agora.xtec.cat\/escolamartamata\/wp-content\/uploads\/usu1957\/2024\/02\/BLOG-Nom-projecte-de-Comunitat-1-768x614.jpg 768w, https:\/\/agora.xtec.cat\/escolamartamata\/wp-content\/uploads\/usu1957\/2024\/02\/BLOG-Nom-projecte-de-Comunitat-1-1536x1229.jpg 1536w, https:\/\/agora.xtec.cat\/escolamartamata\/wp-content\/uploads\/usu1957\/2024\/02\/BLOG-Nom-projecte-de-Comunitat-1.jpg 2000w\" sizes=\"auto, (max-width: 300px) 100vw, 300px\" \/><\/a><\/p>\n<p><span style=\"font-weight: 400;\">D\u2019entre els monuments, ens centrem en descriure algunes dades importants com el Portal de Sant Jordi i l\u2019esgl\u00e9sia de Sant Miquel com a indrets interessants.<\/span><\/p>\n<p><a href=\"https:\/\/agora.xtec.cat\/escolamartamata\/wp-content\/uploads\/usu1957\/2024\/02\/BLOG-Nom-projecte-de-Comunitat.jpg\"><img loading=\"lazy\" decoding=\"async\" class=\"aligncenter size-medium wp-image-28970\" src=\"https:\/\/agora.xtec.cat\/escolamartamata\/wp-content\/uploads\/usu1957\/2024\/02\/BLOG-Nom-projecte-de-Comunitat-300x240.jpg\" alt=\"\" width=\"300\" height=\"240\" srcset=\"https:\/\/agora.xtec.cat\/escolamartamata\/wp-content\/uploads\/usu1957\/2024\/02\/BLOG-Nom-projecte-de-Comunitat-300x240.jpg 300w, https:\/\/agora.xtec.cat\/escolamartamata\/wp-content\/uploads\/usu1957\/2024\/02\/BLOG-Nom-projecte-de-Comunitat-1024x819.jpg 1024w, https:\/\/agora.xtec.cat\/escolamartamata\/wp-content\/uploads\/usu1957\/2024\/02\/BLOG-Nom-projecte-de-Comunitat-768x614.jpg 768w, https:\/\/agora.xtec.cat\/escolamartamata\/wp-content\/uploads\/usu1957\/2024\/02\/BLOG-Nom-projecte-de-Comunitat-1536x1229.jpg 1536w, https:\/\/agora.xtec.cat\/escolamartamata\/wp-content\/uploads\/usu1957\/2024\/02\/BLOG-Nom-projecte-de-Comunitat.jpg 2000w\" sizes=\"auto, (max-width: 300px) 100vw, 300px\" \/><\/a><\/p>\n<p><span style=\"font-weight: 400;\">Despr\u00e9s d\u2019aquest treball, ja podem enumerar algunes caracter\u00edstiques d\u2019una vila medieval com per exemple\u2026\u00a0<\/span><\/p>\n<ul>\n<li style=\"font-weight: 400;\" aria-level=\"1\"><span style=\"font-weight: 400;\">Tenen un castell on hi vivia l\u2019amo de les terres, els seus cavallers i servents.\u00a0<\/span><\/li>\n<li style=\"font-weight: 400;\" aria-level=\"1\"><span style=\"font-weight: 400;\">Hi ha una esgl\u00e9sia que pot ser rom\u00e0nica o g\u00f2tica.\u00a0<\/span><\/li>\n<li style=\"font-weight: 400;\" aria-level=\"1\"><span style=\"font-weight: 400;\">Hi ha pla\u00e7a del mercat on els artesans i pagesos venen les coses que fabriquen o planten. Al costat de la pla\u00e7a, hi havia els mesuradors de gra del poble per poder comprovar que no els haguessin enredat amb les compres.\u00a0<\/span><\/li>\n<li style=\"font-weight: 400;\" aria-level=\"1\"><span style=\"font-weight: 400;\">T\u00e9 una muralla amb torres de vigil\u00e0ncia i diferents portes llevadisses per entrar o sortir de la vila.\u00a0<\/span><\/li>\n<li style=\"font-weight: 400;\" aria-level=\"1\"><span style=\"font-weight: 400;\">Els artesans estaven organitzats per gremis i vivien i fabricaven al mateix carrer com els picapedrers, ferrers, fusters, etc.<\/span><\/li>\n<\/ul>\n","protected":false},"excerpt":{"rendered":"<p>Tornats a les aules, despr\u00e9s de visitar la majestuosa vila medieval de Montblanc, les Br\u00faixoles recordem qu\u00e8 vam descobrir en aquest indret hist\u00f2ric. Els guies ens van explicar que l\u2019edat mitjana va comen\u00e7ar al segle V acabant amb l\u2019Edat Antiga quan va caure l&#8217;imperi Rom\u00e0. I va acabar al segle XVI amb el descobriment d\u2019Am\u00e8rica [&hellip;]<\/p>\n","protected":false},"author":103,"featured_media":0,"comment_status":"closed","ping_status":"closed","sticky":false,"template":"","format":"standard","meta":{"_bbp_topic_count":0,"_bbp_reply_count":0,"_bbp_total_topic_count":0,"_bbp_total_reply_count":0,"_bbp_voice_count":0,"_bbp_anonymous_reply_count":0,"_bbp_topic_count_hidden":0,"_bbp_reply_count_hidden":0,"_bbp_forum_subforum_count":0,"site-sidebar-layout":"default","site-content-layout":"","ast-site-content-layout":"","site-content-style":"default","site-sidebar-style":"default","ast-global-header-display":"","ast-banner-title-visibility":"","ast-main-header-display":"","ast-hfb-above-header-display":"","ast-hfb-below-header-display":"","ast-hfb-mobile-header-display":"","site-post-title":"","ast-breadcrumbs-content":"","ast-featured-img":"","footer-sml-layout":"","theme-transparent-header-meta":"","adv-header-id-meta":"","stick-header-meta":"","header-above-stick-meta":"","header-main-stick-meta":"","header-below-stick-meta":"","astra-migrate-meta-layouts":"default","ast-page-background-enabled":"default","ast-page-background-meta":{"desktop":{"background-color":"var(--ast-global-color-4)","background-image":"","background-repeat":"repeat","background-position":"center center","background-size":"auto","background-attachment":"scroll","background-type":"","background-media":"","overlay-type":"","overlay-color":"","overlay-opacity":"","overlay-gradient":""},"tablet":{"background-color":"","background-image":"","background-repeat":"repeat","background-position":"center center","background-size":"auto","background-attachment":"scroll","background-type":"","background-media":"","overlay-type":"","overlay-color":"","overlay-opacity":"","overlay-gradient":""},"mobile":{"background-color":"","background-image":"","background-repeat":"repeat","background-position":"center center","background-size":"auto","background-attachment":"scroll","background-type":"","background-media":"","overlay-type":"","overlay-color":"","overlay-opacity":"","overlay-gradient":""}},"ast-content-background-meta":{"desktop":{"background-color":"var(--ast-global-color-5)","background-image":"","background-repeat":"repeat","background-position":"center center","background-size":"auto","background-attachment":"scroll","background-type":"","background-media":"","overlay-type":"","overlay-color":"","overlay-opacity":"","overlay-gradient":""},"tablet":{"background-color":"var(--ast-global-color-5)","background-image":"","background-repeat":"repeat","background-position":"center center","background-size":"auto","background-attachment":"scroll","background-type":"","background-media":"","overlay-type":"","overlay-color":"","overlay-opacity":"","overlay-gradient":""},"mobile":{"background-color":"var(--ast-global-color-5)","background-image":"","background-repeat":"repeat","background-position":"center center","background-size":"auto","background-attachment":"scroll","background-type":"","background-media":"","overlay-type":"","overlay-color":"","overlay-opacity":"","overlay-gradient":""}},"footnotes":""},"categories":[530],"tags":[],"class_list":["post-28968","post","type-post","status-publish","format-standard","hentry","category-23-24-bruixola"],"post_mailing_queue_ids":[],"_links":{"self":[{"href":"https:\/\/agora.xtec.cat\/escolamartamata\/wp-json\/wp\/v2\/posts\/28968","targetHints":{"allow":["GET"]}}],"collection":[{"href":"https:\/\/agora.xtec.cat\/escolamartamata\/wp-json\/wp\/v2\/posts"}],"about":[{"href":"https:\/\/agora.xtec.cat\/escolamartamata\/wp-json\/wp\/v2\/types\/post"}],"author":[{"embeddable":true,"href":"https:\/\/agora.xtec.cat\/escolamartamata\/wp-json\/wp\/v2\/users\/103"}],"replies":[{"embeddable":true,"href":"https:\/\/agora.xtec.cat\/escolamartamata\/wp-json\/wp\/v2\/comments?post=28968"}],"version-history":[{"count":2,"href":"https:\/\/agora.xtec.cat\/escolamartamata\/wp-json\/wp\/v2\/posts\/28968\/revisions"}],"predecessor-version":[{"id":28972,"href":"https:\/\/agora.xtec.cat\/escolamartamata\/wp-json\/wp\/v2\/posts\/28968\/revisions\/28972"}],"wp:attachment":[{"href":"https:\/\/agora.xtec.cat\/escolamartamata\/wp-json\/wp\/v2\/media?parent=28968"}],"wp:term":[{"taxonomy":"category","embeddable":true,"href":"https:\/\/agora.xtec.cat\/escolamartamata\/wp-json\/wp\/v2\/categories?post=28968"},{"taxonomy":"post_tag","embeddable":true,"href":"https:\/\/agora.xtec.cat\/escolamartamata\/wp-json\/wp\/v2\/tags?post=28968"}],"curies":[{"name":"wp","href":"https:\/\/api.w.org\/{rel}","templated":true}]}}