{"id":28102,"date":"2023-11-30T17:48:13","date_gmt":"2023-11-30T16:48:13","guid":{"rendered":"https:\/\/agora.xtec.cat\/escolamartamata\/?p=28102"},"modified":"2023-11-30T17:48:13","modified_gmt":"2023-11-30T16:48:13","slug":"lectura-compartida-a-la-classe-dels-rovellons","status":"publish","type":"post","link":"https:\/\/agora.xtec.cat\/escolamartamata\/tanits25-26\/lectura-compartida-a-la-classe-dels-rovellons\/","title":{"rendered":"LECTURA COMPARTIDA  A LA CLASSE DELS ROVELLONS"},"content":{"rendered":"<p>El passat dimarts, a la classe dels Rovellons, vam fer la tarda de lectura compartida. La primera mitja hora van poder assistir totes les fam\u00edlies per compartir una estona de lectura. Els Rovellons estaven molt il\u00b7lusionats i amb moltes ganes de passar una bona estona mirant i comentant les il\u00b7lustracions dels llibres i llegint les diferents hist\u00f2ries que havia agafat cadasc\u00fa.<\/p>\n<p>Una vegada que les fam\u00edlies van comen\u00e7ar a acomiadar-se, cinc fam\u00edlies es van quedar i van compartir la segona part de la tarda amb tots i totes. Aquesta vegada l&#8217;activitat a realitzar era el VEIG, VEIG&#8230; Ens vam repartir en cinc grups i cada grup tenia unes tasques a fer en diferents sobres. En el primer sobre havien de llegir unes targetes i trobar a una imatge diferents objectes. Al segon buscar i trobar a la imatge les persones en les quals es feia la descripci\u00f3 i per \u00faltim havien d&#8217;escriure paraules que comen\u00e7aven per diferents lletres que podien trobar a la imatge. <\/p>\n<p>Hem compartit una bona estona totes i tots els Rovellons, aprenent a llegir d&#8217;una forma divertida.<\/p>\n<p>SOM-HI !!!<\/p>\n<p><a href=\"https:\/\/agora.xtec.cat\/escolamartamata\/wp-content\/uploads\/usu1957\/2023\/11\/Collage-Vision-Board-2023-Ano-Nuevo-Proposito-Scrapbook-Minimalista-AestheticPastel4.png\"><img loading=\"lazy\" decoding=\"async\" src=\"https:\/\/agora.xtec.cat\/escolamartamata\/wp-content\/uploads\/usu1957\/2023\/11\/Collage-Vision-Board-2023-Ano-Nuevo-Proposito-Scrapbook-Minimalista-AestheticPastel4-300x240.png\" alt=\"\" width=\"300\" height=\"240\" class=\"aligncenter size-medium wp-image-28103\" srcset=\"https:\/\/agora.xtec.cat\/escolamartamata\/wp-content\/uploads\/usu1957\/2023\/11\/Collage-Vision-Board-2023-Ano-Nuevo-Proposito-Scrapbook-Minimalista-AestheticPastel4-300x240.png 300w, https:\/\/agora.xtec.cat\/escolamartamata\/wp-content\/uploads\/usu1957\/2023\/11\/Collage-Vision-Board-2023-Ano-Nuevo-Proposito-Scrapbook-Minimalista-AestheticPastel4-1024x819.png 1024w, https:\/\/agora.xtec.cat\/escolamartamata\/wp-content\/uploads\/usu1957\/2023\/11\/Collage-Vision-Board-2023-Ano-Nuevo-Proposito-Scrapbook-Minimalista-AestheticPastel4-768x614.png 768w, https:\/\/agora.xtec.cat\/escolamartamata\/wp-content\/uploads\/usu1957\/2023\/11\/Collage-Vision-Board-2023-Ano-Nuevo-Proposito-Scrapbook-Minimalista-AestheticPastel4.png 1250w\" sizes=\"auto, (max-width: 300px) 100vw, 300px\" \/><\/a><\/p>\n","protected":false},"excerpt":{"rendered":"<p>El passat dimarts, a la classe dels Rovellons, vam fer la tarda de lectura compartida. La primera mitja hora van poder assistir totes les fam\u00edlies per compartir una estona de lectura. Els Rovellons estaven molt il\u00b7lusionats i amb moltes ganes de passar una bona estona&hellip;  <a href=\"https:\/\/agora.xtec.cat\/escolamartamata\/tanits25-26\/lectura-compartida-a-la-classe-dels-rovellons\/\" title=\"Read LECTURA COMPARTIDA  A LA CLASSE DELS ROVELLONS\">Llegeix m\u00e9s\u00bb<\/a><\/p>\n","protected":false},"author":102,"featured_media":0,"comment_status":"closed","ping_status":"closed","sticky":false,"template":"","format":"standard","meta":{"_bbp_topic_count":0,"_bbp_reply_count":0,"_bbp_total_topic_count":0,"_bbp_total_reply_count":0,"_bbp_voice_count":0,"_bbp_anonymous_reply_count":0,"_bbp_topic_count_hidden":0,"_bbp_reply_count_hidden":0,"_bbp_forum_subforum_count":0,"footnotes":""},"categories":[487,231],"tags":[],"class_list":["post-28102","post","type-post","status-publish","format-standard","hentry","category-23-24vidaaula1r","category-tanits25-26"],"post_mailing_queue_ids":[],"_links":{"self":[{"href":"https:\/\/agora.xtec.cat\/escolamartamata\/wp-json\/wp\/v2\/posts\/28102","targetHints":{"allow":["GET"]}}],"collection":[{"href":"https:\/\/agora.xtec.cat\/escolamartamata\/wp-json\/wp\/v2\/posts"}],"about":[{"href":"https:\/\/agora.xtec.cat\/escolamartamata\/wp-json\/wp\/v2\/types\/post"}],"author":[{"embeddable":true,"href":"https:\/\/agora.xtec.cat\/escolamartamata\/wp-json\/wp\/v2\/users\/102"}],"replies":[{"embeddable":true,"href":"https:\/\/agora.xtec.cat\/escolamartamata\/wp-json\/wp\/v2\/comments?post=28102"}],"version-history":[{"count":1,"href":"https:\/\/agora.xtec.cat\/escolamartamata\/wp-json\/wp\/v2\/posts\/28102\/revisions"}],"predecessor-version":[{"id":28104,"href":"https:\/\/agora.xtec.cat\/escolamartamata\/wp-json\/wp\/v2\/posts\/28102\/revisions\/28104"}],"wp:attachment":[{"href":"https:\/\/agora.xtec.cat\/escolamartamata\/wp-json\/wp\/v2\/media?parent=28102"}],"wp:term":[{"taxonomy":"category","embeddable":true,"href":"https:\/\/agora.xtec.cat\/escolamartamata\/wp-json\/wp\/v2\/categories?post=28102"},{"taxonomy":"post_tag","embeddable":true,"href":"https:\/\/agora.xtec.cat\/escolamartamata\/wp-json\/wp\/v2\/tags?post=28102"}],"curies":[{"name":"wp","href":"https:\/\/api.w.org\/{rel}","templated":true}]}}