{"id":27922,"date":"2023-11-16T08:49:58","date_gmt":"2023-11-16T07:49:58","guid":{"rendered":"https:\/\/agora.xtec.cat\/escolamartamata\/?p=27922"},"modified":"2023-11-20T08:55:51","modified_gmt":"2023-11-20T07:55:51","slug":"anem-al-teatre-3","status":"publish","type":"post","link":"https:\/\/agora.xtec.cat\/escolamartamata\/tanits25-26\/23-24vidaaula1r\/anem-al-teatre-3\/","title":{"rendered":"ANEM AL TEATRE"},"content":{"rendered":"<p><span style=\"font-weight: 400;\">El passat dimarts 14 de novembre tota la comunitat de mitjans, ens vam despla\u00e7ar fins al Teatre Ateneu d\u2019Igualada per gaudir de l\u2019espectacle: \u201cHai, la pescadora de somnis\u201d.\u00a0<\/span><\/p>\n<p style=\"text-align: center;\"><b>Un conte ind\u00edgena, po\u00e8tic i visual sense paraules, amb molta m\u00e0gia i imaginaci\u00f3.<\/b><\/p>\n<p><span style=\"font-weight: 400;\">El conte de la pescadora de somnis va narrar, a trav\u00e9s de met\u00e0fores visuals i m\u00e0gia, el navegar d\u2019Hai i la seva tribu, el p\u00fablic, per l&#8217;oce\u00e0 de la imaginaci\u00f3. All\u00e0, va trobar la clau que obria la g\u00e0bia, que representen les pors i les creences, i allibera l&#8217;ocell, la nostra ess\u00e8ncia creativa.<\/span><\/p>\n<p><a href=\"https:\/\/agora.xtec.cat\/escolamartamata\/wp-content\/uploads\/usu1957\/2023\/11\/Hai-La-pesacadora-de-somnis.jpg\"><img loading=\"lazy\" decoding=\"async\" class=\" wp-image-27924 aligncenter\" src=\"https:\/\/agora.xtec.cat\/escolamartamata\/wp-content\/uploads\/usu1957\/2023\/11\/Hai-La-pesacadora-de-somnis-300x212.jpg\" alt=\"\" width=\"607\" height=\"429\" srcset=\"https:\/\/agora.xtec.cat\/escolamartamata\/wp-content\/uploads\/usu1957\/2023\/11\/Hai-La-pesacadora-de-somnis-300x212.jpg 300w, https:\/\/agora.xtec.cat\/escolamartamata\/wp-content\/uploads\/usu1957\/2023\/11\/Hai-La-pesacadora-de-somnis-1024x724.jpg 1024w, https:\/\/agora.xtec.cat\/escolamartamata\/wp-content\/uploads\/usu1957\/2023\/11\/Hai-La-pesacadora-de-somnis-768x543.jpg 768w, https:\/\/agora.xtec.cat\/escolamartamata\/wp-content\/uploads\/usu1957\/2023\/11\/Hai-La-pesacadora-de-somnis-1536x1086.jpg 1536w, https:\/\/agora.xtec.cat\/escolamartamata\/wp-content\/uploads\/usu1957\/2023\/11\/Hai-La-pesacadora-de-somnis-2048x1448.jpg 2048w\" sizes=\"auto, (max-width: 607px) 100vw, 607px\" \/><\/a><\/p>\n","protected":false},"excerpt":{"rendered":"<p>El passat dimarts 14 de novembre tota la comunitat de mitjans, ens vam despla\u00e7ar fins al Teatre Ateneu d\u2019Igualada per gaudir de l\u2019espectacle: \u201cHai, la pescadora de somnis\u201d.\u00a0<br \/>\nUn conte ind\u00edgena, po\u00e8tic i visual sense paraules, amb molta m\u00e0gia i imaginaci\u00f3.<br \/>\nEl conte de la pescadora de&hellip;  <a href=\"https:\/\/agora.xtec.cat\/escolamartamata\/tanits25-26\/23-24vidaaula1r\/anem-al-teatre-3\/\" title=\"Read ANEM AL TEATRE\">Llegeix m\u00e9s\u00bb<\/a><\/p>\n","protected":false},"author":60,"featured_media":0,"comment_status":"closed","ping_status":"closed","sticky":false,"template":"","format":"standard","meta":{"_bbp_topic_count":0,"_bbp_reply_count":0,"_bbp_total_topic_count":0,"_bbp_total_reply_count":0,"_bbp_voice_count":0,"_bbp_anonymous_reply_count":0,"_bbp_topic_count_hidden":0,"_bbp_reply_count_hidden":0,"_bbp_forum_subforum_count":0,"footnotes":""},"categories":[487,488,489],"tags":[],"class_list":["post-27922","post","type-post","status-publish","format-standard","hentry","category-23-24vidaaula1r","category-23-24vidaaula2n","category-23-24vidaaula3r"],"post_mailing_queue_ids":[],"_links":{"self":[{"href":"https:\/\/agora.xtec.cat\/escolamartamata\/wp-json\/wp\/v2\/posts\/27922","targetHints":{"allow":["GET"]}}],"collection":[{"href":"https:\/\/agora.xtec.cat\/escolamartamata\/wp-json\/wp\/v2\/posts"}],"about":[{"href":"https:\/\/agora.xtec.cat\/escolamartamata\/wp-json\/wp\/v2\/types\/post"}],"author":[{"embeddable":true,"href":"https:\/\/agora.xtec.cat\/escolamartamata\/wp-json\/wp\/v2\/users\/60"}],"replies":[{"embeddable":true,"href":"https:\/\/agora.xtec.cat\/escolamartamata\/wp-json\/wp\/v2\/comments?post=27922"}],"version-history":[{"count":2,"href":"https:\/\/agora.xtec.cat\/escolamartamata\/wp-json\/wp\/v2\/posts\/27922\/revisions"}],"predecessor-version":[{"id":27925,"href":"https:\/\/agora.xtec.cat\/escolamartamata\/wp-json\/wp\/v2\/posts\/27922\/revisions\/27925"}],"wp:attachment":[{"href":"https:\/\/agora.xtec.cat\/escolamartamata\/wp-json\/wp\/v2\/media?parent=27922"}],"wp:term":[{"taxonomy":"category","embeddable":true,"href":"https:\/\/agora.xtec.cat\/escolamartamata\/wp-json\/wp\/v2\/categories?post=27922"},{"taxonomy":"post_tag","embeddable":true,"href":"https:\/\/agora.xtec.cat\/escolamartamata\/wp-json\/wp\/v2\/tags?post=27922"}],"curies":[{"name":"wp","href":"https:\/\/api.w.org\/{rel}","templated":true}]}}