{"id":27513,"date":"2023-10-26T22:29:47","date_gmt":"2023-10-26T20:29:47","guid":{"rendered":"https:\/\/agora.xtec.cat\/escolamartamata\/?p=27513"},"modified":"2023-10-26T22:29:47","modified_gmt":"2023-10-26T20:29:47","slug":"lectura-compartida-amb-families","status":"publish","type":"post","link":"https:\/\/agora.xtec.cat\/escolamartamata\/tanits25-26\/lectura-compartida-amb-families\/","title":{"rendered":"Lectura compartida amb fam\u00edlies"},"content":{"rendered":"<p>El passat dimarts vam comen\u00e7ar a la classe dels Rovellons la tarda de lectura compartida. La primera mitja hora van poder assistir totes les fam\u00edlies per compartir una estona de lectura amb els seus fills i filles. Estaven molt il\u00b7lusionats i amb moltes ganes de passar una bona estona mirant i comentant les il\u00b7lustracions dels llibres i llegint les diferents hist\u00f2ries de les lectures que havia agafat cadasc\u00fa.<\/p>\n<p>Una vegada que les fam\u00edlies van comen\u00e7ar a acomiadar-se d&#8217;alguns Rovellons, cinc fam\u00edlies es van quedar i van compartir la segona part de la tarda. La classe es va dividir en diferents grups i els vam proposar el repte de resoldre diferents endevinalles. Havien d&#8217;anotar les respostes i quan tots els grups les tenien resoltes vam fer una posada en com\u00fa. <\/p>\n<p>Per\u00f2 l&#8217;activitat no acabava aqu\u00ed, per finalitzar, cada grup va haver de ser molt creatiu i inventar-se una endevinalla que havien de resoldre la resta de grups. <\/p>\n<p>Va ser una tarda molt divertida, entretinguda i amb molta il\u00b7lusi\u00f3 dels Rovellons de compartir una bona estona amb les seves fam\u00edlies.<\/p>\n<p>I ara que estem a la tardor, temps de bolets, castanyes i panellets, una endevinalla us deixem!!!  <\/p>\n<p>JO VISC DALT DE L&#8217;ARBRE,<br \/>\nVA PASSANT EL TEMPS.<br \/>\nDESPR\u00c8S CAIC A TERRA,<br \/>\nSI EM XAFES EM SENTS<\/p>\n<p><a href=\"https:\/\/agora.xtec.cat\/escolamartamata\/wp-content\/uploads\/usu1957\/2023\/10\/Collage-Vision-Board-2023-Ano-Nuevo-Proposito-Scrapbook-Minimalista-AestheticPastel2.png\"><img loading=\"lazy\" decoding=\"async\" src=\"https:\/\/agora.xtec.cat\/escolamartamata\/wp-content\/uploads\/usu1957\/2023\/10\/Collage-Vision-Board-2023-Ano-Nuevo-Proposito-Scrapbook-Minimalista-AestheticPastel2-300x240.png\" alt=\"\" width=\"300\" height=\"240\" class=\"aligncenter size-medium wp-image-27514\" srcset=\"https:\/\/agora.xtec.cat\/escolamartamata\/wp-content\/uploads\/usu1957\/2023\/10\/Collage-Vision-Board-2023-Ano-Nuevo-Proposito-Scrapbook-Minimalista-AestheticPastel2-300x240.png 300w, https:\/\/agora.xtec.cat\/escolamartamata\/wp-content\/uploads\/usu1957\/2023\/10\/Collage-Vision-Board-2023-Ano-Nuevo-Proposito-Scrapbook-Minimalista-AestheticPastel2-768x614.png 768w, https:\/\/agora.xtec.cat\/escolamartamata\/wp-content\/uploads\/usu1957\/2023\/10\/Collage-Vision-Board-2023-Ano-Nuevo-Proposito-Scrapbook-Minimalista-AestheticPastel2.png 1000w\" sizes=\"auto, (max-width: 300px) 100vw, 300px\" \/><\/a><\/p>\n","protected":false},"excerpt":{"rendered":"<p>El passat dimarts vam comen\u00e7ar a la classe dels Rovellons la tarda de lectura compartida. La primera mitja hora van poder assistir totes les fam\u00edlies per compartir una estona de lectura amb els seus fills i filles. Estaven molt il\u00b7lusionats i amb moltes ganes de&hellip;  <a href=\"https:\/\/agora.xtec.cat\/escolamartamata\/tanits25-26\/lectura-compartida-amb-families\/\" title=\"Read Lectura compartida amb fam\u00edlies\">Llegeix m\u00e9s\u00bb<\/a><\/p>\n","protected":false},"author":102,"featured_media":0,"comment_status":"closed","ping_status":"closed","sticky":false,"template":"","format":"standard","meta":{"_bbp_topic_count":0,"_bbp_reply_count":0,"_bbp_total_topic_count":0,"_bbp_total_reply_count":0,"_bbp_voice_count":0,"_bbp_anonymous_reply_count":0,"_bbp_topic_count_hidden":0,"_bbp_reply_count_hidden":0,"_bbp_forum_subforum_count":0,"footnotes":""},"categories":[487,231],"tags":[],"class_list":["post-27513","post","type-post","status-publish","format-standard","hentry","category-23-24vidaaula1r","category-tanits25-26"],"post_mailing_queue_ids":[],"_links":{"self":[{"href":"https:\/\/agora.xtec.cat\/escolamartamata\/wp-json\/wp\/v2\/posts\/27513","targetHints":{"allow":["GET"]}}],"collection":[{"href":"https:\/\/agora.xtec.cat\/escolamartamata\/wp-json\/wp\/v2\/posts"}],"about":[{"href":"https:\/\/agora.xtec.cat\/escolamartamata\/wp-json\/wp\/v2\/types\/post"}],"author":[{"embeddable":true,"href":"https:\/\/agora.xtec.cat\/escolamartamata\/wp-json\/wp\/v2\/users\/102"}],"replies":[{"embeddable":true,"href":"https:\/\/agora.xtec.cat\/escolamartamata\/wp-json\/wp\/v2\/comments?post=27513"}],"version-history":[{"count":4,"href":"https:\/\/agora.xtec.cat\/escolamartamata\/wp-json\/wp\/v2\/posts\/27513\/revisions"}],"predecessor-version":[{"id":27518,"href":"https:\/\/agora.xtec.cat\/escolamartamata\/wp-json\/wp\/v2\/posts\/27513\/revisions\/27518"}],"wp:attachment":[{"href":"https:\/\/agora.xtec.cat\/escolamartamata\/wp-json\/wp\/v2\/media?parent=27513"}],"wp:term":[{"taxonomy":"category","embeddable":true,"href":"https:\/\/agora.xtec.cat\/escolamartamata\/wp-json\/wp\/v2\/categories?post=27513"},{"taxonomy":"post_tag","embeddable":true,"href":"https:\/\/agora.xtec.cat\/escolamartamata\/wp-json\/wp\/v2\/tags?post=27513"}],"curies":[{"name":"wp","href":"https:\/\/api.w.org\/{rel}","templated":true}]}}