{"id":27076,"date":"2023-10-02T21:41:52","date_gmt":"2023-10-02T19:41:52","guid":{"rendered":"https:\/\/agora.xtec.cat\/escolamartamata\/?p=27076"},"modified":"2023-10-02T21:41:52","modified_gmt":"2023-10-02T19:41:52","slug":"matinal-esportiva-2","status":"publish","type":"post","link":"https:\/\/agora.xtec.cat\/escolamartamata\/tanits25-26\/23-24vidaaula1r\/matinal-esportiva-2\/","title":{"rendered":"MATINAL ESPORTIVA"},"content":{"rendered":"<p style=\"text-align: justify;\"><span style=\"font-weight: 400;\">El divendres 22 al mat\u00ed, tota la Comunitat de Mitjans vam anar al Parc Puig d\u2019Andela a gaudir d\u2019una matinal esportiva. Hi havia tres objectius principals: acollir als Rovellons, compartir una estona de joc i lleure amb els infants de la comunitat i realitzar una petita sessi\u00f3 d\u2019Educaci\u00f3 F\u00edsica en un espai fora de l\u2019escola.\u00a0<\/span><\/p>\n<p style=\"text-align: justify;\"><span style=\"font-weight: 400;\">Un cop vam arribar al parc, ens vam organitzar en tres grups barrejant els Rovellons, les Al\u00edcies i les Tanits. Cada grup tenia una zona assignada durant un temps determinat: espai del parc, espai de material esportiu i espai d\u2019EF. Mitjan\u00e7ant una rotaci\u00f3, tots els grups van gaudir de les tres zones.\u00a0<\/span><\/p>\n<p style=\"text-align: center;\"><strong>Ens ho vam passar d&#8217;all\u00f2 m\u00e9s b\u00e9!!!<\/strong><\/p>\n<p><a href=\"https:\/\/agora.xtec.cat\/escolamartamata\/wp-content\/uploads\/usu1957\/2023\/10\/Sortida-EF-2.jpg\"><img loading=\"lazy\" decoding=\"async\" class=\" wp-image-27077 aligncenter\" src=\"https:\/\/agora.xtec.cat\/escolamartamata\/wp-content\/uploads\/usu1957\/2023\/10\/Sortida-EF-2-300x212.jpg\" alt=\"\" width=\"574\" height=\"406\" srcset=\"https:\/\/agora.xtec.cat\/escolamartamata\/wp-content\/uploads\/usu1957\/2023\/10\/Sortida-EF-2-300x212.jpg 300w, https:\/\/agora.xtec.cat\/escolamartamata\/wp-content\/uploads\/usu1957\/2023\/10\/Sortida-EF-2-1024x724.jpg 1024w, https:\/\/agora.xtec.cat\/escolamartamata\/wp-content\/uploads\/usu1957\/2023\/10\/Sortida-EF-2-768x543.jpg 768w, https:\/\/agora.xtec.cat\/escolamartamata\/wp-content\/uploads\/usu1957\/2023\/10\/Sortida-EF-2-1536x1086.jpg 1536w, https:\/\/agora.xtec.cat\/escolamartamata\/wp-content\/uploads\/usu1957\/2023\/10\/Sortida-EF-2-2048x1448.jpg 2048w\" sizes=\"auto, (max-width: 574px) 100vw, 574px\" \/><\/a><\/p>\n","protected":false},"excerpt":{"rendered":"<p>El divendres 22 al mat\u00ed, tota la Comunitat de Mitjans vam anar al Parc Puig d\u2019Andela a gaudir d\u2019una matinal esportiva. Hi havia tres objectius principals: acollir als Rovellons, compartir una estona de joc i lleure amb els infants de la comunitat i realitzar una&hellip;  <a href=\"https:\/\/agora.xtec.cat\/escolamartamata\/tanits25-26\/23-24vidaaula1r\/matinal-esportiva-2\/\" title=\"Read MATINAL ESPORTIVA\">Llegeix m\u00e9s\u00bb<\/a><\/p>\n","protected":false},"author":60,"featured_media":0,"comment_status":"closed","ping_status":"closed","sticky":false,"template":"","format":"standard","meta":{"_bbp_topic_count":0,"_bbp_reply_count":0,"_bbp_total_topic_count":0,"_bbp_total_reply_count":0,"_bbp_voice_count":0,"_bbp_anonymous_reply_count":0,"_bbp_topic_count_hidden":0,"_bbp_reply_count_hidden":0,"_bbp_forum_subforum_count":0,"footnotes":""},"categories":[490,491,492,487,488,489],"tags":[],"class_list":["post-27076","post","type-post","status-publish","format-standard","hentry","category-23-24ef1r","category-23-24ef2n","category-23-24ef3r","category-23-24vidaaula1r","category-23-24vidaaula2n","category-23-24vidaaula3r"],"post_mailing_queue_ids":[],"_links":{"self":[{"href":"https:\/\/agora.xtec.cat\/escolamartamata\/wp-json\/wp\/v2\/posts\/27076","targetHints":{"allow":["GET"]}}],"collection":[{"href":"https:\/\/agora.xtec.cat\/escolamartamata\/wp-json\/wp\/v2\/posts"}],"about":[{"href":"https:\/\/agora.xtec.cat\/escolamartamata\/wp-json\/wp\/v2\/types\/post"}],"author":[{"embeddable":true,"href":"https:\/\/agora.xtec.cat\/escolamartamata\/wp-json\/wp\/v2\/users\/60"}],"replies":[{"embeddable":true,"href":"https:\/\/agora.xtec.cat\/escolamartamata\/wp-json\/wp\/v2\/comments?post=27076"}],"version-history":[{"count":2,"href":"https:\/\/agora.xtec.cat\/escolamartamata\/wp-json\/wp\/v2\/posts\/27076\/revisions"}],"predecessor-version":[{"id":27079,"href":"https:\/\/agora.xtec.cat\/escolamartamata\/wp-json\/wp\/v2\/posts\/27076\/revisions\/27079"}],"wp:attachment":[{"href":"https:\/\/agora.xtec.cat\/escolamartamata\/wp-json\/wp\/v2\/media?parent=27076"}],"wp:term":[{"taxonomy":"category","embeddable":true,"href":"https:\/\/agora.xtec.cat\/escolamartamata\/wp-json\/wp\/v2\/categories?post=27076"},{"taxonomy":"post_tag","embeddable":true,"href":"https:\/\/agora.xtec.cat\/escolamartamata\/wp-json\/wp\/v2\/tags?post=27076"}],"curies":[{"name":"wp","href":"https:\/\/api.w.org\/{rel}","templated":true}]}}