{"id":25462,"date":"2023-03-19T11:43:15","date_gmt":"2023-03-19T10:43:15","guid":{"rendered":"https:\/\/agora.xtec.cat\/escolamartamata\/?p=25462"},"modified":"2023-03-19T11:43:15","modified_gmt":"2023-03-19T10:43:15","slug":"lectura-compartida-vi","status":"publish","type":"post","link":"https:\/\/agora.xtec.cat\/escolamartamata\/petitsprinceps25-26\/vidaaula-alicies2223\/lectura-compartida-vi\/","title":{"rendered":"LECTURA COMPARTIDA VI"},"content":{"rendered":"<p>En la sisena lectura compartida d&#8217;aquest trimestre hem seguit practicant la lectura i la comprensi\u00f3 gr\u00e0cies als textos descriptius. Aquest cop ho hem fet a trav\u00e9s de la descripci\u00f3 d&#8217;un paisatge que despr\u00e9s hem hagut de dibuixar entre totes i tots els membres del grup.<\/p>\n<p>El text a llegir en aquesta proposta era una mica extens i amb molt vocabulari, calia estar ben atents i atentes i posar especial atenci\u00f3 als detalls descrits; colors, formes, ubicaci\u00f3, mides&#8230; La informaci\u00f3 tan detallada en un text descriptiu en ajuda a entendre i\/o con\u00e9ixer millor all\u00f2 que es descriu!<\/p>\n<p>Un cop cada grup ha tingut el seu dibuix enllestit els hem penjat a la pissarra per comparar-los i comprovar que, tot i l&#8217;estil de cadasc\u00fa, tots els dibuixos s&#8217;assemblaven ja que hav\u00edem seguit unes mateixes indicacions.<\/p>\n<p style=\"text-align: center;\"><em>Gr\u00e0cies F\u00e1tima, Lorena, S\u00edlvia, Carlos i Laia per acompanyar-nos i compartir el vostre temps amb nosaltres!<\/em><\/p>\n<p><a href=\"https:\/\/agora.xtec.cat\/escolamartamata\/wp-content\/uploads\/usu1957\/2023\/03\/COLLAGE-7.jpg\"><img loading=\"lazy\" decoding=\"async\" class=\"size-medium wp-image-25463 aligncenter\" src=\"https:\/\/agora.xtec.cat\/escolamartamata\/wp-content\/uploads\/usu1957\/2023\/03\/COLLAGE-7-300x300.jpg\" alt=\"\" width=\"300\" height=\"300\" srcset=\"https:\/\/agora.xtec.cat\/escolamartamata\/wp-content\/uploads\/usu1957\/2023\/03\/COLLAGE-7-300x300.jpg 300w, https:\/\/agora.xtec.cat\/escolamartamata\/wp-content\/uploads\/usu1957\/2023\/03\/COLLAGE-7-1024x1024.jpg 1024w, https:\/\/agora.xtec.cat\/escolamartamata\/wp-content\/uploads\/usu1957\/2023\/03\/COLLAGE-7-150x150.jpg 150w, https:\/\/agora.xtec.cat\/escolamartamata\/wp-content\/uploads\/usu1957\/2023\/03\/COLLAGE-7-768x768.jpg 768w, https:\/\/agora.xtec.cat\/escolamartamata\/wp-content\/uploads\/usu1957\/2023\/03\/COLLAGE-7.jpg 1080w\" sizes=\"auto, (max-width: 300px) 100vw, 300px\" \/><\/a><\/p>\n","protected":false},"excerpt":{"rendered":"<p>En la sisena lectura compartida d&#8217;aquest trimestre hem seguit practicant la lectura i la comprensi\u00f3 gr\u00e0cies als textos descriptius. Aquest cop ho hem fet a trav\u00e9s de la descripci\u00f3 d&#8217;un paisatge que despr\u00e9s hem hagut de dibuixar entre totes i tots els membres del grup.<br \/>\nEl&hellip;  <a href=\"https:\/\/agora.xtec.cat\/escolamartamata\/petitsprinceps25-26\/vidaaula-alicies2223\/lectura-compartida-vi\/\" title=\"Read LECTURA COMPARTIDA VI\">Llegeix m\u00e9s\u00bb<\/a><\/p>\n","protected":false},"author":5,"featured_media":0,"comment_status":"closed","ping_status":"closed","sticky":false,"template":"","format":"standard","meta":{"_bbp_topic_count":0,"_bbp_reply_count":0,"_bbp_total_topic_count":0,"_bbp_total_reply_count":0,"_bbp_voice_count":0,"_bbp_anonymous_reply_count":0,"_bbp_topic_count_hidden":0,"_bbp_reply_count_hidden":0,"_bbp_forum_subforum_count":0,"footnotes":""},"categories":[395],"tags":[],"class_list":["post-25462","post","type-post","status-publish","format-standard","hentry","category-vidaaula-alicies2223"],"post_mailing_queue_ids":[],"_links":{"self":[{"href":"https:\/\/agora.xtec.cat\/escolamartamata\/wp-json\/wp\/v2\/posts\/25462","targetHints":{"allow":["GET"]}}],"collection":[{"href":"https:\/\/agora.xtec.cat\/escolamartamata\/wp-json\/wp\/v2\/posts"}],"about":[{"href":"https:\/\/agora.xtec.cat\/escolamartamata\/wp-json\/wp\/v2\/types\/post"}],"author":[{"embeddable":true,"href":"https:\/\/agora.xtec.cat\/escolamartamata\/wp-json\/wp\/v2\/users\/5"}],"replies":[{"embeddable":true,"href":"https:\/\/agora.xtec.cat\/escolamartamata\/wp-json\/wp\/v2\/comments?post=25462"}],"version-history":[{"count":1,"href":"https:\/\/agora.xtec.cat\/escolamartamata\/wp-json\/wp\/v2\/posts\/25462\/revisions"}],"predecessor-version":[{"id":25464,"href":"https:\/\/agora.xtec.cat\/escolamartamata\/wp-json\/wp\/v2\/posts\/25462\/revisions\/25464"}],"wp:attachment":[{"href":"https:\/\/agora.xtec.cat\/escolamartamata\/wp-json\/wp\/v2\/media?parent=25462"}],"wp:term":[{"taxonomy":"category","embeddable":true,"href":"https:\/\/agora.xtec.cat\/escolamartamata\/wp-json\/wp\/v2\/categories?post=25462"},{"taxonomy":"post_tag","embeddable":true,"href":"https:\/\/agora.xtec.cat\/escolamartamata\/wp-json\/wp\/v2\/tags?post=25462"}],"curies":[{"name":"wp","href":"https:\/\/api.w.org\/{rel}","templated":true}]}}