{"id":25344,"date":"2023-03-10T20:17:52","date_gmt":"2023-03-10T19:17:52","guid":{"rendered":"https:\/\/agora.xtec.cat\/escolamartamata\/?p=25344"},"modified":"2023-03-10T20:17:52","modified_gmt":"2023-03-10T19:17:52","slug":"pensem-com-fer-el-cartell","status":"publish","type":"post","link":"https:\/\/agora.xtec.cat\/escolamartamata\/tanits25-26\/2223botigajoguines\/pensem-com-fer-el-cartell\/","title":{"rendered":"PENSEM COM FER EL CARTELL"},"content":{"rendered":"<p>Per poder fer el cartell de la botiga, els hi pregunto en els i les Tabalugues com podran saber els clients de qu\u00e8 \u00e9s la nostra botiga. Engeguem una conversa:<\/p>\n<ul>\n<li>Doncs posem el logo a fora.<\/li>\n<li>Tamb\u00e9 hem de posar el nom.<\/li>\n<li>I on ho posarem? (Mireia)<\/li>\n<li>A sobre de la porta.<\/li>\n<li>Aix\u00ed quan passin el veuran.<\/li>\n<li>A totes les &#8220;tendes&#8221; el nom est\u00e0 a sobre de la porta.<\/li>\n<li>Si el posem a la porta, quan estigui oberta, no es veur\u00e0 el cartell.<\/li>\n<li>L&#8217;hem de posar en el vidre de dalt de la porta.<\/li>\n<li>A la paret.<\/li>\n<li>I com podem saber la mida si est\u00e0 tan amunt? (Mireia)<\/li>\n<li>Doncs el fem &#8220;mediano&#8221;.<\/li>\n<li>Per mesurar-lo podem agafar una escala.<\/li>\n<li>O podem pujar a sobre del moble.<\/li>\n<li>Mireu, la Vero, \u00e9s la responsable de riscos laborals, i ella ens pot dir si podem pujar a sobre del moble o de l&#8217;escala (Mireia)<\/li>\n<li>No podeu pujar ni als mobles ni a sobre d&#8217;una escala, est\u00e0 prohibit, perqu\u00e8 us podr\u00edeu fer mal. (Vero)<\/li>\n<li>El vidre de dalt de la porta \u00e9s quadrat i la porta \u00e9s un rectangle.<\/li>\n<li>El vidre de dalt \u00e9s m\u00e9s (obre els bra\u00e7os per expressar amplada) d&#8217;aqu\u00ed a aqu\u00ed.<\/li>\n<li>\u00c9s m\u00e9s llarg.<\/li>\n<li>Podem posar el cartell a la porta del costat i aix\u00ed el podrem mesurar b\u00e9.<\/li>\n<li>\u00c9s m\u00e9s gran!<\/li>\n<li>I com el mesurarem? (Mireia)<\/li>\n<li>Amb una cinta m\u00e8trica.<\/li>\n<\/ul>\n<p style=\"text-align: justify;\">Doncs dit i fet, en grups de tres ens posem a mesurar el vidre i dibuixem en un paper la forma del cartell i les mides que ens surten.<\/p>\n<p style=\"text-align: justify;\">Quan tenim les mesures clares, els hi portem en els Pinotxos, perqu\u00e8 han d&#8217;anar a comprar a la fusteria i els hi demanem si ens poden comprar una fusta amb les mides que necessitem per fer el nostre cartell.<\/p>\n<p style=\"text-align: center;\"><a href=\"https:\/\/agora.xtec.cat\/escolamartamata\/wp-content\/uploads\/usu1957\/2023\/03\/Diseno-sin-titulo-66.jpg\"><img loading=\"lazy\" decoding=\"async\" class=\"alignnone wp-image-25346\" src=\"https:\/\/agora.xtec.cat\/escolamartamata\/wp-content\/uploads\/usu1957\/2023\/03\/Diseno-sin-titulo-66-300x240.jpg\" alt=\"\" width=\"469\" height=\"375\" srcset=\"https:\/\/agora.xtec.cat\/escolamartamata\/wp-content\/uploads\/usu1957\/2023\/03\/Diseno-sin-titulo-66-300x240.jpg 300w, https:\/\/agora.xtec.cat\/escolamartamata\/wp-content\/uploads\/usu1957\/2023\/03\/Diseno-sin-titulo-66-1024x819.jpg 1024w, https:\/\/agora.xtec.cat\/escolamartamata\/wp-content\/uploads\/usu1957\/2023\/03\/Diseno-sin-titulo-66-768x614.jpg 768w, https:\/\/agora.xtec.cat\/escolamartamata\/wp-content\/uploads\/usu1957\/2023\/03\/Diseno-sin-titulo-66-1536x1229.jpg 1536w, https:\/\/agora.xtec.cat\/escolamartamata\/wp-content\/uploads\/usu1957\/2023\/03\/Diseno-sin-titulo-66.jpg 2000w\" sizes=\"auto, (max-width: 469px) 100vw, 469px\" \/><\/a><\/p>\n<p>Podeu trobar m\u00e9s fotografies a la unitat compartida.<\/p>\n","protected":false},"excerpt":{"rendered":"<p>Per poder fer el cartell de la botiga, els hi pregunto en els i les Tabalugues com podran saber els clients de qu\u00e8 \u00e9s la nostra botiga. Engeguem una conversa:<\/p>\n<ul>\n<li>Doncs posem el logo a fora.<\/li>\n<li>Tamb\u00e9 hem de posar el nom.<\/li>\n<li>I on ho posarem? (Mireia)<\/li>\n<li>A sobre&hellip;  <a href=\"https:\/\/agora.xtec.cat\/escolamartamata\/tanits25-26\/2223botigajoguines\/pensem-com-fer-el-cartell\/\" title=\"Read PENSEM COM FER EL CARTELL\">Llegeix m\u00e9s\u00bb<\/a><br \/>\n","protected":false},"author":8,"featured_media":0,"comment_status":"closed","ping_status":"closed","sticky":false,"template":"","format":"standard","meta":{"_bbp_topic_count":0,"_bbp_reply_count":0,"_bbp_total_topic_count":0,"_bbp_total_reply_count":0,"_bbp_voice_count":0,"_bbp_anonymous_reply_count":0,"_bbp_topic_count_hidden":0,"_bbp_reply_count_hidden":0,"_bbp_forum_subforum_count":0,"footnotes":""},"categories":[458],"tags":[],"class_list":["post-25344","post","type-post","status-publish","format-standard","hentry","category-2223botigajoguines"],"post_mailing_queue_ids":[],"_links":{"self":[{"href":"https:\/\/agora.xtec.cat\/escolamartamata\/wp-json\/wp\/v2\/posts\/25344","targetHints":{"allow":["GET"]}}],"collection":[{"href":"https:\/\/agora.xtec.cat\/escolamartamata\/wp-json\/wp\/v2\/posts"}],"about":[{"href":"https:\/\/agora.xtec.cat\/escolamartamata\/wp-json\/wp\/v2\/types\/post"}],"author":[{"embeddable":true,"href":"https:\/\/agora.xtec.cat\/escolamartamata\/wp-json\/wp\/v2\/users\/8"}],"replies":[{"embeddable":true,"href":"https:\/\/agora.xtec.cat\/escolamartamata\/wp-json\/wp\/v2\/comments?post=25344"}],"version-history":[{"count":3,"href":"https:\/\/agora.xtec.cat\/escolamartamata\/wp-json\/wp\/v2\/posts\/25344\/revisions"}],"predecessor-version":[{"id":25348,"href":"https:\/\/agora.xtec.cat\/escolamartamata\/wp-json\/wp\/v2\/posts\/25344\/revisions\/25348"}],"wp:attachment":[{"href":"https:\/\/agora.xtec.cat\/escolamartamata\/wp-json\/wp\/v2\/media?parent=25344"}],"wp:term":[{"taxonomy":"category","embeddable":true,"href":"https:\/\/agora.xtec.cat\/escolamartamata\/wp-json\/wp\/v2\/categories?post=25344"},{"taxonomy":"post_tag","embeddable":true,"href":"https:\/\/agora.xtec.cat\/escolamartamata\/wp-json\/wp\/v2\/tags?post=25344"}],"curies":[{"name":"wp","href":"https:\/\/api.w.org\/{rel}","templated":true}]}}