{"id":24447,"date":"2023-01-22T19:50:14","date_gmt":"2023-01-22T18:50:14","guid":{"rendered":"https:\/\/agora.xtec.cat\/escolamartamata\/?p=24447"},"modified":"2023-01-23T06:55:15","modified_gmt":"2023-01-23T05:55:15","slug":"la-festa-major-descola-2","status":"publish","type":"post","link":"https:\/\/agora.xtec.cat\/escolamartamata\/portada\/la-festa-major-descola-2\/","title":{"rendered":"LA FESTA MAJOR D&#8217;ESCOLA"},"content":{"rendered":"<p align=\"justify\">El passat <b>12 i 13 de gener<\/b> vam poder gaudir i viure, de nou, la <b>FESTA MAJOR D\u2019ESCOLA<\/b>. Aquesta \u00e9s la nostra festa, la m\u00e9s identit\u00e0ria i especial per a l\u2019escola. Una festa que arriba sempre per Sant Hilari, patr\u00f3 del municipi, i que coincideix amb la festa major d\u2019hivern de Vilanova, la fira del Cam\u00ed Ral.<\/p>\n<p align=\"justify\">Enguany ha estat una festa molt familiar. A excepci\u00f3 del teatre, totes les propostes han estat obertes a les fam\u00edlies. Heu estat moltes les que en un moment o altre heu pogut venir a compartir propostes amb els vostres fills i filles i la veritat \u00e9s que veure l\u2019escola tan plena de petits i grans ens ha omplert el cor. Complicitat, creativitat, somriures i abra\u00e7ades, converses, moments compartits\u2026 un bon grapat de bons moments que fan ESCOLA, fan Marta Mata.<\/p>\n<p align=\"justify\">Vam comen\u00e7ar el <u>dijous<\/u> a la tarda amb els <span style=\"font-family: Caveat, serif;\"><b>TALLERS FAMILIARS: DECOREM L\u2019ESCOLA PER FESTA MAJOR<\/b><\/span><span style=\"font-family: Caveat, serif;\">.<\/span> La pista de l\u2019escola es va convertir en una pla\u00e7a de poble plena de gom a gom, amb fam\u00edlies i infants rient i gaudint de crear junts.<\/p>\n<p align=\"justify\">El <u>divendres<\/u> l\u2019escola obria les portes de forma habitual, tot i que amb una pista decorada per tota la Comunitat Educativa. De lluny, els m\u00e9s petits cercaven amb la mirada algun dels detalls decoratius fets a m\u00e0 el dia anterior, sorpresos alhora que il\u00b7lusionats. La pista feia goig!<\/p>\n<p align=\"justify\">A les 9.15h els Massagrans donaven el tret de sortida amb el <span style=\"font-family: Caveat, serif;\"><b>PREG\u00d3 <\/b><\/span>de Festa Major, fruit d\u2019un treball compartit a l\u2019aula . A continuaci\u00f3, la <span style=\"font-family: Caveat, serif;\"><b>CERCAVILA<\/b><\/span> amenitzava els carrers del voltant de l\u2019escola, encap\u00e7alada pel grup de batucada dels i de les Massagrans i la imatgeria de l\u2019escola. Al tornar, ens esperava la <span style=\"font-family: Caveat, serif;\"><b>XOCOLATA CALENTA<\/b><\/span>, gentilesa de l\u2019AFA, amb pa i melindros. I despr\u00e9s\u2026 a <span style=\"font-family: Caveat, serif;\"><b>JUGAR<\/b><\/span>! Una pista plena de propostes i jocs per gaudir plegats amb l\u2019animaci\u00f3 de<i> Circ de Jocs<\/i>. Per culminar el dia, el <span style=\"font-family: Caveat, serif;\"><b>TEATRE DE FESTA MAJOR<\/b><\/span> \u201c<i>Quan el sol se\u2019n va a la posta<\/i>\u201d a c\u00e0rrec de la companyia <i>Matito<\/i> a Can Papasseit.<\/p>\n<p align=\"justify\">Un dia del m\u00e9s complet i compartit!<\/p>\n<p align=\"justify\">Moltes gr\u00e0cies a tots i totes!<\/p>\n<p style=\"text-align: center;\" align=\"left\"><a href=\"https:\/\/agora.xtec.cat\/escolamartamata\/wp-content\/uploads\/usu1957\/2023\/01\/Collage-FM.jpg\"><img loading=\"lazy\" decoding=\"async\" class=\"alignnone wp-image-24448\" src=\"https:\/\/agora.xtec.cat\/escolamartamata\/wp-content\/uploads\/usu1957\/2023\/01\/Collage-FM-300x212.jpg\" alt=\"\" width=\"460\" height=\"325\" srcset=\"https:\/\/agora.xtec.cat\/escolamartamata\/wp-content\/uploads\/usu1957\/2023\/01\/Collage-FM-300x212.jpg 300w, https:\/\/agora.xtec.cat\/escolamartamata\/wp-content\/uploads\/usu1957\/2023\/01\/Collage-FM-1024x724.jpg 1024w, https:\/\/agora.xtec.cat\/escolamartamata\/wp-content\/uploads\/usu1957\/2023\/01\/Collage-FM-768x543.jpg 768w, https:\/\/agora.xtec.cat\/escolamartamata\/wp-content\/uploads\/usu1957\/2023\/01\/Collage-FM-1536x1086.jpg 1536w, https:\/\/agora.xtec.cat\/escolamartamata\/wp-content\/uploads\/usu1957\/2023\/01\/Collage-FM-2048x1448.jpg 2048w\" sizes=\"auto, (max-width: 460px) 100vw, 460px\" \/><\/a><\/p>\n<p align=\"left\">Podeu trobar m\u00e9s fotografies a la unitat compartida.<\/p>\n","protected":false},"excerpt":{"rendered":"<p>El passat 12 i 13 de gener vam poder gaudir i viure, de nou, la FESTA MAJOR D\u2019ESCOLA. Aquesta \u00e9s la nostra festa, la m\u00e9s identit\u00e0ria i especial per a l\u2019escola. Una festa que arriba sempre per Sant Hilari, patr\u00f3 del municipi, i que coincideix&hellip;  <a href=\"https:\/\/agora.xtec.cat\/escolamartamata\/portada\/la-festa-major-descola-2\/\" title=\"Read LA FESTA MAJOR D&#8217;ESCOLA\">Llegeix m\u00e9s\u00bb<\/a><\/p>\n","protected":false},"author":1,"featured_media":0,"comment_status":"closed","ping_status":"closed","sticky":false,"template":"","format":"standard","meta":{"_bbp_topic_count":0,"_bbp_reply_count":0,"_bbp_total_topic_count":0,"_bbp_total_reply_count":0,"_bbp_voice_count":0,"_bbp_anonymous_reply_count":0,"_bbp_topic_count_hidden":0,"_bbp_reply_count_hidden":0,"_bbp_forum_subforum_count":0,"footnotes":""},"categories":[397,398,399,391,392,393,395,396,4],"tags":[],"class_list":["post-24447","post","type-post","status-publish","format-standard","hentry","category-aa4t-tintins22-23","category-aa5e-petitsprinceps2223","category-aa6e-massagrans-22-23","category-diadiapatufets-patufets2223","category-diadiapinotxos-pinotxos2223","category-diadiatabalugues-tabalugues2223","category-vidaaula-alicies2223","category-vidaaula-tanits2223","category-portada"],"post_mailing_queue_ids":[],"_links":{"self":[{"href":"https:\/\/agora.xtec.cat\/escolamartamata\/wp-json\/wp\/v2\/posts\/24447","targetHints":{"allow":["GET"]}}],"collection":[{"href":"https:\/\/agora.xtec.cat\/escolamartamata\/wp-json\/wp\/v2\/posts"}],"about":[{"href":"https:\/\/agora.xtec.cat\/escolamartamata\/wp-json\/wp\/v2\/types\/post"}],"author":[{"embeddable":true,"href":"https:\/\/agora.xtec.cat\/escolamartamata\/wp-json\/wp\/v2\/users\/1"}],"replies":[{"embeddable":true,"href":"https:\/\/agora.xtec.cat\/escolamartamata\/wp-json\/wp\/v2\/comments?post=24447"}],"version-history":[{"count":2,"href":"https:\/\/agora.xtec.cat\/escolamartamata\/wp-json\/wp\/v2\/posts\/24447\/revisions"}],"predecessor-version":[{"id":24450,"href":"https:\/\/agora.xtec.cat\/escolamartamata\/wp-json\/wp\/v2\/posts\/24447\/revisions\/24450"}],"wp:attachment":[{"href":"https:\/\/agora.xtec.cat\/escolamartamata\/wp-json\/wp\/v2\/media?parent=24447"}],"wp:term":[{"taxonomy":"category","embeddable":true,"href":"https:\/\/agora.xtec.cat\/escolamartamata\/wp-json\/wp\/v2\/categories?post=24447"},{"taxonomy":"post_tag","embeddable":true,"href":"https:\/\/agora.xtec.cat\/escolamartamata\/wp-json\/wp\/v2\/tags?post=24447"}],"curies":[{"name":"wp","href":"https:\/\/api.w.org\/{rel}","templated":true}]}}