{"id":21990,"date":"2022-06-03T16:20:48","date_gmt":"2022-06-03T14:20:48","guid":{"rendered":"https:\/\/agora.xtec.cat\/escolamartamata\/?p=21990"},"modified":"2022-06-03T16:20:48","modified_gmt":"2022-06-03T14:20:48","slug":"tancament-del-projecte","status":"publish","type":"post","link":"https:\/\/agora.xtec.cat\/escolamartamata\/tanits25-26\/2122diapinotxos\/tancament-del-projecte\/","title":{"rendered":"TANCAMENT DEL PROJECTE"},"content":{"rendered":"<p style=\"text-align: justify;\">Per fi ha arribat el tancament del nostre projecte. Els i les Pinotxos ja fa dies que comptaven quants dies quedaven per poder obrir la botiga.<\/p>\n<p style=\"text-align: justify;\">Dimecres al\u00a0 mat\u00ed hem estat preparant el gimn\u00e0s amb les cadires, les taules de la botiga, i tots els detalls necessaris per dur a terme el nostre tancament.<\/p>\n<p style=\"text-align: justify;\">A la tarda han arribat els nostres convidats i convidades, i despr\u00e9s de revisar que el seu nom estigu\u00e9s a la llista s&#8217;han acomodat per escoltar l&#8217;explicaci\u00f3 de com ha anat el nostre projecte.<\/p>\n<p style=\"text-align: justify;\">Seguidament les fam\u00edlies han pogut comprar a la botiga i mirar els expositors amb totes les nostres feines. A l&#8217;hora de pagar nosaltres hem estat els responsables de comptar els articles que s&#8217;emportaven i els diners que ens donaven.<\/p>\n<p style=\"text-align: justify;\">El dijous els nens i nenes de l&#8217;escola, que han volgut, han pogut comprar a la nostra botiga i col.laborar tamb\u00e9 en la recollida de diners per ajudar als infants de los Campitos.<\/p>\n<p style=\"text-align: center;\"><a href=\"https:\/\/agora.xtec.cat\/escolamartamata\/wp-content\/uploads\/usu1957\/2022\/06\/Diseno-sin-titulo-35.jpg\"><img loading=\"lazy\" decoding=\"async\" class=\"alignnone wp-image-22007\" src=\"https:\/\/agora.xtec.cat\/escolamartamata\/wp-content\/uploads\/usu1957\/2022\/06\/Diseno-sin-titulo-35-300x240.jpg\" alt=\"\" width=\"486\" height=\"389\" srcset=\"https:\/\/agora.xtec.cat\/escolamartamata\/wp-content\/uploads\/usu1957\/2022\/06\/Diseno-sin-titulo-35-300x240.jpg 300w, https:\/\/agora.xtec.cat\/escolamartamata\/wp-content\/uploads\/usu1957\/2022\/06\/Diseno-sin-titulo-35-1024x819.jpg 1024w, https:\/\/agora.xtec.cat\/escolamartamata\/wp-content\/uploads\/usu1957\/2022\/06\/Diseno-sin-titulo-35-768x614.jpg 768w, https:\/\/agora.xtec.cat\/escolamartamata\/wp-content\/uploads\/usu1957\/2022\/06\/Diseno-sin-titulo-35-1536x1229.jpg 1536w, https:\/\/agora.xtec.cat\/escolamartamata\/wp-content\/uploads\/usu1957\/2022\/06\/Diseno-sin-titulo-35.jpg 2000w\" sizes=\"auto, (max-width: 486px) 100vw, 486px\" \/><\/a><\/p>\n<p>Podeu trobar m\u00e9s fotografies al DRIVE.<\/p>\n","protected":false},"excerpt":{"rendered":"<p>Per fi ha arribat el tancament del nostre projecte. Els i les Pinotxos ja fa dies que comptaven quants dies quedaven per poder obrir la botiga.<br \/>\nDimecres al\u00a0 mat\u00ed hem estat preparant el gimn\u00e0s amb les cadires, les taules de la botiga, i tots els detalls&hellip;  <a href=\"https:\/\/agora.xtec.cat\/escolamartamata\/tanits25-26\/2122diapinotxos\/tancament-del-projecte\/\" title=\"Read TANCAMENT DEL PROJECTE\">Llegeix m\u00e9s\u00bb<\/a><\/p>\n","protected":false},"author":8,"featured_media":0,"comment_status":"closed","ping_status":"closed","sticky":false,"template":"","format":"standard","meta":{"_bbp_topic_count":0,"_bbp_reply_count":0,"_bbp_total_topic_count":0,"_bbp_total_reply_count":0,"_bbp_voice_count":0,"_bbp_anonymous_reply_count":0,"_bbp_topic_count_hidden":0,"_bbp_reply_count_hidden":0,"_bbp_forum_subforum_count":0,"footnotes":""},"categories":[309],"tags":[],"class_list":["post-21990","post","type-post","status-publish","format-standard","hentry","category-2122diapinotxos"],"post_mailing_queue_ids":[],"_links":{"self":[{"href":"https:\/\/agora.xtec.cat\/escolamartamata\/wp-json\/wp\/v2\/posts\/21990","targetHints":{"allow":["GET"]}}],"collection":[{"href":"https:\/\/agora.xtec.cat\/escolamartamata\/wp-json\/wp\/v2\/posts"}],"about":[{"href":"https:\/\/agora.xtec.cat\/escolamartamata\/wp-json\/wp\/v2\/types\/post"}],"author":[{"embeddable":true,"href":"https:\/\/agora.xtec.cat\/escolamartamata\/wp-json\/wp\/v2\/users\/8"}],"replies":[{"embeddable":true,"href":"https:\/\/agora.xtec.cat\/escolamartamata\/wp-json\/wp\/v2\/comments?post=21990"}],"version-history":[{"count":3,"href":"https:\/\/agora.xtec.cat\/escolamartamata\/wp-json\/wp\/v2\/posts\/21990\/revisions"}],"predecessor-version":[{"id":22008,"href":"https:\/\/agora.xtec.cat\/escolamartamata\/wp-json\/wp\/v2\/posts\/21990\/revisions\/22008"}],"wp:attachment":[{"href":"https:\/\/agora.xtec.cat\/escolamartamata\/wp-json\/wp\/v2\/media?parent=21990"}],"wp:term":[{"taxonomy":"category","embeddable":true,"href":"https:\/\/agora.xtec.cat\/escolamartamata\/wp-json\/wp\/v2\/categories?post=21990"},{"taxonomy":"post_tag","embeddable":true,"href":"https:\/\/agora.xtec.cat\/escolamartamata\/wp-json\/wp\/v2\/tags?post=21990"}],"curies":[{"name":"wp","href":"https:\/\/api.w.org\/{rel}","templated":true}]}}