{"id":21971,"date":"2022-06-01T09:41:16","date_gmt":"2022-06-01T07:41:16","guid":{"rendered":"https:\/\/agora.xtec.cat\/escolamartamata\/?p=21971"},"modified":"2022-06-07T05:08:45","modified_gmt":"2022-06-07T03:08:45","slug":"nous-espais-les-biblioteques-de-pati","status":"publish","type":"post","link":"https:\/\/agora.xtec.cat\/escolamartamata\/portada\/nous-espais-les-biblioteques-de-pati\/","title":{"rendered":"NOUS ESPAIS: LES BIBLIOTEQUES DE PATI"},"content":{"rendered":"<p style=\"text-align: justify;\">Aquest curs hem estat treballant molt en les biblioteques de les aules, pensant en els projectes que s&#8217;hi desenvolupen i els llibres que poden ser m\u00e9s adequats. Hem ampliat el fons bibliogr\u00e0fic adquirint llibres i contes, per totes les comunitats, en catal\u00e0, castell\u00e0 i tamb\u00e9 en llengua anglesa. Hem comen\u00e7at a pensar i dissenyar un nou espai lector com\u00fa pels m\u00e9s grans de l&#8217;escola, que esperem pugui utilitzar-se de cara al curs vinent.<\/p>\n<p style=\"text-align: justify;\">Amb tot, com que pensem que de llibres n&#8217;hem de tenir arreu, el plat fort del curs han estat les noves biblioteques de pati, una pels Petits i una altra pels Mitjans i Grans. Aquest dimarts n&#8217;hem fet la inauguraci\u00f3 oficial en qu\u00e8 hi han participat lectors de les tres comunitats, acompanyats d&#8217;artistes de la comunitat de Grans.<\/p>\n<p style=\"text-align: center;\"><a href=\"https:\/\/agora.xtec.cat\/escolamartamata\/wp-content\/uploads\/usu1957\/2022\/06\/Bibliospati.jpg\"><img loading=\"lazy\" decoding=\"async\" class=\"alignnone  wp-image-21973\" src=\"https:\/\/agora.xtec.cat\/escolamartamata\/wp-content\/uploads\/usu1957\/2022\/06\/Bibliospati-300x240.jpg\" alt=\"\" width=\"508\" height=\"406\" srcset=\"https:\/\/agora.xtec.cat\/escolamartamata\/wp-content\/uploads\/usu1957\/2022\/06\/Bibliospati-300x240.jpg 300w, https:\/\/agora.xtec.cat\/escolamartamata\/wp-content\/uploads\/usu1957\/2022\/06\/Bibliospati-1024x819.jpg 1024w, https:\/\/agora.xtec.cat\/escolamartamata\/wp-content\/uploads\/usu1957\/2022\/06\/Bibliospati-768x614.jpg 768w, https:\/\/agora.xtec.cat\/escolamartamata\/wp-content\/uploads\/usu1957\/2022\/06\/Bibliospati-1536x1229.jpg 1536w, https:\/\/agora.xtec.cat\/escolamartamata\/wp-content\/uploads\/usu1957\/2022\/06\/Bibliospati.jpg 2000w\" sizes=\"auto, (max-width: 508px) 100vw, 508px\" \/><\/a><\/p>\n","protected":false},"excerpt":{"rendered":"<p>Aquest curs hem estat treballant molt en les biblioteques de les aules, pensant en els projectes que s&#8217;hi desenvolupen i els llibres que poden ser m\u00e9s adequats. Hem ampliat el fons bibliogr\u00e0fic adquirint llibres i contes, per totes les comunitats, en catal\u00e0, castell\u00e0 i tamb\u00e9&hellip;  <a href=\"https:\/\/agora.xtec.cat\/escolamartamata\/portada\/nous-espais-les-biblioteques-de-pati\/\" title=\"Read NOUS ESPAIS: LES BIBLIOTEQUES DE PATI\">Llegeix m\u00e9s\u00bb<\/a><\/p>\n","protected":false},"author":1,"featured_media":0,"comment_status":"closed","ping_status":"closed","sticky":false,"template":"","format":"standard","meta":{"_bbp_topic_count":0,"_bbp_reply_count":0,"_bbp_total_topic_count":0,"_bbp_total_reply_count":0,"_bbp_voice_count":0,"_bbp_anonymous_reply_count":0,"_bbp_topic_count_hidden":0,"_bbp_reply_count_hidden":0,"_bbp_forum_subforum_count":0,"footnotes":""},"categories":[309,288,4],"tags":[],"class_list":["post-21971","post","type-post","status-publish","format-standard","hentry","category-2122diapinotxos","category-espailector","category-portada"],"post_mailing_queue_ids":[],"_links":{"self":[{"href":"https:\/\/agora.xtec.cat\/escolamartamata\/wp-json\/wp\/v2\/posts\/21971","targetHints":{"allow":["GET"]}}],"collection":[{"href":"https:\/\/agora.xtec.cat\/escolamartamata\/wp-json\/wp\/v2\/posts"}],"about":[{"href":"https:\/\/agora.xtec.cat\/escolamartamata\/wp-json\/wp\/v2\/types\/post"}],"author":[{"embeddable":true,"href":"https:\/\/agora.xtec.cat\/escolamartamata\/wp-json\/wp\/v2\/users\/1"}],"replies":[{"embeddable":true,"href":"https:\/\/agora.xtec.cat\/escolamartamata\/wp-json\/wp\/v2\/comments?post=21971"}],"version-history":[{"count":3,"href":"https:\/\/agora.xtec.cat\/escolamartamata\/wp-json\/wp\/v2\/posts\/21971\/revisions"}],"predecessor-version":[{"id":22018,"href":"https:\/\/agora.xtec.cat\/escolamartamata\/wp-json\/wp\/v2\/posts\/21971\/revisions\/22018"}],"wp:attachment":[{"href":"https:\/\/agora.xtec.cat\/escolamartamata\/wp-json\/wp\/v2\/media?parent=21971"}],"wp:term":[{"taxonomy":"category","embeddable":true,"href":"https:\/\/agora.xtec.cat\/escolamartamata\/wp-json\/wp\/v2\/categories?post=21971"},{"taxonomy":"post_tag","embeddable":true,"href":"https:\/\/agora.xtec.cat\/escolamartamata\/wp-json\/wp\/v2\/tags?post=21971"}],"curies":[{"name":"wp","href":"https:\/\/api.w.org\/{rel}","templated":true}]}}