{"id":21961,"date":"2022-05-31T22:24:18","date_gmt":"2022-05-31T20:24:18","guid":{"rendered":"https:\/\/agora.xtec.cat\/escolamartamata\/?p=21961"},"modified":"2022-05-31T22:24:18","modified_gmt":"2022-05-31T20:24:18","slug":"educacio-fisica-sobre-rodes","status":"publish","type":"post","link":"https:\/\/agora.xtec.cat\/escolamartamata\/petitsprinceps25-26\/vidaaula\/educacio-fisica-sobre-rodes\/","title":{"rendered":"EDUCACI\u00d3 F\u00cdSICA SOBRE RODES"},"content":{"rendered":"<p style=\"text-align: justify;\"><span style=\"font-weight: 400;\">El dilluns 30 de maig els Rovellons vam gaudir d\u2019una sessi\u00f3 d\u2019Educaci\u00f3 F\u00edsica molt diferent. Vam dur a l\u2019escola el nostre patinet, la nostra bicicleta o b\u00e9 els nostres patins. Per\u00f2 hi havia una consigna molt important, tothom havia de portar un casc per seguretat.<\/span><\/p>\n<p style=\"text-align: justify;\"><span style=\"font-weight: 400;\">Primer de tot, vam poder rodar a la pista lliurement amb la resta de companys i companyes. Vam compartir espai i vam conviure\u00a0 tots i totes amb les bicicletes, els patines i els patins. <\/span><span style=\"font-weight: 400;\">Seguidament, per petits grups vam elaborar els nostres propis circuits d\u2019habilitats, els vam fer amb: cordes, cons, cercles\u2026 A m\u00e9s a m\u00e9s, si vol\u00edem, tamb\u00e9 pod\u00edem dibuixar amb guixos a la pista el nostre circuit.\u00a0<\/span><\/p>\n<p><span style=\"font-weight: 400;\">Cada grup es va organitzar i aut\u00f2nomament van decidir normes i els obstacles. <\/span><span style=\"text-decoration: underline;\">Hem fet una gran feina en equip!<\/span><\/p>\n<p style=\"text-align: center;\"><strong>ENS HO HEM PASSAT D&#8217;ALL\u00d2 M\u00c9S B\u00c9!\u00a0<\/strong><\/p>\n<p><a href=\"https:\/\/agora.xtec.cat\/escolamartamata\/wp-content\/uploads\/usu1957\/2022\/05\/e.f-amb-rodes.jpg\"><img loading=\"lazy\" decoding=\"async\" class=\" wp-image-21962 aligncenter\" src=\"https:\/\/agora.xtec.cat\/escolamartamata\/wp-content\/uploads\/usu1957\/2022\/05\/e.f-amb-rodes-300x212.jpg\" alt=\"\" width=\"477\" height=\"337\" srcset=\"https:\/\/agora.xtec.cat\/escolamartamata\/wp-content\/uploads\/usu1957\/2022\/05\/e.f-amb-rodes-300x212.jpg 300w, https:\/\/agora.xtec.cat\/escolamartamata\/wp-content\/uploads\/usu1957\/2022\/05\/e.f-amb-rodes-1024x724.jpg 1024w, https:\/\/agora.xtec.cat\/escolamartamata\/wp-content\/uploads\/usu1957\/2022\/05\/e.f-amb-rodes-768x543.jpg 768w, https:\/\/agora.xtec.cat\/escolamartamata\/wp-content\/uploads\/usu1957\/2022\/05\/e.f-amb-rodes-1536x1086.jpg 1536w, https:\/\/agora.xtec.cat\/escolamartamata\/wp-content\/uploads\/usu1957\/2022\/05\/e.f-amb-rodes-2048x1448.jpg 2048w\" sizes=\"auto, (max-width: 477px) 100vw, 477px\" \/><\/a><\/p>\n","protected":false},"excerpt":{"rendered":"<p>El dilluns 30 de maig els Rovellons vam gaudir d\u2019una sessi\u00f3 d\u2019Educaci\u00f3 F\u00edsica molt diferent. Vam dur a l\u2019escola el nostre patinet, la nostra bicicleta o b\u00e9 els nostres patins. Per\u00f2 hi havia una consigna molt important, tothom havia de portar un casc per seguretat.<br \/>\nPrimer&hellip;  <a href=\"https:\/\/agora.xtec.cat\/escolamartamata\/petitsprinceps25-26\/vidaaula\/educacio-fisica-sobre-rodes\/\" title=\"Read EDUCACI\u00d3 F\u00cdSICA SOBRE RODES\">Llegeix m\u00e9s\u00bb<\/a><\/p>\n","protected":false},"author":60,"featured_media":0,"comment_status":"closed","ping_status":"closed","sticky":false,"template":"","format":"standard","meta":{"_bbp_topic_count":0,"_bbp_reply_count":0,"_bbp_total_topic_count":0,"_bbp_total_reply_count":0,"_bbp_voice_count":0,"_bbp_anonymous_reply_count":0,"_bbp_topic_count_hidden":0,"_bbp_reply_count_hidden":0,"_bbp_forum_subforum_count":0,"footnotes":""},"categories":[324,321],"tags":[],"class_list":["post-21961","post","type-post","status-publish","format-standard","hentry","category-ef1r","category-vidaaula"],"post_mailing_queue_ids":[],"_links":{"self":[{"href":"https:\/\/agora.xtec.cat\/escolamartamata\/wp-json\/wp\/v2\/posts\/21961","targetHints":{"allow":["GET"]}}],"collection":[{"href":"https:\/\/agora.xtec.cat\/escolamartamata\/wp-json\/wp\/v2\/posts"}],"about":[{"href":"https:\/\/agora.xtec.cat\/escolamartamata\/wp-json\/wp\/v2\/types\/post"}],"author":[{"embeddable":true,"href":"https:\/\/agora.xtec.cat\/escolamartamata\/wp-json\/wp\/v2\/users\/60"}],"replies":[{"embeddable":true,"href":"https:\/\/agora.xtec.cat\/escolamartamata\/wp-json\/wp\/v2\/comments?post=21961"}],"version-history":[{"count":1,"href":"https:\/\/agora.xtec.cat\/escolamartamata\/wp-json\/wp\/v2\/posts\/21961\/revisions"}],"predecessor-version":[{"id":21963,"href":"https:\/\/agora.xtec.cat\/escolamartamata\/wp-json\/wp\/v2\/posts\/21961\/revisions\/21963"}],"wp:attachment":[{"href":"https:\/\/agora.xtec.cat\/escolamartamata\/wp-json\/wp\/v2\/media?parent=21961"}],"wp:term":[{"taxonomy":"category","embeddable":true,"href":"https:\/\/agora.xtec.cat\/escolamartamata\/wp-json\/wp\/v2\/categories?post=21961"},{"taxonomy":"post_tag","embeddable":true,"href":"https:\/\/agora.xtec.cat\/escolamartamata\/wp-json\/wp\/v2\/tags?post=21961"}],"curies":[{"name":"wp","href":"https:\/\/api.w.org\/{rel}","templated":true}]}}