{"id":21780,"date":"2022-05-19T20:16:55","date_gmt":"2022-05-19T18:16:55","guid":{"rendered":"https:\/\/agora.xtec.cat\/escolamartamata\/?p=21780"},"modified":"2022-05-19T20:16:55","modified_gmt":"2022-05-19T18:16:55","slug":"fem-recompte-de-convidats-i-convidades","status":"publish","type":"post","link":"https:\/\/agora.xtec.cat\/escolamartamata\/tanits25-26\/2122campitos\/fem-recompte-de-convidats-i-convidades\/","title":{"rendered":"FEM RECOMPTE DE CONVIDATS I CONVIDADES"},"content":{"rendered":"<p style=\"text-align: justify;\">Aquest mat\u00ed hem estat comptant quantes persones i fam\u00edlies vindran al tancament del nostre projecte d&#8217;aula.<\/p>\n<p style=\"text-align: justify;\">Cada infant ha agafat la seva invitaci\u00f3 i li ha col.locat tants ninos com persones venen al tancament. Si venen m\u00e9s d&#8217;una, els ninos els han enganxat per les mans.<\/p>\n<p style=\"text-align: justify;\">Hem anat col.locant totes les invitacions en el banc i a sobre cadasc\u00fa ha posat els ninos corresponents. Un cop els hem tingut tots, ha arribat el moment de comptar.<\/p>\n<p style=\"text-align: justify;\">Diversos Pinotxos han comptat per\u00f2 tots deien resultats diferents. Finalment hem arribat a la conclusi\u00f3 que hav\u00edem de col.locar tots els ninos fent una filera perqu\u00e8 aix\u00ed ens resultaria m\u00e9s f\u00e0cil. Entre tots i totes comptem els ninos i ens surten 27.<\/p>\n<p style=\"text-align: justify;\">I quantes fam\u00edlies vindran? els hi preguntem. Un Pinotxo aixeca la m\u00e0 i diu &#8220;hem de comptar els grups de ninos&#8221; , ho fa i diu &#8220;vindran 17&#8221;.<\/p>\n<p style=\"text-align: center;\"><a href=\"https:\/\/agora.xtec.cat\/escolamartamata\/wp-content\/uploads\/usu1957\/2022\/05\/Diseno-sin-titulo-32.jpg\"><img loading=\"lazy\" decoding=\"async\" class=\"alignnone wp-image-21797\" src=\"https:\/\/agora.xtec.cat\/escolamartamata\/wp-content\/uploads\/usu1957\/2022\/05\/Diseno-sin-titulo-32-300x240.jpg\" alt=\"\" width=\"428\" height=\"342\" srcset=\"https:\/\/agora.xtec.cat\/escolamartamata\/wp-content\/uploads\/usu1957\/2022\/05\/Diseno-sin-titulo-32-300x240.jpg 300w, https:\/\/agora.xtec.cat\/escolamartamata\/wp-content\/uploads\/usu1957\/2022\/05\/Diseno-sin-titulo-32-1024x819.jpg 1024w, https:\/\/agora.xtec.cat\/escolamartamata\/wp-content\/uploads\/usu1957\/2022\/05\/Diseno-sin-titulo-32-768x614.jpg 768w, https:\/\/agora.xtec.cat\/escolamartamata\/wp-content\/uploads\/usu1957\/2022\/05\/Diseno-sin-titulo-32-1536x1229.jpg 1536w, https:\/\/agora.xtec.cat\/escolamartamata\/wp-content\/uploads\/usu1957\/2022\/05\/Diseno-sin-titulo-32.jpg 2000w\" sizes=\"auto, (max-width: 428px) 100vw, 428px\" \/><\/a><\/p>\n<p>Podeu trobar m\u00e9s fotografies al DRIVE.<\/p>\n","protected":false},"excerpt":{"rendered":"<p>Aquest mat\u00ed hem estat comptant quantes persones i fam\u00edlies vindran al tancament del nostre projecte d&#8217;aula.<br \/>\nCada infant ha agafat la seva invitaci\u00f3 i li ha col.locat tants ninos com persones venen al tancament. Si venen m\u00e9s d&#8217;una, els ninos els han enganxat per les mans.<br \/>\nHem&hellip;  <a href=\"https:\/\/agora.xtec.cat\/escolamartamata\/tanits25-26\/2122campitos\/fem-recompte-de-convidats-i-convidades\/\" title=\"Read FEM RECOMPTE DE CONVIDATS I CONVIDADES\">Llegeix m\u00e9s\u00bb<\/a><\/p>\n","protected":false},"author":8,"featured_media":0,"comment_status":"closed","ping_status":"closed","sticky":false,"template":"","format":"standard","meta":{"_bbp_topic_count":0,"_bbp_reply_count":0,"_bbp_total_topic_count":0,"_bbp_total_reply_count":0,"_bbp_voice_count":0,"_bbp_anonymous_reply_count":0,"_bbp_topic_count_hidden":0,"_bbp_reply_count_hidden":0,"_bbp_forum_subforum_count":0,"footnotes":""},"categories":[383],"tags":[],"class_list":["post-21780","post","type-post","status-publish","format-standard","hentry","category-2122campitos"],"post_mailing_queue_ids":[],"_links":{"self":[{"href":"https:\/\/agora.xtec.cat\/escolamartamata\/wp-json\/wp\/v2\/posts\/21780","targetHints":{"allow":["GET"]}}],"collection":[{"href":"https:\/\/agora.xtec.cat\/escolamartamata\/wp-json\/wp\/v2\/posts"}],"about":[{"href":"https:\/\/agora.xtec.cat\/escolamartamata\/wp-json\/wp\/v2\/types\/post"}],"author":[{"embeddable":true,"href":"https:\/\/agora.xtec.cat\/escolamartamata\/wp-json\/wp\/v2\/users\/8"}],"replies":[{"embeddable":true,"href":"https:\/\/agora.xtec.cat\/escolamartamata\/wp-json\/wp\/v2\/comments?post=21780"}],"version-history":[{"count":3,"href":"https:\/\/agora.xtec.cat\/escolamartamata\/wp-json\/wp\/v2\/posts\/21780\/revisions"}],"predecessor-version":[{"id":21798,"href":"https:\/\/agora.xtec.cat\/escolamartamata\/wp-json\/wp\/v2\/posts\/21780\/revisions\/21798"}],"wp:attachment":[{"href":"https:\/\/agora.xtec.cat\/escolamartamata\/wp-json\/wp\/v2\/media?parent=21780"}],"wp:term":[{"taxonomy":"category","embeddable":true,"href":"https:\/\/agora.xtec.cat\/escolamartamata\/wp-json\/wp\/v2\/categories?post=21780"},{"taxonomy":"post_tag","embeddable":true,"href":"https:\/\/agora.xtec.cat\/escolamartamata\/wp-json\/wp\/v2\/tags?post=21780"}],"curies":[{"name":"wp","href":"https:\/\/api.w.org\/{rel}","templated":true}]}}