{"id":21039,"date":"2022-03-25T15:26:51","date_gmt":"2022-03-25T14:26:51","guid":{"rendered":"https:\/\/agora.xtec.cat\/escolamartamata\/?p=21039"},"modified":"2022-03-25T15:26:51","modified_gmt":"2022-03-25T14:26:51","slug":"lectura-matinal-6","status":"publish","type":"post","link":"https:\/\/agora.xtec.cat\/escolamartamata\/tanits25-26\/2122diapinotxos\/lectura-matinal-6\/","title":{"rendered":"LECTURA MATINAL"},"content":{"rendered":"<p style=\"text-align: justify;\">Aquesta setmana ens ha tocat una altra vegada poder gaudir de la companyia de les nostres fam\u00edlies a l&#8217;estona de la lectura matinal.<\/p>\n<p style=\"text-align: justify;\">Moltes gr\u00e0cies a totes les fam\u00edlies que feu l&#8217;esfor\u00e7 per venir a gaudir d&#8217;aquesta activitat amb els vostres fills i filles. Per ells \u00e9s molt emocionant veure-us a l&#8217;escola i poder gaudir d&#8217;aquesta activitat plegats.<\/p>\n<p style=\"text-align: center;\"><a href=\"https:\/\/agora.xtec.cat\/escolamartamata\/wp-content\/uploads\/usu1957\/2022\/03\/Lectura-matinal-1.jpg\"><img loading=\"lazy\" decoding=\"async\" class=\"alignnone wp-image-21106\" src=\"https:\/\/agora.xtec.cat\/escolamartamata\/wp-content\/uploads\/usu1957\/2022\/03\/Lectura-matinal-1-300x240.jpg\" alt=\"\" width=\"463\" height=\"370\" srcset=\"https:\/\/agora.xtec.cat\/escolamartamata\/wp-content\/uploads\/usu1957\/2022\/03\/Lectura-matinal-1-300x240.jpg 300w, https:\/\/agora.xtec.cat\/escolamartamata\/wp-content\/uploads\/usu1957\/2022\/03\/Lectura-matinal-1-768x614.jpg 768w, https:\/\/agora.xtec.cat\/escolamartamata\/wp-content\/uploads\/usu1957\/2022\/03\/Lectura-matinal-1.jpg 945w\" sizes=\"auto, (max-width: 463px) 100vw, 463px\" \/><\/a><\/p>\n","protected":false},"excerpt":{"rendered":"<p>Aquesta setmana ens ha tocat una altra vegada poder gaudir de la companyia de les nostres fam\u00edlies a l&#8217;estona de la lectura matinal.<br \/>\nMoltes gr\u00e0cies a totes les fam\u00edlies que feu l&#8217;esfor\u00e7 per venir a gaudir d&#8217;aquesta activitat amb els vostres fills i filles. Per ells&hellip;  <a href=\"https:\/\/agora.xtec.cat\/escolamartamata\/tanits25-26\/2122diapinotxos\/lectura-matinal-6\/\" title=\"Read LECTURA MATINAL\">Llegeix m\u00e9s\u00bb<\/a><\/p>\n","protected":false},"author":8,"featured_media":0,"comment_status":"closed","ping_status":"closed","sticky":false,"template":"","format":"standard","meta":{"_bbp_topic_count":0,"_bbp_reply_count":0,"_bbp_total_topic_count":0,"_bbp_total_reply_count":0,"_bbp_voice_count":0,"_bbp_anonymous_reply_count":0,"_bbp_topic_count_hidden":0,"_bbp_reply_count_hidden":0,"_bbp_forum_subforum_count":0,"footnotes":""},"categories":[309],"tags":[],"class_list":["post-21039","post","type-post","status-publish","format-standard","hentry","category-2122diapinotxos"],"post_mailing_queue_ids":[],"_links":{"self":[{"href":"https:\/\/agora.xtec.cat\/escolamartamata\/wp-json\/wp\/v2\/posts\/21039","targetHints":{"allow":["GET"]}}],"collection":[{"href":"https:\/\/agora.xtec.cat\/escolamartamata\/wp-json\/wp\/v2\/posts"}],"about":[{"href":"https:\/\/agora.xtec.cat\/escolamartamata\/wp-json\/wp\/v2\/types\/post"}],"author":[{"embeddable":true,"href":"https:\/\/agora.xtec.cat\/escolamartamata\/wp-json\/wp\/v2\/users\/8"}],"replies":[{"embeddable":true,"href":"https:\/\/agora.xtec.cat\/escolamartamata\/wp-json\/wp\/v2\/comments?post=21039"}],"version-history":[{"count":3,"href":"https:\/\/agora.xtec.cat\/escolamartamata\/wp-json\/wp\/v2\/posts\/21039\/revisions"}],"predecessor-version":[{"id":21107,"href":"https:\/\/agora.xtec.cat\/escolamartamata\/wp-json\/wp\/v2\/posts\/21039\/revisions\/21107"}],"wp:attachment":[{"href":"https:\/\/agora.xtec.cat\/escolamartamata\/wp-json\/wp\/v2\/media?parent=21039"}],"wp:term":[{"taxonomy":"category","embeddable":true,"href":"https:\/\/agora.xtec.cat\/escolamartamata\/wp-json\/wp\/v2\/categories?post=21039"},{"taxonomy":"post_tag","embeddable":true,"href":"https:\/\/agora.xtec.cat\/escolamartamata\/wp-json\/wp\/v2\/tags?post=21039"}],"curies":[{"name":"wp","href":"https:\/\/api.w.org\/{rel}","templated":true}]}}