{"id":20004,"date":"2022-01-13T21:35:35","date_gmt":"2022-01-13T20:35:35","guid":{"rendered":"https:\/\/agora.xtec.cat\/escolamartamata\/?p=20004"},"modified":"2022-01-16T18:43:26","modified_gmt":"2022-01-16T17:43:26","slug":"fem-coets","status":"publish","type":"post","link":"https:\/\/agora.xtec.cat\/escolamartamata\/tanits25-26\/2122diapinotxos\/fem-coets\/","title":{"rendered":"FEM COETS"},"content":{"rendered":"<p style=\"text-align: justify;\">Per preparar la Festa Major, tots els nens i nenes de l&#8217;escola, treballem de valent per fer una decoraci\u00f3 que estigui a l&#8217;al\u00e7ada de la nostra Festa.<\/p>\n<p style=\"text-align: justify;\">Els m\u00e9s petits ens encarreguem de fer coets, els mitjans les banderoles i els m\u00e9s grans la decoraci\u00f3 de l&#8217;escenari per fer el preg\u00f3.<\/p>\n<p style=\"text-align: justify;\">Primer pintem els cilindres de cartr\u00f3 amb pintura, i quan estan ben secs els decorem amb els retoladors platejats i daurats. Finalment els hi enganxem unes cintes de paper de celofana que brillen amb el sol.<\/p>\n<p>Tots aquests coets els pengem a la pista on es far\u00e0 el preg\u00f3 i la cercavila.<\/p>\n<p style=\"text-align: center;\"><a href=\"https:\/\/agora.xtec.cat\/escolamartamata\/wp-content\/uploads\/usu1957\/2022\/01\/Fem-coets-1.jpg\"><img loading=\"lazy\" decoding=\"async\" class=\"alignnone wp-image-20052\" src=\"https:\/\/agora.xtec.cat\/escolamartamata\/wp-content\/uploads\/usu1957\/2022\/01\/Fem-coets-1-300x240.jpg\" alt=\"\" width=\"421\" height=\"337\" srcset=\"https:\/\/agora.xtec.cat\/escolamartamata\/wp-content\/uploads\/usu1957\/2022\/01\/Fem-coets-1-300x240.jpg 300w, https:\/\/agora.xtec.cat\/escolamartamata\/wp-content\/uploads\/usu1957\/2022\/01\/Fem-coets-1-768x614.jpg 768w, https:\/\/agora.xtec.cat\/escolamartamata\/wp-content\/uploads\/usu1957\/2022\/01\/Fem-coets-1.jpg 945w\" sizes=\"auto, (max-width: 421px) 100vw, 421px\" \/><\/a><\/p>\n<p>Podeu trobar m\u00e9s fotografies al DRIVE.<\/p>\n","protected":false},"excerpt":{"rendered":"<p>Per preparar la Festa Major, tots els nens i nenes de l&#8217;escola, treballem de valent per fer una decoraci\u00f3 que estigui a l&#8217;al\u00e7ada de la nostra Festa.<br \/>\nEls m\u00e9s petits ens encarreguem de fer coets, els mitjans les banderoles i els m\u00e9s grans la decoraci\u00f3 de&hellip;  <a href=\"https:\/\/agora.xtec.cat\/escolamartamata\/tanits25-26\/2122diapinotxos\/fem-coets\/\" title=\"Read FEM COETS\">Llegeix m\u00e9s\u00bb<\/a><\/p>\n","protected":false},"author":8,"featured_media":0,"comment_status":"closed","ping_status":"closed","sticky":false,"template":"","format":"standard","meta":{"_bbp_topic_count":0,"_bbp_reply_count":0,"_bbp_total_topic_count":0,"_bbp_total_reply_count":0,"_bbp_voice_count":0,"_bbp_anonymous_reply_count":0,"_bbp_topic_count_hidden":0,"_bbp_reply_count_hidden":0,"_bbp_forum_subforum_count":0,"footnotes":""},"categories":[309],"tags":[],"class_list":["post-20004","post","type-post","status-publish","format-standard","hentry","category-2122diapinotxos"],"post_mailing_queue_ids":[],"_links":{"self":[{"href":"https:\/\/agora.xtec.cat\/escolamartamata\/wp-json\/wp\/v2\/posts\/20004","targetHints":{"allow":["GET"]}}],"collection":[{"href":"https:\/\/agora.xtec.cat\/escolamartamata\/wp-json\/wp\/v2\/posts"}],"about":[{"href":"https:\/\/agora.xtec.cat\/escolamartamata\/wp-json\/wp\/v2\/types\/post"}],"author":[{"embeddable":true,"href":"https:\/\/agora.xtec.cat\/escolamartamata\/wp-json\/wp\/v2\/users\/8"}],"replies":[{"embeddable":true,"href":"https:\/\/agora.xtec.cat\/escolamartamata\/wp-json\/wp\/v2\/comments?post=20004"}],"version-history":[{"count":3,"href":"https:\/\/agora.xtec.cat\/escolamartamata\/wp-json\/wp\/v2\/posts\/20004\/revisions"}],"predecessor-version":[{"id":20056,"href":"https:\/\/agora.xtec.cat\/escolamartamata\/wp-json\/wp\/v2\/posts\/20004\/revisions\/20056"}],"wp:attachment":[{"href":"https:\/\/agora.xtec.cat\/escolamartamata\/wp-json\/wp\/v2\/media?parent=20004"}],"wp:term":[{"taxonomy":"category","embeddable":true,"href":"https:\/\/agora.xtec.cat\/escolamartamata\/wp-json\/wp\/v2\/categories?post=20004"},{"taxonomy":"post_tag","embeddable":true,"href":"https:\/\/agora.xtec.cat\/escolamartamata\/wp-json\/wp\/v2\/tags?post=20004"}],"curies":[{"name":"wp","href":"https:\/\/api.w.org\/{rel}","templated":true}]}}