{"id":19936,"date":"2021-12-21T20:21:16","date_gmt":"2021-12-21T19:21:16","guid":{"rendered":"https:\/\/agora.xtec.cat\/escolamartamata\/?p=19936"},"modified":"2021-12-21T20:21:16","modified_gmt":"2021-12-21T19:21:16","slug":"com-hem-fet-la-paret-de-lava","status":"publish","type":"post","link":"https:\/\/agora.xtec.cat\/escolamartamata\/tanits25-26\/volcans\/com-hem-fet-la-paret-de-lava\/","title":{"rendered":"COM HEM FET LA PARET DE LAVA?"},"content":{"rendered":"<p style=\"text-align: justify;\">Ja tenim la paret de lava constru\u00efda, per\u00f2 com que fa dies que falten molts nens i nenes no la penjarem fins passat festes, perqu\u00e8 aix\u00ed tots i totes la puguem veure penjada.<\/p>\n<p style=\"text-align: justify;\">Avui hem fet un rep\u00e0s dels passos que hem seguit per poder construir la paret.<\/p>\n<p style=\"text-align: justify;\">Hem col.locat a terra, un recull de fotografies, i entre tots i totes les hem endre\u00e7at i enumerat i seguidament hem escrit que estem fent en cada imatge.<\/p>\n<p style=\"text-align: center;\"><a href=\"https:\/\/agora.xtec.cat\/escolamartamata\/wp-content\/uploads\/usu1957\/2021\/12\/Diseno-sin-titulo-11.jpg\"><img loading=\"lazy\" decoding=\"async\" class=\"alignnone wp-image-19941\" src=\"https:\/\/agora.xtec.cat\/escolamartamata\/wp-content\/uploads\/usu1957\/2021\/12\/Diseno-sin-titulo-11-300x240.jpg\" alt=\"\" width=\"411\" height=\"329\" srcset=\"https:\/\/agora.xtec.cat\/escolamartamata\/wp-content\/uploads\/usu1957\/2021\/12\/Diseno-sin-titulo-11-300x240.jpg 300w, https:\/\/agora.xtec.cat\/escolamartamata\/wp-content\/uploads\/usu1957\/2021\/12\/Diseno-sin-titulo-11-1024x819.jpg 1024w, https:\/\/agora.xtec.cat\/escolamartamata\/wp-content\/uploads\/usu1957\/2021\/12\/Diseno-sin-titulo-11-768x614.jpg 768w, https:\/\/agora.xtec.cat\/escolamartamata\/wp-content\/uploads\/usu1957\/2021\/12\/Diseno-sin-titulo-11-1536x1229.jpg 1536w, https:\/\/agora.xtec.cat\/escolamartamata\/wp-content\/uploads\/usu1957\/2021\/12\/Diseno-sin-titulo-11.jpg 2000w\" sizes=\"auto, (max-width: 411px) 100vw, 411px\" \/><\/a><\/p>\n<p>Podeu trobar m\u00e9s fotografies al DRIVE.<\/p>\n","protected":false},"excerpt":{"rendered":"<p>Ja tenim la paret de lava constru\u00efda, per\u00f2 com que fa dies que falten molts nens i nenes no la penjarem fins passat festes, perqu\u00e8 aix\u00ed tots i totes la puguem veure penjada.<br \/>\nAvui hem fet un rep\u00e0s dels passos que hem seguit per poder construir&hellip;  <a href=\"https:\/\/agora.xtec.cat\/escolamartamata\/tanits25-26\/volcans\/com-hem-fet-la-paret-de-lava\/\" title=\"Read COM HEM FET LA PARET DE LAVA?\">Llegeix m\u00e9s\u00bb<\/a><\/p>\n","protected":false},"author":8,"featured_media":19909,"comment_status":"closed","ping_status":"closed","sticky":false,"template":"","format":"standard","meta":{"_bbp_topic_count":0,"_bbp_reply_count":0,"_bbp_total_topic_count":0,"_bbp_total_reply_count":0,"_bbp_voice_count":0,"_bbp_anonymous_reply_count":0,"_bbp_topic_count_hidden":0,"_bbp_reply_count_hidden":0,"_bbp_forum_subforum_count":0,"footnotes":""},"categories":[373],"tags":[],"class_list":["post-19936","post","type-post","status-publish","format-standard","has-post-thumbnail","hentry","category-volcans"],"post_mailing_queue_ids":[],"_links":{"self":[{"href":"https:\/\/agora.xtec.cat\/escolamartamata\/wp-json\/wp\/v2\/posts\/19936","targetHints":{"allow":["GET"]}}],"collection":[{"href":"https:\/\/agora.xtec.cat\/escolamartamata\/wp-json\/wp\/v2\/posts"}],"about":[{"href":"https:\/\/agora.xtec.cat\/escolamartamata\/wp-json\/wp\/v2\/types\/post"}],"author":[{"embeddable":true,"href":"https:\/\/agora.xtec.cat\/escolamartamata\/wp-json\/wp\/v2\/users\/8"}],"replies":[{"embeddable":true,"href":"https:\/\/agora.xtec.cat\/escolamartamata\/wp-json\/wp\/v2\/comments?post=19936"}],"version-history":[{"count":2,"href":"https:\/\/agora.xtec.cat\/escolamartamata\/wp-json\/wp\/v2\/posts\/19936\/revisions"}],"predecessor-version":[{"id":19943,"href":"https:\/\/agora.xtec.cat\/escolamartamata\/wp-json\/wp\/v2\/posts\/19936\/revisions\/19943"}],"wp:featuredmedia":[{"embeddable":true,"href":"https:\/\/agora.xtec.cat\/escolamartamata\/wp-json\/wp\/v2\/media\/19909"}],"wp:attachment":[{"href":"https:\/\/agora.xtec.cat\/escolamartamata\/wp-json\/wp\/v2\/media?parent=19936"}],"wp:term":[{"taxonomy":"category","embeddable":true,"href":"https:\/\/agora.xtec.cat\/escolamartamata\/wp-json\/wp\/v2\/categories?post=19936"},{"taxonomy":"post_tag","embeddable":true,"href":"https:\/\/agora.xtec.cat\/escolamartamata\/wp-json\/wp\/v2\/tags?post=19936"}],"curies":[{"name":"wp","href":"https:\/\/api.w.org\/{rel}","templated":true}]}}