{"id":19750,"date":"2021-12-03T18:28:32","date_gmt":"2021-12-03T17:28:32","guid":{"rendered":"https:\/\/agora.xtec.cat\/escolamartamata\/?p=19750"},"modified":"2021-12-03T18:28:32","modified_gmt":"2021-12-03T17:28:32","slug":"postal-de-nadal","status":"publish","type":"post","link":"https:\/\/agora.xtec.cat\/escolamartamata\/tanits25-26\/2122diapinotxos\/postal-de-nadal\/","title":{"rendered":"POSTAL DE NADAL"},"content":{"rendered":"<p style=\"text-align: justify;\">Cada classe ha de realitzar una postal de Nadal, tenint com a protagonista el personatge de la nostra classe. Amb aquestes elaboracions es crear\u00e0 la postal de Nadal de l&#8217;escola.<\/p>\n<p style=\"text-align: justify;\">Durant aquesta setmana hem parlat de qu\u00e8 \u00e9s una postal de Nadal i de com volem fer la nostra postal. Aqu\u00ed teniu el recull d&#8217;idees dels i les Pinotxos:<\/p>\n<ul style=\"text-align: justify;\">\n<li>Podem dibuixar-li un bigoti al Pinotxo com si fos el Pare Noel.<\/li>\n<li>El podem vestir de Pare Noel.<\/li>\n<li>Podem posar-li roba per no tenir fred.<\/li>\n<li>Podem fer el Gepetto amb un abric.<\/li>\n<li>Tamb\u00e9 podem fer la fada Blava amb roba d&#8217;hivern.<\/li>\n<li>Podem fer botons a les jaquetes.<\/li>\n<\/ul>\n<p style=\"text-align: justify;\">Finalment decidim fer els personatges del conte ben abrigats perqu\u00e8 no passin fred.<\/p>\n<p style=\"text-align: justify;\">Enre tots i totes dibuixem i pintem el Gepetto i la fada Blava. El Pinotxo ja el tenim fet des d&#8217;inici de trimestre.<\/p>\n<p style=\"text-align: justify;\">Un cop pintats i dibuixats els hi fem la roba amb feltre. Per fer-ho posem els personatges a sobre la feltre i resseguim el contorn. Un cop tenim el patr\u00f3, el retallem.<\/p>\n<p style=\"text-align: justify;\">Un cop tenim els tres personatges vestits, agafem una cartolina i l&#8217;omplim de cot\u00f3 fluix, com si fos neu, i amb paper xarol fem el terra de neu.<\/p>\n<p style=\"text-align: center;\"><a href=\"https:\/\/agora.xtec.cat\/escolamartamata\/wp-content\/uploads\/usu1957\/2021\/12\/LLETRES-QUE-NO-TENIM.jpg\"><img loading=\"lazy\" decoding=\"async\" class=\"alignnone wp-image-19751\" src=\"https:\/\/agora.xtec.cat\/escolamartamata\/wp-content\/uploads\/usu1957\/2021\/12\/LLETRES-QUE-NO-TENIM-300x240.jpg\" alt=\"\" width=\"508\" height=\"406\" srcset=\"https:\/\/agora.xtec.cat\/escolamartamata\/wp-content\/uploads\/usu1957\/2021\/12\/LLETRES-QUE-NO-TENIM-300x240.jpg 300w, https:\/\/agora.xtec.cat\/escolamartamata\/wp-content\/uploads\/usu1957\/2021\/12\/LLETRES-QUE-NO-TENIM-1024x819.jpg 1024w, https:\/\/agora.xtec.cat\/escolamartamata\/wp-content\/uploads\/usu1957\/2021\/12\/LLETRES-QUE-NO-TENIM-768x614.jpg 768w, https:\/\/agora.xtec.cat\/escolamartamata\/wp-content\/uploads\/usu1957\/2021\/12\/LLETRES-QUE-NO-TENIM-1536x1229.jpg 1536w, https:\/\/agora.xtec.cat\/escolamartamata\/wp-content\/uploads\/usu1957\/2021\/12\/LLETRES-QUE-NO-TENIM.jpg 2000w\" sizes=\"auto, (max-width: 508px) 100vw, 508px\" \/><\/a><\/p>\n<p>Podeu trobar m\u00e9s fotografies a la carpeta del DRIVE.<\/p>\n<p style=\"text-align: justify;\">\n","protected":false},"excerpt":{"rendered":"<p>Cada classe ha de realitzar una postal de Nadal, tenint com a protagonista el personatge de la nostra classe. Amb aquestes elaboracions es crear\u00e0 la postal de Nadal de l&#8217;escola.<br \/>\nDurant aquesta setmana hem parlat de qu\u00e8 \u00e9s una postal de Nadal i de com volem&hellip;  <a href=\"https:\/\/agora.xtec.cat\/escolamartamata\/tanits25-26\/2122diapinotxos\/postal-de-nadal\/\" title=\"Read POSTAL DE NADAL\">Llegeix m\u00e9s\u00bb<\/a><\/p>\n","protected":false},"author":8,"featured_media":19710,"comment_status":"closed","ping_status":"closed","sticky":false,"template":"","format":"standard","meta":{"_bbp_topic_count":0,"_bbp_reply_count":0,"_bbp_total_topic_count":0,"_bbp_total_reply_count":0,"_bbp_voice_count":0,"_bbp_anonymous_reply_count":0,"_bbp_topic_count_hidden":0,"_bbp_reply_count_hidden":0,"_bbp_forum_subforum_count":0,"footnotes":""},"categories":[309],"tags":[],"class_list":["post-19750","post","type-post","status-publish","format-standard","has-post-thumbnail","hentry","category-2122diapinotxos"],"post_mailing_queue_ids":[],"_links":{"self":[{"href":"https:\/\/agora.xtec.cat\/escolamartamata\/wp-json\/wp\/v2\/posts\/19750","targetHints":{"allow":["GET"]}}],"collection":[{"href":"https:\/\/agora.xtec.cat\/escolamartamata\/wp-json\/wp\/v2\/posts"}],"about":[{"href":"https:\/\/agora.xtec.cat\/escolamartamata\/wp-json\/wp\/v2\/types\/post"}],"author":[{"embeddable":true,"href":"https:\/\/agora.xtec.cat\/escolamartamata\/wp-json\/wp\/v2\/users\/8"}],"replies":[{"embeddable":true,"href":"https:\/\/agora.xtec.cat\/escolamartamata\/wp-json\/wp\/v2\/comments?post=19750"}],"version-history":[{"count":3,"href":"https:\/\/agora.xtec.cat\/escolamartamata\/wp-json\/wp\/v2\/posts\/19750\/revisions"}],"predecessor-version":[{"id":19755,"href":"https:\/\/agora.xtec.cat\/escolamartamata\/wp-json\/wp\/v2\/posts\/19750\/revisions\/19755"}],"wp:featuredmedia":[{"embeddable":true,"href":"https:\/\/agora.xtec.cat\/escolamartamata\/wp-json\/wp\/v2\/media\/19710"}],"wp:attachment":[{"href":"https:\/\/agora.xtec.cat\/escolamartamata\/wp-json\/wp\/v2\/media?parent=19750"}],"wp:term":[{"taxonomy":"category","embeddable":true,"href":"https:\/\/agora.xtec.cat\/escolamartamata\/wp-json\/wp\/v2\/categories?post=19750"},{"taxonomy":"post_tag","embeddable":true,"href":"https:\/\/agora.xtec.cat\/escolamartamata\/wp-json\/wp\/v2\/tags?post=19750"}],"curies":[{"name":"wp","href":"https:\/\/api.w.org\/{rel}","templated":true}]}}