{"id":19252,"date":"2021-11-05T11:30:02","date_gmt":"2021-11-05T10:30:02","guid":{"rendered":"https:\/\/agora.xtec.cat\/escolamartamata\/?p=19252"},"modified":"2021-11-05T11:30:02","modified_gmt":"2021-11-05T10:30:02","slug":"com-sona-la-tardor-2","status":"publish","type":"post","link":"https:\/\/agora.xtec.cat\/escolamartamata\/tanits25-26\/2122diapinotxos\/com-sona-la-tardor-2\/","title":{"rendered":"Com sona la tardor?"},"content":{"rendered":"<p>Durant les sessions de m\u00fasica d&#8217;aquest mes d &#8216;octubre els Pinotxos hem anat treballant diferents m\u00fasiques, danses i can\u00e7ons relacionades amb la tardor, per tal de poder-les cantar i ballar el dia de la festa. Tamb\u00e9 hem pogut experimentar amb els instruments i sons que ens porta aquesta estaci\u00f3.<\/p>\n<p><a href=\"https:\/\/agora.xtec.cat\/escolamartamata\/wp-content\/uploads\/usu1957\/2021\/11\/11-1.png\"><img loading=\"lazy\" decoding=\"async\" class=\"alignnone size-full wp-image-19253\" src=\"https:\/\/agora.xtec.cat\/escolamartamata\/wp-content\/uploads\/usu1957\/2021\/11\/11-1.png\" alt=\"\" width=\"763\" height=\"605\" srcset=\"https:\/\/agora.xtec.cat\/escolamartamata\/wp-content\/uploads\/usu1957\/2021\/11\/11-1.png 763w, https:\/\/agora.xtec.cat\/escolamartamata\/wp-content\/uploads\/usu1957\/2021\/11\/11-1-300x238.png 300w\" sizes=\"auto, (max-width: 763px) 100vw, 763px\" \/><\/a><\/p>\n<p>Us deixem els links de les can\u00e7ons treballades perqu\u00e8 pugueu escoltar-les a casa!<\/p>\n<p><strong><em>La tardor<\/em> &#8211; El pot petit<\/strong><\/p>\n<p><iframe loading=\"lazy\" title=\"El Pot Petit: A la tardor\" width=\"500\" height=\"281\" src=\"https:\/\/www.youtube.com\/embed\/48YTZMHJUgI?feature=oembed\" frameborder=\"0\" allow=\"accelerometer; autoplay; clipboard-write; encrypted-media; gyroscope; picture-in-picture; web-share\" referrerpolicy=\"strict-origin-when-cross-origin\" allowfullscreen><\/iframe><\/p>\n<p><strong><em>La castanyera<\/em> &#8211; D\u00e1maris Gelabert<\/strong><\/p>\n<p><iframe loading=\"lazy\" title=\"La Castanyera\" width=\"500\" height=\"375\" src=\"https:\/\/www.youtube.com\/embed\/2cEQwfWi_R4?feature=oembed\" frameborder=\"0\" allow=\"accelerometer; autoplay; clipboard-write; encrypted-media; gyroscope; picture-in-picture; web-share\" referrerpolicy=\"strict-origin-when-cross-origin\" allowfullscreen><\/iframe><\/p>\n<p><strong><em>La tardor<\/em> &#8211; Les 4 estacions d&#8217;Antonio Vivaldi<\/strong><\/p>\n<p><iframe loading=\"lazy\" title=\"MUSICOGRAMA gamificado: &quot;El Oto\u00f1o&quot; de Vivaldi\" width=\"500\" height=\"281\" src=\"https:\/\/www.youtube.com\/embed\/0hgCYGC4SOU?feature=oembed\" frameborder=\"0\" allow=\"accelerometer; autoplay; clipboard-write; encrypted-media; gyroscope; picture-in-picture; web-share\" referrerpolicy=\"strict-origin-when-cross-origin\" allowfullscreen><\/iframe><\/p>\n","protected":false},"excerpt":{"rendered":"<p>Durant les sessions de m\u00fasica d&#8217;aquest mes d &#8216;octubre els Pinotxos hem anat treballant diferents m\u00fasiques, danses i can\u00e7ons relacionades amb la tardor, per tal de poder-les cantar i ballar el dia de la festa. Tamb\u00e9 hem pogut experimentar amb els instruments i sons que&hellip;  <a href=\"https:\/\/agora.xtec.cat\/escolamartamata\/tanits25-26\/2122diapinotxos\/com-sona-la-tardor-2\/\" title=\"Read Com sona la tardor?\">Llegeix m\u00e9s\u00bb<\/a><\/p>\n","protected":false},"author":13,"featured_media":19150,"comment_status":"closed","ping_status":"closed","sticky":false,"template":"","format":"standard","meta":{"_bbp_topic_count":0,"_bbp_reply_count":0,"_bbp_total_topic_count":0,"_bbp_total_reply_count":0,"_bbp_voice_count":0,"_bbp_anonymous_reply_count":0,"_bbp_topic_count_hidden":0,"_bbp_reply_count_hidden":0,"_bbp_forum_subforum_count":0,"footnotes":""},"categories":[309,315],"tags":[],"class_list":["post-19252","post","type-post","status-publish","format-standard","has-post-thumbnail","hentry","category-2122diapinotxos","category-musicaei4-2"],"post_mailing_queue_ids":[],"_links":{"self":[{"href":"https:\/\/agora.xtec.cat\/escolamartamata\/wp-json\/wp\/v2\/posts\/19252","targetHints":{"allow":["GET"]}}],"collection":[{"href":"https:\/\/agora.xtec.cat\/escolamartamata\/wp-json\/wp\/v2\/posts"}],"about":[{"href":"https:\/\/agora.xtec.cat\/escolamartamata\/wp-json\/wp\/v2\/types\/post"}],"author":[{"embeddable":true,"href":"https:\/\/agora.xtec.cat\/escolamartamata\/wp-json\/wp\/v2\/users\/13"}],"replies":[{"embeddable":true,"href":"https:\/\/agora.xtec.cat\/escolamartamata\/wp-json\/wp\/v2\/comments?post=19252"}],"version-history":[{"count":1,"href":"https:\/\/agora.xtec.cat\/escolamartamata\/wp-json\/wp\/v2\/posts\/19252\/revisions"}],"predecessor-version":[{"id":19254,"href":"https:\/\/agora.xtec.cat\/escolamartamata\/wp-json\/wp\/v2\/posts\/19252\/revisions\/19254"}],"wp:featuredmedia":[{"embeddable":true,"href":"https:\/\/agora.xtec.cat\/escolamartamata\/wp-json\/wp\/v2\/media\/19150"}],"wp:attachment":[{"href":"https:\/\/agora.xtec.cat\/escolamartamata\/wp-json\/wp\/v2\/media?parent=19252"}],"wp:term":[{"taxonomy":"category","embeddable":true,"href":"https:\/\/agora.xtec.cat\/escolamartamata\/wp-json\/wp\/v2\/categories?post=19252"},{"taxonomy":"post_tag","embeddable":true,"href":"https:\/\/agora.xtec.cat\/escolamartamata\/wp-json\/wp\/v2\/tags?post=19252"}],"curies":[{"name":"wp","href":"https:\/\/api.w.org\/{rel}","templated":true}]}}