{"id":19153,"date":"2021-11-03T10:14:06","date_gmt":"2021-11-03T09:14:06","guid":{"rendered":"https:\/\/agora.xtec.cat\/escolamartamata\/?p=19153"},"modified":"2021-11-03T10:14:06","modified_gmt":"2021-11-03T09:14:06","slug":"la-lava-no-arribara-a-lescola","status":"publish","type":"post","link":"https:\/\/agora.xtec.cat\/escolamartamata\/tanits25-26\/volcans\/la-lava-no-arribara-a-lescola\/","title":{"rendered":"LA LAVA NO ARRIBAR\u00c0 A L&#8217;ESCOLA!"},"content":{"rendered":"<p style=\"text-align: justify;\">Despr\u00e9s de tenir molt clar on \u00e9s l&#8217;illa de la Palma, els i les Pinotxos comencen a fer les seves valoracions de si la lava pot arribar a la nostra escola.<\/p>\n<p style=\"text-align: justify;\">Aquestes s\u00f3n les aportacions que fan els infants:<\/p>\n<ul>\n<li style=\"text-align: justify;\">La lava no pot arribar perqu\u00e8 cau a l&#8217;aigua i es converteix en pedra.<\/li>\n<li style=\"text-align: justify;\">No pot arribar perqu\u00e8 la Palma est\u00e0 molt lluny.<\/li>\n<li style=\"text-align: justify;\">La part vermella (assenyalant Catalunya) est\u00e0 molt lluny de la Palma.<\/li>\n<li style=\"text-align: justify;\">La Palma \u00e9s una illa i t\u00e9 molta aigua.<\/li>\n<li style=\"text-align: justify;\">El volc\u00e0 est\u00e0 a la tele, i no \u00e9s de veritat, les coses que surten a la tele s\u00f3n de mentida.<\/li>\n<li style=\"text-align: justify;\">S\u00ed que \u00e9s de veritat!!!! (diuen diversos infants)<\/li>\n<li style=\"text-align: justify;\">Nosaltres estem molt alts, la lava no pot pujar.<\/li>\n<li style=\"text-align: justify;\">La lava es quedar\u00e0 a l&#8217;aigua.<\/li>\n<\/ul>\n<p>Per tant, ells i elles han pogut resoldre un dels dubtes que havia sorgit en la primera conversa sobre els volcans.<\/p>\n<p style=\"text-align: center;\"><a href=\"https:\/\/agora.xtec.cat\/escolamartamata\/wp-content\/uploads\/usu1957\/2021\/11\/La-lava-no-pot-arribar.jpg\"><img loading=\"lazy\" decoding=\"async\" class=\"alignnone wp-image-19161\" src=\"https:\/\/agora.xtec.cat\/escolamartamata\/wp-content\/uploads\/usu1957\/2021\/11\/La-lava-no-pot-arribar-300x240.jpg\" alt=\"\" width=\"411\" height=\"329\" srcset=\"https:\/\/agora.xtec.cat\/escolamartamata\/wp-content\/uploads\/usu1957\/2021\/11\/La-lava-no-pot-arribar-300x240.jpg 300w, https:\/\/agora.xtec.cat\/escolamartamata\/wp-content\/uploads\/usu1957\/2021\/11\/La-lava-no-pot-arribar-1024x819.jpg 1024w, https:\/\/agora.xtec.cat\/escolamartamata\/wp-content\/uploads\/usu1957\/2021\/11\/La-lava-no-pot-arribar-768x614.jpg 768w, https:\/\/agora.xtec.cat\/escolamartamata\/wp-content\/uploads\/usu1957\/2021\/11\/La-lava-no-pot-arribar-1536x1229.jpg 1536w, https:\/\/agora.xtec.cat\/escolamartamata\/wp-content\/uploads\/usu1957\/2021\/11\/La-lava-no-pot-arribar.jpg 2000w\" sizes=\"auto, (max-width: 411px) 100vw, 411px\" \/><\/a><\/p>\n<p>Podeu trobar m\u00e9s fotografies a la carpeta del DRIVE.<\/p>\n","protected":false},"excerpt":{"rendered":"<p>Despr\u00e9s de tenir molt clar on \u00e9s l&#8217;illa de la Palma, els i les Pinotxos comencen a fer les seves valoracions de si la lava pot arribar a la nostra escola.<br \/>\nAquestes s\u00f3n les aportacions que fan els infants:<\/p>\n<ul>\n<li style=\"text-align: justify;\">La lava no pot arribar perqu\u00e8&hellip;  <a href=\"https:\/\/agora.xtec.cat\/escolamartamata\/tanits25-26\/volcans\/la-lava-no-arribara-a-lescola\/\" title=\"Read LA LAVA NO ARRIBAR\u00c0 A L&#8217;ESCOLA!\">Llegeix m\u00e9s\u00bb<\/a><br \/>\n","protected":false},"author":8,"featured_media":19150,"comment_status":"closed","ping_status":"closed","sticky":false,"template":"","format":"standard","meta":{"_bbp_topic_count":0,"_bbp_reply_count":0,"_bbp_total_topic_count":0,"_bbp_total_reply_count":0,"_bbp_voice_count":0,"_bbp_anonymous_reply_count":0,"_bbp_topic_count_hidden":0,"_bbp_reply_count_hidden":0,"_bbp_forum_subforum_count":0,"footnotes":""},"categories":[373],"tags":[],"class_list":["post-19153","post","type-post","status-publish","format-standard","has-post-thumbnail","hentry","category-volcans"],"post_mailing_queue_ids":[],"_links":{"self":[{"href":"https:\/\/agora.xtec.cat\/escolamartamata\/wp-json\/wp\/v2\/posts\/19153","targetHints":{"allow":["GET"]}}],"collection":[{"href":"https:\/\/agora.xtec.cat\/escolamartamata\/wp-json\/wp\/v2\/posts"}],"about":[{"href":"https:\/\/agora.xtec.cat\/escolamartamata\/wp-json\/wp\/v2\/types\/post"}],"author":[{"embeddable":true,"href":"https:\/\/agora.xtec.cat\/escolamartamata\/wp-json\/wp\/v2\/users\/8"}],"replies":[{"embeddable":true,"href":"https:\/\/agora.xtec.cat\/escolamartamata\/wp-json\/wp\/v2\/comments?post=19153"}],"version-history":[{"count":3,"href":"https:\/\/agora.xtec.cat\/escolamartamata\/wp-json\/wp\/v2\/posts\/19153\/revisions"}],"predecessor-version":[{"id":19192,"href":"https:\/\/agora.xtec.cat\/escolamartamata\/wp-json\/wp\/v2\/posts\/19153\/revisions\/19192"}],"wp:featuredmedia":[{"embeddable":true,"href":"https:\/\/agora.xtec.cat\/escolamartamata\/wp-json\/wp\/v2\/media\/19150"}],"wp:attachment":[{"href":"https:\/\/agora.xtec.cat\/escolamartamata\/wp-json\/wp\/v2\/media?parent=19153"}],"wp:term":[{"taxonomy":"category","embeddable":true,"href":"https:\/\/agora.xtec.cat\/escolamartamata\/wp-json\/wp\/v2\/categories?post=19153"},{"taxonomy":"post_tag","embeddable":true,"href":"https:\/\/agora.xtec.cat\/escolamartamata\/wp-json\/wp\/v2\/tags?post=19153"}],"curies":[{"name":"wp","href":"https:\/\/api.w.org\/{rel}","templated":true}]}}