{"id":19033,"date":"2021-10-25T18:50:23","date_gmt":"2021-10-25T16:50:23","guid":{"rendered":"https:\/\/agora.xtec.cat\/escolamartamata\/?p=19033"},"modified":"2021-10-25T18:54:44","modified_gmt":"2021-10-25T16:54:44","slug":"la-llegenda-dels-mapes","status":"publish","type":"post","link":"https:\/\/agora.xtec.cat\/escolamartamata\/tanits25-26\/volcans\/la-llegenda-dels-mapes\/","title":{"rendered":"LA LLEGENDA DELS MAPES"},"content":{"rendered":"<p style=\"text-align: justify;\">Un cop tenim molt clar on est\u00e0 situada l&#8217;illa de la Palma i Vilanova del Cam\u00ed en el mapa, parlem de la llegenda dels mapes i de la informaci\u00f3 que ens aporta.<\/p>\n<p style=\"text-align: justify;\">El primer dia que vam mirar el mapa, ens va semblar veure lava, forats d&#8217;aigua, bombetes&#8230; per\u00f2 ara, mirant la llegenda, veiem que ens explica, que s\u00f3n aquests s\u00edmbols, que nosaltres vam interpretar diferent.<\/p>\n<p style=\"text-align: justify;\">La lava ha resultat ser una carretera, els forats d&#8217;aigua rius, i les bombetes els fars.<\/p>\n<p style=\"text-align: justify;\">Anem buscant en el mapa la resta de s\u00edmbols que hi ha a la llegenda, i d&#8217;aquesta manera podem verificar, com ja havien dit alguns infants, en els seus deures, que a l&#8217;illa de la Palma es pot anar amb avi\u00f3 perqu\u00e8 hi ha un aeroport, que hem pogut trobar gr\u00e0cies a la llegenda.<\/p>\n<p style=\"text-align: justify;\"><a href=\"https:\/\/agora.xtec.cat\/escolamartamata\/wp-content\/uploads\/usu1957\/2021\/10\/Diseno-sin-titulo-7.jpg\"><br \/>\n<img loading=\"lazy\" decoding=\"async\" class=\"wp-image-19034 aligncenter\" src=\"https:\/\/agora.xtec.cat\/escolamartamata\/wp-content\/uploads\/usu1957\/2021\/10\/Diseno-sin-titulo-7-300x240.jpg\" alt=\"\" width=\"488\" height=\"390\" srcset=\"https:\/\/agora.xtec.cat\/escolamartamata\/wp-content\/uploads\/usu1957\/2021\/10\/Diseno-sin-titulo-7-300x240.jpg 300w, https:\/\/agora.xtec.cat\/escolamartamata\/wp-content\/uploads\/usu1957\/2021\/10\/Diseno-sin-titulo-7-1024x819.jpg 1024w, https:\/\/agora.xtec.cat\/escolamartamata\/wp-content\/uploads\/usu1957\/2021\/10\/Diseno-sin-titulo-7-768x614.jpg 768w, https:\/\/agora.xtec.cat\/escolamartamata\/wp-content\/uploads\/usu1957\/2021\/10\/Diseno-sin-titulo-7-1536x1229.jpg 1536w, https:\/\/agora.xtec.cat\/escolamartamata\/wp-content\/uploads\/usu1957\/2021\/10\/Diseno-sin-titulo-7.jpg 2000w\" sizes=\"auto, (max-width: 488px) 100vw, 488px\" \/><\/a><\/p>\n","protected":false},"excerpt":{"rendered":"<p>Un cop tenim molt clar on est\u00e0 situada l&#8217;illa de la Palma i Vilanova del Cam\u00ed en el mapa, parlem de la llegenda dels mapes i de la informaci\u00f3 que ens aporta.<br \/>\nEl primer dia que vam mirar el mapa, ens va semblar veure lava, forats&hellip;  <a href=\"https:\/\/agora.xtec.cat\/escolamartamata\/tanits25-26\/volcans\/la-llegenda-dels-mapes\/\" title=\"Read LA LLEGENDA DELS MAPES\">Llegeix m\u00e9s\u00bb<\/a><\/p>\n","protected":false},"author":8,"featured_media":19002,"comment_status":"closed","ping_status":"closed","sticky":false,"template":"","format":"standard","meta":{"_bbp_topic_count":0,"_bbp_reply_count":0,"_bbp_total_topic_count":0,"_bbp_total_reply_count":0,"_bbp_voice_count":0,"_bbp_anonymous_reply_count":0,"_bbp_topic_count_hidden":0,"_bbp_reply_count_hidden":0,"_bbp_forum_subforum_count":0,"footnotes":""},"categories":[373],"tags":[],"class_list":["post-19033","post","type-post","status-publish","format-standard","has-post-thumbnail","hentry","category-volcans"],"post_mailing_queue_ids":[],"_links":{"self":[{"href":"https:\/\/agora.xtec.cat\/escolamartamata\/wp-json\/wp\/v2\/posts\/19033","targetHints":{"allow":["GET"]}}],"collection":[{"href":"https:\/\/agora.xtec.cat\/escolamartamata\/wp-json\/wp\/v2\/posts"}],"about":[{"href":"https:\/\/agora.xtec.cat\/escolamartamata\/wp-json\/wp\/v2\/types\/post"}],"author":[{"embeddable":true,"href":"https:\/\/agora.xtec.cat\/escolamartamata\/wp-json\/wp\/v2\/users\/8"}],"replies":[{"embeddable":true,"href":"https:\/\/agora.xtec.cat\/escolamartamata\/wp-json\/wp\/v2\/comments?post=19033"}],"version-history":[{"count":3,"href":"https:\/\/agora.xtec.cat\/escolamartamata\/wp-json\/wp\/v2\/posts\/19033\/revisions"}],"predecessor-version":[{"id":19039,"href":"https:\/\/agora.xtec.cat\/escolamartamata\/wp-json\/wp\/v2\/posts\/19033\/revisions\/19039"}],"wp:featuredmedia":[{"embeddable":true,"href":"https:\/\/agora.xtec.cat\/escolamartamata\/wp-json\/wp\/v2\/media\/19002"}],"wp:attachment":[{"href":"https:\/\/agora.xtec.cat\/escolamartamata\/wp-json\/wp\/v2\/media?parent=19033"}],"wp:term":[{"taxonomy":"category","embeddable":true,"href":"https:\/\/agora.xtec.cat\/escolamartamata\/wp-json\/wp\/v2\/categories?post=19033"},{"taxonomy":"post_tag","embeddable":true,"href":"https:\/\/agora.xtec.cat\/escolamartamata\/wp-json\/wp\/v2\/tags?post=19033"}],"curies":[{"name":"wp","href":"https:\/\/api.w.org\/{rel}","templated":true}]}}