{"id":18881,"date":"2021-10-20T18:14:56","date_gmt":"2021-10-20T16:14:56","guid":{"rendered":"https:\/\/agora.xtec.cat\/escolamartamata\/?p=18881"},"modified":"2021-10-20T18:14:56","modified_gmt":"2021-10-20T16:14:56","slug":"primeres-idees-pel-nostre-projecte-daula","status":"publish","type":"post","link":"https:\/\/agora.xtec.cat\/escolamartamata\/tanits25-26\/volcans\/primeres-idees-pel-nostre-projecte-daula\/","title":{"rendered":"PRIMERES IDEES PEL NOSTRE PROJECTE D&#8217;AULA"},"content":{"rendered":"<p style=\"text-align: justify;\">Gaireb\u00e9 des del primer dia d&#8217;escola que els i les Pinotxos han mostrat molt d&#8217;inter\u00e8s per l&#8217;explosi\u00f3 del volc\u00e0 de la Palma, i ja quan explic\u00e0vem els deures d&#8217;estiu, molts parlaven de la not\u00edcia del volc\u00e0 que cont\u00ednuament veien per la televisi\u00f3.<\/p>\n<p style=\"text-align: justify;\">Arrel d&#8217;aix\u00f2 molts infants han anat portant dibuixos i maquetes de volcans i l&#8217;inter\u00e8s ha anat augmentant. Per tant, veient l&#8217;inter\u00e8s que els generava, vam creure oport\u00fa aprofitar-ho per engegar el nostre primer projecte d&#8217;aula.<\/p>\n<p style=\"text-align: justify;\">Dilluns vam establir una conversa sobre el tema dels volcans i els i les Pinotxos van anar reflexionant sobre el tema i van dir coses molt interessants, i d&#8217;aquestes ens van comen\u00e7ar a sorgir els primeres dubtes i vies d&#8217;investigaci\u00f3.<\/p>\n<p style=\"text-align: justify;\">Aportacions dels infants:<\/p>\n<ul>\n<li>El volc\u00e0 &#8220;derrumba&#8221; les cases.<\/li>\n<li>A les nits el volc\u00e0 explota m\u00e9s fort.<\/li>\n<li>El volc\u00e0 ha explotat molt fort.<\/li>\n<li>El volc\u00e0 est\u00e0 a la Palma.<\/li>\n<li>La Palma, est\u00e0 en un altre planeta, est\u00e0 lluny.<\/li>\n<li>La Palma \u00e9s una illa. T\u00e9 molta aigua al voltant.<\/li>\n<li>La gent agafa les coses de la seva casa.<\/li>\n<li>La gent marxa r\u00e0pid perqu\u00e8 no els atrapi la lava.<\/li>\n<li>Els nens i les nenes es queden sense joguines.<\/li>\n<li>La lava baixa del volc\u00e0.<\/li>\n<li>La lava est\u00e0 calenta.<\/li>\n<li>Est\u00e0 bullint, que \u00e9s m\u00e9s que calenta.<\/li>\n<li>La lava \u00e9s de color vermell i tamb\u00e9 una mica taronja i groc.<\/li>\n<li>Quan la lava arriba als rius, crema els peixos.<\/li>\n<li>La lava surt pel forat del volc\u00e0.<\/li>\n<li>La lava i l&#8217;aigua es transforma en pedra.<\/li>\n<li>La lava va molt poc a poc.<\/li>\n<li>Nooooo! va molt r\u00e0pid.<\/li>\n<li>La lava va pel terra.<\/li>\n<li>Quan arriba al mar l&#8217;aigua es posa calenta.<\/li>\n<li>La lava fa una paret de pedres de 10 metres.<\/li>\n<li><strong>I quan s\u00f3n 10 metres? (mestra)<\/strong><\/li>\n<li><strong>Si arrib\u00e9s aquesta paret de lava a l&#8217;escola, la podria tirar a terra? (mestra)<\/strong><\/li>\n<li><strong>Quants metres deu fer l&#8217;escola? (mestra)<\/strong><\/li>\n<li><strong>La lava pot arribar fins aqu\u00ed? on \u00e9s la Palma? (mestra).<\/strong><\/li>\n<\/ul>\n<p>Pensem que el millor \u00e9s comen\u00e7ar buscant on \u00e9s la Palma per poder ubicar on est\u00e0 el volc\u00e0 i si est\u00e0 lluny o a prop de Vilanova del Cam\u00ed.<\/p>\n<p style=\"text-align: center;\"><a href=\"https:\/\/agora.xtec.cat\/escolamartamata\/wp-content\/uploads\/usu1957\/2021\/10\/IMG_1485.jpg\"><img loading=\"lazy\" decoding=\"async\" class=\"alignnone wp-image-18926\" src=\"https:\/\/agora.xtec.cat\/escolamartamata\/wp-content\/uploads\/usu1957\/2021\/10\/IMG_1485-300x225.jpg\" alt=\"\" width=\"376\" height=\"282\" srcset=\"https:\/\/agora.xtec.cat\/escolamartamata\/wp-content\/uploads\/usu1957\/2021\/10\/IMG_1485-300x225.jpg 300w, https:\/\/agora.xtec.cat\/escolamartamata\/wp-content\/uploads\/usu1957\/2021\/10\/IMG_1485-1024x768.jpg 1024w, https:\/\/agora.xtec.cat\/escolamartamata\/wp-content\/uploads\/usu1957\/2021\/10\/IMG_1485-768x576.jpg 768w, https:\/\/agora.xtec.cat\/escolamartamata\/wp-content\/uploads\/usu1957\/2021\/10\/IMG_1485-1536x1152.jpg 1536w, https:\/\/agora.xtec.cat\/escolamartamata\/wp-content\/uploads\/usu1957\/2021\/10\/IMG_1485-2048x1536.jpg 2048w, https:\/\/agora.xtec.cat\/escolamartamata\/wp-content\/uploads\/usu1957\/2021\/10\/IMG_1485-200x150.jpg 200w\" sizes=\"auto, (max-width: 376px) 100vw, 376px\" \/><\/a><\/p>\n","protected":false},"excerpt":{"rendered":"<p>Gaireb\u00e9 des del primer dia d&#8217;escola que els i les Pinotxos han mostrat molt d&#8217;inter\u00e8s per l&#8217;explosi\u00f3 del volc\u00e0 de la Palma, i ja quan explic\u00e0vem els deures d&#8217;estiu, molts parlaven de la not\u00edcia del volc\u00e0 que cont\u00ednuament veien per la televisi\u00f3.<br \/>\nArrel d&#8217;aix\u00f2 molts infants&hellip;  <a href=\"https:\/\/agora.xtec.cat\/escolamartamata\/tanits25-26\/volcans\/primeres-idees-pel-nostre-projecte-daula\/\" title=\"Read PRIMERES IDEES PEL NOSTRE PROJECTE D&#8217;AULA\">Llegeix m\u00e9s\u00bb<\/a><\/p>\n","protected":false},"author":8,"featured_media":18834,"comment_status":"closed","ping_status":"closed","sticky":false,"template":"","format":"standard","meta":{"_bbp_topic_count":0,"_bbp_reply_count":0,"_bbp_total_topic_count":0,"_bbp_total_reply_count":0,"_bbp_voice_count":0,"_bbp_anonymous_reply_count":0,"_bbp_topic_count_hidden":0,"_bbp_reply_count_hidden":0,"_bbp_forum_subforum_count":0,"footnotes":""},"categories":[373],"tags":[],"class_list":["post-18881","post","type-post","status-publish","format-standard","has-post-thumbnail","hentry","category-volcans"],"post_mailing_queue_ids":[],"_links":{"self":[{"href":"https:\/\/agora.xtec.cat\/escolamartamata\/wp-json\/wp\/v2\/posts\/18881","targetHints":{"allow":["GET"]}}],"collection":[{"href":"https:\/\/agora.xtec.cat\/escolamartamata\/wp-json\/wp\/v2\/posts"}],"about":[{"href":"https:\/\/agora.xtec.cat\/escolamartamata\/wp-json\/wp\/v2\/types\/post"}],"author":[{"embeddable":true,"href":"https:\/\/agora.xtec.cat\/escolamartamata\/wp-json\/wp\/v2\/users\/8"}],"replies":[{"embeddable":true,"href":"https:\/\/agora.xtec.cat\/escolamartamata\/wp-json\/wp\/v2\/comments?post=18881"}],"version-history":[{"count":4,"href":"https:\/\/agora.xtec.cat\/escolamartamata\/wp-json\/wp\/v2\/posts\/18881\/revisions"}],"predecessor-version":[{"id":18929,"href":"https:\/\/agora.xtec.cat\/escolamartamata\/wp-json\/wp\/v2\/posts\/18881\/revisions\/18929"}],"wp:featuredmedia":[{"embeddable":true,"href":"https:\/\/agora.xtec.cat\/escolamartamata\/wp-json\/wp\/v2\/media\/18834"}],"wp:attachment":[{"href":"https:\/\/agora.xtec.cat\/escolamartamata\/wp-json\/wp\/v2\/media?parent=18881"}],"wp:term":[{"taxonomy":"category","embeddable":true,"href":"https:\/\/agora.xtec.cat\/escolamartamata\/wp-json\/wp\/v2\/categories?post=18881"},{"taxonomy":"post_tag","embeddable":true,"href":"https:\/\/agora.xtec.cat\/escolamartamata\/wp-json\/wp\/v2\/tags?post=18881"}],"curies":[{"name":"wp","href":"https:\/\/api.w.org\/{rel}","templated":true}]}}