{"id":18490,"date":"2021-10-01T17:10:03","date_gmt":"2021-10-01T15:10:03","guid":{"rendered":"https:\/\/agora.xtec.cat\/escolamartamata\/?p=18490"},"modified":"2021-10-01T17:10:57","modified_gmt":"2021-10-01T15:10:57","slug":"deures-destiu","status":"publish","type":"post","link":"https:\/\/agora.xtec.cat\/escolamartamata\/tanits25-26\/2122diapinotxos\/deures-destiu\/","title":{"rendered":"DEURES D&#8217;ESTIU"},"content":{"rendered":"<p style=\"text-align: justify;\">Durant aquestes tres setmanes els nens i les nenes que durant l&#8217;estiu han fet l&#8217;esfor\u00e7 de fer el recull de not\u00edcies que m\u00e9s els han cridat l&#8217;atenci\u00f3 durant les vacances d&#8217;estiu, han presentat davant dels seus companys i companyes les seves creacions.<\/p>\n<p style=\"text-align: justify;\">Els deures han estat molt diversos i creatius i tots i totes els han sabut explicar molt b\u00e9 davant la resta i han respost a totes les preguntes que els hi han fet.<\/p>\n<p style=\"text-align: justify;\"><a href=\"https:\/\/agora.xtec.cat\/escolamartamata\/wp-content\/uploads\/usu1957\/2021\/10\/noticies-destiu.jpg\"><img loading=\"lazy\" decoding=\"async\" class=\"wp-image-18485 aligncenter\" src=\"https:\/\/agora.xtec.cat\/escolamartamata\/wp-content\/uploads\/usu1957\/2021\/10\/noticies-destiu-300x240.jpg\" alt=\"\" width=\"512\" height=\"410\" srcset=\"https:\/\/agora.xtec.cat\/escolamartamata\/wp-content\/uploads\/usu1957\/2021\/10\/noticies-destiu-300x240.jpg 300w, https:\/\/agora.xtec.cat\/escolamartamata\/wp-content\/uploads\/usu1957\/2021\/10\/noticies-destiu-1024x819.jpg 1024w, https:\/\/agora.xtec.cat\/escolamartamata\/wp-content\/uploads\/usu1957\/2021\/10\/noticies-destiu-768x614.jpg 768w, https:\/\/agora.xtec.cat\/escolamartamata\/wp-content\/uploads\/usu1957\/2021\/10\/noticies-destiu-1536x1229.jpg 1536w, https:\/\/agora.xtec.cat\/escolamartamata\/wp-content\/uploads\/usu1957\/2021\/10\/noticies-destiu.jpg 2000w\" sizes=\"auto, (max-width: 512px) 100vw, 512px\" \/><\/a><\/p>\n<p>Podeu trobar m\u00e9s fotografies al DRIVE.<\/p>\n","protected":false},"excerpt":{"rendered":"<p>Durant aquestes tres setmanes els nens i les nenes que durant l&#8217;estiu han fet l&#8217;esfor\u00e7 de fer el recull de not\u00edcies que m\u00e9s els han cridat l&#8217;atenci\u00f3 durant les vacances d&#8217;estiu, han presentat davant dels seus companys i companyes les seves creacions.<br \/>\nEls deures han estat&hellip;  <a href=\"https:\/\/agora.xtec.cat\/escolamartamata\/tanits25-26\/2122diapinotxos\/deures-destiu\/\" title=\"Read DEURES D&#8217;ESTIU\">Llegeix m\u00e9s\u00bb<\/a><\/p>\n","protected":false},"author":8,"featured_media":0,"comment_status":"closed","ping_status":"closed","sticky":false,"template":"","format":"standard","meta":{"_bbp_topic_count":0,"_bbp_reply_count":0,"_bbp_total_topic_count":0,"_bbp_total_reply_count":0,"_bbp_voice_count":0,"_bbp_anonymous_reply_count":0,"_bbp_topic_count_hidden":0,"_bbp_reply_count_hidden":0,"_bbp_forum_subforum_count":0,"footnotes":""},"categories":[309],"tags":[],"class_list":["post-18490","post","type-post","status-publish","format-standard","hentry","category-2122diapinotxos"],"post_mailing_queue_ids":[],"_links":{"self":[{"href":"https:\/\/agora.xtec.cat\/escolamartamata\/wp-json\/wp\/v2\/posts\/18490","targetHints":{"allow":["GET"]}}],"collection":[{"href":"https:\/\/agora.xtec.cat\/escolamartamata\/wp-json\/wp\/v2\/posts"}],"about":[{"href":"https:\/\/agora.xtec.cat\/escolamartamata\/wp-json\/wp\/v2\/types\/post"}],"author":[{"embeddable":true,"href":"https:\/\/agora.xtec.cat\/escolamartamata\/wp-json\/wp\/v2\/users\/8"}],"replies":[{"embeddable":true,"href":"https:\/\/agora.xtec.cat\/escolamartamata\/wp-json\/wp\/v2\/comments?post=18490"}],"version-history":[{"count":4,"href":"https:\/\/agora.xtec.cat\/escolamartamata\/wp-json\/wp\/v2\/posts\/18490\/revisions"}],"predecessor-version":[{"id":18496,"href":"https:\/\/agora.xtec.cat\/escolamartamata\/wp-json\/wp\/v2\/posts\/18490\/revisions\/18496"}],"wp:attachment":[{"href":"https:\/\/agora.xtec.cat\/escolamartamata\/wp-json\/wp\/v2\/media?parent=18490"}],"wp:term":[{"taxonomy":"category","embeddable":true,"href":"https:\/\/agora.xtec.cat\/escolamartamata\/wp-json\/wp\/v2\/categories?post=18490"},{"taxonomy":"post_tag","embeddable":true,"href":"https:\/\/agora.xtec.cat\/escolamartamata\/wp-json\/wp\/v2\/tags?post=18490"}],"curies":[{"name":"wp","href":"https:\/\/api.w.org\/{rel}","templated":true}]}}