{"id":18306,"date":"2021-09-22T18:57:40","date_gmt":"2021-09-22T16:57:40","guid":{"rendered":"https:\/\/agora.xtec.cat\/escolamartamata\/?p=18306"},"modified":"2021-09-22T18:57:40","modified_gmt":"2021-09-22T16:57:40","slug":"decorem-els-nostres-calaixos","status":"publish","type":"post","link":"https:\/\/agora.xtec.cat\/escolamartamata\/tanits25-26\/2122diapinotxos\/decorem-els-nostres-calaixos\/","title":{"rendered":"DECOREM ELS NOSTRES CALAIXOS"},"content":{"rendered":"<p style=\"text-align: justify;\">El curs passat en els calaixos on guardem totes les nostres pertinences, ten\u00edem la nostra fotografia amb el nom, per\u00f2 aquest curs, com que ja som m\u00e9s grans, ens els decorem per poder-los identificar correctament i endre\u00e7ar les nostres pertinences com cal.<\/p>\n<p style=\"text-align: justify;\">Retallem papers de diari i els enganxem en una cartolina del color que m\u00e9s ens agrada.<\/p>\n<p style=\"text-align: justify;\">Mentre es van eixugant els papers de diari, busquem les lletres del nostre nom per poder-lo confegir.<\/p>\n<p style=\"text-align: justify;\">Quan ja hem trobat totes les lletres del nostre nom, les retallem i les enganxem damunt del paper de diari<\/p>\n<p style=\"text-align: center;\"><a href=\"https:\/\/agora.xtec.cat\/escolamartamata\/wp-content\/uploads\/usu1957\/2021\/09\/DECOREM-ELS-CALAIXOS.jpg\"><img loading=\"lazy\" decoding=\"async\" class=\"alignnone wp-image-18309\" src=\"https:\/\/agora.xtec.cat\/escolamartamata\/wp-content\/uploads\/usu1957\/2021\/09\/DECOREM-ELS-CALAIXOS-300x240.jpg\" alt=\"\" width=\"448\" height=\"358\" srcset=\"https:\/\/agora.xtec.cat\/escolamartamata\/wp-content\/uploads\/usu1957\/2021\/09\/DECOREM-ELS-CALAIXOS-300x240.jpg 300w, https:\/\/agora.xtec.cat\/escolamartamata\/wp-content\/uploads\/usu1957\/2021\/09\/DECOREM-ELS-CALAIXOS-1024x819.jpg 1024w, https:\/\/agora.xtec.cat\/escolamartamata\/wp-content\/uploads\/usu1957\/2021\/09\/DECOREM-ELS-CALAIXOS-768x614.jpg 768w, https:\/\/agora.xtec.cat\/escolamartamata\/wp-content\/uploads\/usu1957\/2021\/09\/DECOREM-ELS-CALAIXOS-1536x1229.jpg 1536w, https:\/\/agora.xtec.cat\/escolamartamata\/wp-content\/uploads\/usu1957\/2021\/09\/DECOREM-ELS-CALAIXOS.jpg 2000w\" sizes=\"auto, (max-width: 448px) 100vw, 448px\" \/><\/a><\/p>\n<p>Podeu trobar m\u00e9s fotografies al DRIVE.<\/p>\n","protected":false},"excerpt":{"rendered":"<p>El curs passat en els calaixos on guardem totes les nostres pertinences, ten\u00edem la nostra fotografia amb el nom, per\u00f2 aquest curs, com que ja som m\u00e9s grans, ens els decorem per poder-los identificar correctament i endre\u00e7ar les nostres pertinences com cal.<br \/>\nRetallem papers de diari&hellip;  <a href=\"https:\/\/agora.xtec.cat\/escolamartamata\/tanits25-26\/2122diapinotxos\/decorem-els-nostres-calaixos\/\" title=\"Read DECOREM ELS NOSTRES CALAIXOS\">Llegeix m\u00e9s\u00bb<\/a><\/p>\n","protected":false},"author":8,"featured_media":16143,"comment_status":"closed","ping_status":"closed","sticky":false,"template":"","format":"standard","meta":{"_bbp_topic_count":0,"_bbp_reply_count":0,"_bbp_total_topic_count":0,"_bbp_total_reply_count":0,"_bbp_voice_count":0,"_bbp_anonymous_reply_count":0,"_bbp_topic_count_hidden":0,"_bbp_reply_count_hidden":0,"_bbp_forum_subforum_count":0,"footnotes":""},"categories":[309],"tags":[],"class_list":["post-18306","post","type-post","status-publish","format-standard","has-post-thumbnail","hentry","category-2122diapinotxos"],"post_mailing_queue_ids":[],"_links":{"self":[{"href":"https:\/\/agora.xtec.cat\/escolamartamata\/wp-json\/wp\/v2\/posts\/18306","targetHints":{"allow":["GET"]}}],"collection":[{"href":"https:\/\/agora.xtec.cat\/escolamartamata\/wp-json\/wp\/v2\/posts"}],"about":[{"href":"https:\/\/agora.xtec.cat\/escolamartamata\/wp-json\/wp\/v2\/types\/post"}],"author":[{"embeddable":true,"href":"https:\/\/agora.xtec.cat\/escolamartamata\/wp-json\/wp\/v2\/users\/8"}],"replies":[{"embeddable":true,"href":"https:\/\/agora.xtec.cat\/escolamartamata\/wp-json\/wp\/v2\/comments?post=18306"}],"version-history":[{"count":4,"href":"https:\/\/agora.xtec.cat\/escolamartamata\/wp-json\/wp\/v2\/posts\/18306\/revisions"}],"predecessor-version":[{"id":18312,"href":"https:\/\/agora.xtec.cat\/escolamartamata\/wp-json\/wp\/v2\/posts\/18306\/revisions\/18312"}],"wp:featuredmedia":[{"embeddable":true,"href":"https:\/\/agora.xtec.cat\/escolamartamata\/wp-json\/wp\/v2\/media\/16143"}],"wp:attachment":[{"href":"https:\/\/agora.xtec.cat\/escolamartamata\/wp-json\/wp\/v2\/media?parent=18306"}],"wp:term":[{"taxonomy":"category","embeddable":true,"href":"https:\/\/agora.xtec.cat\/escolamartamata\/wp-json\/wp\/v2\/categories?post=18306"},{"taxonomy":"post_tag","embeddable":true,"href":"https:\/\/agora.xtec.cat\/escolamartamata\/wp-json\/wp\/v2\/tags?post=18306"}],"curies":[{"name":"wp","href":"https:\/\/api.w.org\/{rel}","templated":true}]}}