{"id":17632,"date":"2021-04-22T20:29:35","date_gmt":"2021-04-22T18:29:35","guid":{"rendered":"https:\/\/agora.xtec.cat\/escolamartamata\/?p=17632"},"modified":"2021-06-07T20:31:48","modified_gmt":"2021-06-07T18:31:48","slug":"plantem-a-la-nostra-jardinera","status":"publish","type":"post","link":"https:\/\/agora.xtec.cat\/escolamartamata\/massagrans2021\/aulasurtaula\/plantem-a-la-nostra-jardinera\/","title":{"rendered":"PLANTEM A LA NOSTRA JARDINERA"},"content":{"rendered":"<p><em>Text escrit per Laia Gonz\u00e1lez:<\/em><\/p>\n<p><span style=\"font-weight: 400;\">Vam treure totes les males herbes que hi havien a la jardinera. Ho vam fer molt r\u00e0pid perqu\u00e8 ens ajud\u00e0vem entre tots.\u00a0<\/span><\/p>\n<p><span style=\"font-weight: 400;\">Despr\u00e9s de treure les males herbes vam remenar la terra per treure el restant de les herbes que faltaven.\u00a0<\/span><\/p>\n<p><span style=\"font-weight: 400;\">Quan vam acabar de remoure la terra el Dani ens va explicar com es treu la planta i vam fer un forat a la terra per plantarles.\u00a0<\/span><\/p>\n<p><span style=\"font-weight: 400;\">Quan ho teniam tot plantat vam ficar terra nova per tapar tot.<\/span><\/p>\n<p><a href=\"https:\/\/agora.xtec.cat\/escolamartamata\/wp-content\/uploads\/usu1957\/2021\/06\/IMG_20210415_152035_1-min.jpg\"><img loading=\"lazy\" decoding=\"async\" class=\"alignnone size-large wp-image-17644\" src=\"https:\/\/agora.xtec.cat\/escolamartamata\/wp-content\/uploads\/usu1957\/2021\/06\/IMG_20210415_152035_1-min-768x1024.jpg\" alt=\"\" width=\"768\" height=\"1024\" srcset=\"https:\/\/agora.xtec.cat\/escolamartamata\/wp-content\/uploads\/usu1957\/2021\/06\/IMG_20210415_152035_1-min-768x1024.jpg 768w, https:\/\/agora.xtec.cat\/escolamartamata\/wp-content\/uploads\/usu1957\/2021\/06\/IMG_20210415_152035_1-min-225x300.jpg 225w\" sizes=\"auto, (max-width: 768px) 100vw, 768px\" \/><\/a><\/p>\n<p>&nbsp;<\/p>\n<p><em>Text escrit per Ona Jim\u00e9nez:<br \/>\n<\/em><\/p>\n<p><span style=\"font-weight: 400;\">El passat dijous vam anar pel mat\u00ed a comprar al Viver del Rec una planta per cadascun de la classe i una planta per totes les classes.,\u00a0<\/span><\/p>\n<p><span style=\"font-weight: 400;\">A la tarda vam arreglar la jardinera, vam arrencar totes les plantes de la jardinera per grups de 4 o 5 persones. T<\/span><span style=\"font-weight: 400;\">amb\u00e9, vam haver de posar un pols per les formigues perqu\u00e8 hi havia moltes i no aniria b\u00e9 per les nostres plantes.<\/span><\/p>\n<p><span style=\"font-weight: 400;\">Amb unes eines de jardineria vam moure tota la terra perqu\u00e8 havia estat tant de temps sense que ning\u00fa la toques. Despr\u00e9s vam escollir com i a on plantar\u00edem les nostres plantes i vam decidir posar-les de manera que quedessin creuades. Tamb\u00e9, <\/span><span style=\"font-weight: 400;\">vam posar uns cartells amb el nom de la planta, el nostre nom i el nom cient\u00edfic.<\/span><\/p>\n<p><span style=\"font-weight: 400;\">Hem aconseguit una jardinera molt bonica!\u00a0\u00a0<\/span><\/p>\n<p><em> <a href=\"https:\/\/agora.xtec.cat\/escolamartamata\/wp-content\/uploads\/usu1957\/2021\/06\/IMG_20210415_184917-min.jpg\"><img loading=\"lazy\" decoding=\"async\" class=\"size-large wp-image-17645 aligncenter\" src=\"https:\/\/agora.xtec.cat\/escolamartamata\/wp-content\/uploads\/usu1957\/2021\/06\/IMG_20210415_184917-min-585x1024.jpg\" alt=\"\" width=\"585\" height=\"1024\" srcset=\"https:\/\/agora.xtec.cat\/escolamartamata\/wp-content\/uploads\/usu1957\/2021\/06\/IMG_20210415_184917-min-585x1024.jpg 585w, https:\/\/agora.xtec.cat\/escolamartamata\/wp-content\/uploads\/usu1957\/2021\/06\/IMG_20210415_184917-min-171x300.jpg 171w, https:\/\/agora.xtec.cat\/escolamartamata\/wp-content\/uploads\/usu1957\/2021\/06\/IMG_20210415_184917-min-768x1345.jpg 768w, https:\/\/agora.xtec.cat\/escolamartamata\/wp-content\/uploads\/usu1957\/2021\/06\/IMG_20210415_184917-min.jpg 1678w\" sizes=\"auto, (max-width: 585px) 100vw, 585px\" \/><\/a><\/em><\/p>\n","protected":false},"excerpt":{"rendered":"<p>Text escrit per Laia Gonz\u00e1lez: Vam treure totes les males herbes que hi havien a la jardinera. Ho vam fer molt r\u00e0pid perqu\u00e8 ens ajud\u00e0vem entre tots.\u00a0 Despr\u00e9s de treure les males herbes vam remenar la terra per treure el restant de les herbes que faltaven.\u00a0 Quan vam acabar de remoure la terra el Dani [&hellip;]<\/p>\n","protected":false},"author":53,"featured_media":16143,"comment_status":"closed","ping_status":"closed","sticky":false,"template":"","format":"standard","meta":{"_bbp_topic_count":0,"_bbp_reply_count":0,"_bbp_total_topic_count":0,"_bbp_total_reply_count":0,"_bbp_voice_count":0,"_bbp_anonymous_reply_count":0,"_bbp_topic_count_hidden":0,"_bbp_reply_count_hidden":0,"_bbp_forum_subforum_count":0,"site-sidebar-layout":"default","site-content-layout":"","ast-site-content-layout":"","site-content-style":"default","site-sidebar-style":"default","ast-global-header-display":"","ast-banner-title-visibility":"","ast-main-header-display":"","ast-hfb-above-header-display":"","ast-hfb-below-header-display":"","ast-hfb-mobile-header-display":"","site-post-title":"","ast-breadcrumbs-content":"","ast-featured-img":"","footer-sml-layout":"","theme-transparent-header-meta":"","adv-header-id-meta":"","stick-header-meta":"","header-above-stick-meta":"","header-main-stick-meta":"","header-below-stick-meta":"","astra-migrate-meta-layouts":"default","ast-page-background-enabled":"default","ast-page-background-meta":{"desktop":{"background-color":"var(--ast-global-color-4)","background-image":"","background-repeat":"repeat","background-position":"center center","background-size":"auto","background-attachment":"scroll","background-type":"","background-media":"","overlay-type":"","overlay-color":"","overlay-opacity":"","overlay-gradient":""},"tablet":{"background-color":"","background-image":"","background-repeat":"repeat","background-position":"center center","background-size":"auto","background-attachment":"scroll","background-type":"","background-media":"","overlay-type":"","overlay-color":"","overlay-opacity":"","overlay-gradient":""},"mobile":{"background-color":"","background-image":"","background-repeat":"repeat","background-position":"center center","background-size":"auto","background-attachment":"scroll","background-type":"","background-media":"","overlay-type":"","overlay-color":"","overlay-opacity":"","overlay-gradient":""}},"ast-content-background-meta":{"desktop":{"background-color":"var(--ast-global-color-5)","background-image":"","background-repeat":"repeat","background-position":"center center","background-size":"auto","background-attachment":"scroll","background-type":"","background-media":"","overlay-type":"","overlay-color":"","overlay-opacity":"","overlay-gradient":""},"tablet":{"background-color":"var(--ast-global-color-5)","background-image":"","background-repeat":"repeat","background-position":"center center","background-size":"auto","background-attachment":"scroll","background-type":"","background-media":"","overlay-type":"","overlay-color":"","overlay-opacity":"","overlay-gradient":""},"mobile":{"background-color":"var(--ast-global-color-5)","background-image":"","background-repeat":"repeat","background-position":"center center","background-size":"auto","background-attachment":"scroll","background-type":"","background-media":"","overlay-type":"","overlay-color":"","overlay-opacity":"","overlay-gradient":""}},"footnotes":""},"categories":[295],"tags":[],"class_list":["post-17632","post","type-post","status-publish","format-standard","has-post-thumbnail","hentry","category-aulasurtaula"],"post_mailing_queue_ids":[],"_links":{"self":[{"href":"https:\/\/agora.xtec.cat\/escolamartamata\/wp-json\/wp\/v2\/posts\/17632","targetHints":{"allow":["GET"]}}],"collection":[{"href":"https:\/\/agora.xtec.cat\/escolamartamata\/wp-json\/wp\/v2\/posts"}],"about":[{"href":"https:\/\/agora.xtec.cat\/escolamartamata\/wp-json\/wp\/v2\/types\/post"}],"author":[{"embeddable":true,"href":"https:\/\/agora.xtec.cat\/escolamartamata\/wp-json\/wp\/v2\/users\/53"}],"replies":[{"embeddable":true,"href":"https:\/\/agora.xtec.cat\/escolamartamata\/wp-json\/wp\/v2\/comments?post=17632"}],"version-history":[{"count":2,"href":"https:\/\/agora.xtec.cat\/escolamartamata\/wp-json\/wp\/v2\/posts\/17632\/revisions"}],"predecessor-version":[{"id":17646,"href":"https:\/\/agora.xtec.cat\/escolamartamata\/wp-json\/wp\/v2\/posts\/17632\/revisions\/17646"}],"wp:featuredmedia":[{"embeddable":true,"href":"https:\/\/agora.xtec.cat\/escolamartamata\/wp-json\/wp\/v2\/media\/16143"}],"wp:attachment":[{"href":"https:\/\/agora.xtec.cat\/escolamartamata\/wp-json\/wp\/v2\/media?parent=17632"}],"wp:term":[{"taxonomy":"category","embeddable":true,"href":"https:\/\/agora.xtec.cat\/escolamartamata\/wp-json\/wp\/v2\/categories?post=17632"},{"taxonomy":"post_tag","embeddable":true,"href":"https:\/\/agora.xtec.cat\/escolamartamata\/wp-json\/wp\/v2\/tags?post=17632"}],"curies":[{"name":"wp","href":"https:\/\/api.w.org\/{rel}","templated":true}]}}