{"id":17474,"date":"2021-06-04T19:07:29","date_gmt":"2021-06-04T17:07:29","guid":{"rendered":"https:\/\/agora.xtec.cat\/escolamartamata\/?p=17474"},"modified":"2021-06-04T19:07:29","modified_gmt":"2021-06-04T17:07:29","slug":"anem-a-la-tossa","status":"publish","type":"post","link":"https:\/\/agora.xtec.cat\/escolamartamata\/tanits25-26\/anemdexcursio\/anem-a-la-tossa\/","title":{"rendered":"ANEM A LA TOSSA"},"content":{"rendered":"<p>Ja ha arribat el gran esperat dia!!! avui per f\u00ed,hem pogut agafar l&#8217;autocar per anar a la muntanya de la Tossa.<\/p>\n<p>Despr\u00e9s d&#8217;un curt, per\u00f2 emocionant recorregut amb autocar, hem arribat a la Tossa i hem esmorzat davant el castell. Quan est\u00e0vem menjant ens ha vingut a visitar un policia de la Tossa, amic del tiet V\u00edctor de l&#8217;Aleix i ens ha desitjat que tingu\u00e9ssim un bon dia.<\/p>\n<p>Un cop hem omplert les panxes hem anat a fer una caminadeta i hem visitat la torre de vigil\u00e0ncia i\u00a0 l&#8217;alzina mil.len\u00e0ria.<\/p>\n<p>Hem dinat a l&#8217;esplanada que hi ha davant l&#8217;esgl\u00e9sia i hem jugat una estoneta abans de tornar cap a l&#8217;escola.<\/p>\n<p>Ha estat un dia ple d&#8217;emocions i aventures i els Patufets i les Patufetes han gaudit molt\u00edssim\u00a0 del seu final de projecte.<\/p>\n<p style=\"text-align: center;\"><a href=\"https:\/\/agora.xtec.cat\/escolamartamata\/wp-content\/uploads\/usu1957\/2021\/06\/IMG_0669.jpg\"><img loading=\"lazy\" decoding=\"async\" class=\"alignnone size-medium wp-image-17447\" src=\"https:\/\/agora.xtec.cat\/escolamartamata\/wp-content\/uploads\/usu1957\/2021\/06\/IMG_0669-300x225.jpg\" alt=\"\" width=\"300\" height=\"225\" srcset=\"https:\/\/agora.xtec.cat\/escolamartamata\/wp-content\/uploads\/usu1957\/2021\/06\/IMG_0669-300x225.jpg 300w, https:\/\/agora.xtec.cat\/escolamartamata\/wp-content\/uploads\/usu1957\/2021\/06\/IMG_0669-768x576.jpg 768w, https:\/\/agora.xtec.cat\/escolamartamata\/wp-content\/uploads\/usu1957\/2021\/06\/IMG_0669-1024x768.jpg 1024w, https:\/\/agora.xtec.cat\/escolamartamata\/wp-content\/uploads\/usu1957\/2021\/06\/IMG_0669-200x150.jpg 200w\" sizes=\"auto, (max-width: 300px) 100vw, 300px\" \/><\/a> <a href=\"https:\/\/agora.xtec.cat\/escolamartamata\/wp-content\/uploads\/usu1957\/2021\/06\/IMG_0668.jpg\"><img loading=\"lazy\" decoding=\"async\" class=\"alignnone size-medium wp-image-17446\" src=\"https:\/\/agora.xtec.cat\/escolamartamata\/wp-content\/uploads\/usu1957\/2021\/06\/IMG_0668-300x225.jpg\" alt=\"\" width=\"300\" height=\"225\" srcset=\"https:\/\/agora.xtec.cat\/escolamartamata\/wp-content\/uploads\/usu1957\/2021\/06\/IMG_0668-300x225.jpg 300w, https:\/\/agora.xtec.cat\/escolamartamata\/wp-content\/uploads\/usu1957\/2021\/06\/IMG_0668-768x576.jpg 768w, https:\/\/agora.xtec.cat\/escolamartamata\/wp-content\/uploads\/usu1957\/2021\/06\/IMG_0668-1024x768.jpg 1024w, https:\/\/agora.xtec.cat\/escolamartamata\/wp-content\/uploads\/usu1957\/2021\/06\/IMG_0668-200x150.jpg 200w\" sizes=\"auto, (max-width: 300px) 100vw, 300px\" \/><\/a><\/p>\n<p>Podeu trobar m\u00e9s fotografies al DRIVE.<\/p>\n","protected":false},"excerpt":{"rendered":"<p>Ja ha arribat el gran esperat dia!!! avui per f\u00ed,hem pogut agafar l&#8217;autocar per anar a la muntanya de la Tossa.<br \/>\nDespr\u00e9s d&#8217;un curt, per\u00f2 emocionant recorregut amb autocar, hem arribat a la Tossa i hem esmorzat davant el castell. Quan est\u00e0vem menjant ens ha vingut&hellip;  <a href=\"https:\/\/agora.xtec.cat\/escolamartamata\/tanits25-26\/anemdexcursio\/anem-a-la-tossa\/\" title=\"Read ANEM A LA TOSSA\">Llegeix m\u00e9s\u00bb<\/a><\/p>\n","protected":false},"author":8,"featured_media":16143,"comment_status":"closed","ping_status":"closed","sticky":false,"template":"","format":"standard","meta":{"_bbp_topic_count":0,"_bbp_reply_count":0,"_bbp_total_topic_count":0,"_bbp_total_reply_count":0,"_bbp_voice_count":0,"_bbp_anonymous_reply_count":0,"_bbp_topic_count_hidden":0,"_bbp_reply_count_hidden":0,"_bbp_forum_subforum_count":0,"footnotes":""},"categories":[301],"tags":[],"class_list":["post-17474","post","type-post","status-publish","format-standard","has-post-thumbnail","hentry","category-anemdexcursio"],"post_mailing_queue_ids":[],"_links":{"self":[{"href":"https:\/\/agora.xtec.cat\/escolamartamata\/wp-json\/wp\/v2\/posts\/17474","targetHints":{"allow":["GET"]}}],"collection":[{"href":"https:\/\/agora.xtec.cat\/escolamartamata\/wp-json\/wp\/v2\/posts"}],"about":[{"href":"https:\/\/agora.xtec.cat\/escolamartamata\/wp-json\/wp\/v2\/types\/post"}],"author":[{"embeddable":true,"href":"https:\/\/agora.xtec.cat\/escolamartamata\/wp-json\/wp\/v2\/users\/8"}],"replies":[{"embeddable":true,"href":"https:\/\/agora.xtec.cat\/escolamartamata\/wp-json\/wp\/v2\/comments?post=17474"}],"version-history":[{"count":2,"href":"https:\/\/agora.xtec.cat\/escolamartamata\/wp-json\/wp\/v2\/posts\/17474\/revisions"}],"predecessor-version":[{"id":17476,"href":"https:\/\/agora.xtec.cat\/escolamartamata\/wp-json\/wp\/v2\/posts\/17474\/revisions\/17476"}],"wp:featuredmedia":[{"embeddable":true,"href":"https:\/\/agora.xtec.cat\/escolamartamata\/wp-json\/wp\/v2\/media\/16143"}],"wp:attachment":[{"href":"https:\/\/agora.xtec.cat\/escolamartamata\/wp-json\/wp\/v2\/media?parent=17474"}],"wp:term":[{"taxonomy":"category","embeddable":true,"href":"https:\/\/agora.xtec.cat\/escolamartamata\/wp-json\/wp\/v2\/categories?post=17474"},{"taxonomy":"post_tag","embeddable":true,"href":"https:\/\/agora.xtec.cat\/escolamartamata\/wp-json\/wp\/v2\/tags?post=17474"}],"curies":[{"name":"wp","href":"https:\/\/api.w.org\/{rel}","templated":true}]}}