{"id":17470,"date":"2021-06-04T18:53:54","date_gmt":"2021-06-04T16:53:54","guid":{"rendered":"https:\/\/agora.xtec.cat\/escolamartamata\/?p=17470"},"modified":"2021-06-04T18:53:54","modified_gmt":"2021-06-04T16:53:54","slug":"laleix-ens-porta-un-mapa","status":"publish","type":"post","link":"https:\/\/agora.xtec.cat\/escolamartamata\/tanits25-26\/anemdexcursio\/laleix-ens-porta-un-mapa\/","title":{"rendered":"L&#8217;ALEIX ENS PORTA UN MAPA"},"content":{"rendered":"<p style=\"text-align: justify;\">Un dia a la rotllana l&#8217;Aleix ens explica que el seu tiet V\u00edctor \u00e9s policia de Santa Margarida de Montbui i que \u00e9s l&#8217;encarregat de vigilar la muntanya de la Tossa.<\/p>\n<p style=\"text-align: justify;\">Ens porta uns mapes de la Tossa i ens explica per on podrem anar a caminar. Ens diu que podrem veure un castell i una esgl\u00e9sia.<\/p>\n<p style=\"text-align: justify;\">Mirem detingudament els mapes i veiem que per la Tossa hi ha molts camins interessants per poder passejar. Quan anem a la Tossa buscarem algun cam\u00ed per passejar!<\/p>\n<p style=\"text-align: center;\"><a href=\"https:\/\/agora.xtec.cat\/escolamartamata\/wp-content\/uploads\/usu1957\/2021\/06\/IMG_0673-e1622824821429.jpg\"><img loading=\"lazy\" decoding=\"async\" class=\"alignnone size-medium wp-image-17451\" src=\"https:\/\/agora.xtec.cat\/escolamartamata\/wp-content\/uploads\/usu1957\/2021\/06\/IMG_0673-e1622824821429-300x266.jpg\" alt=\"\" width=\"300\" height=\"266\" srcset=\"https:\/\/agora.xtec.cat\/escolamartamata\/wp-content\/uploads\/usu1957\/2021\/06\/IMG_0673-e1622824821429-300x266.jpg 300w, https:\/\/agora.xtec.cat\/escolamartamata\/wp-content\/uploads\/usu1957\/2021\/06\/IMG_0673-e1622824821429-768x682.jpg 768w, https:\/\/agora.xtec.cat\/escolamartamata\/wp-content\/uploads\/usu1957\/2021\/06\/IMG_0673-e1622824821429-1024x909.jpg 1024w\" sizes=\"auto, (max-width: 300px) 100vw, 300px\" \/><\/a> <a href=\"https:\/\/agora.xtec.cat\/escolamartamata\/wp-content\/uploads\/usu1957\/2021\/06\/IMG_0672.jpg\"><img loading=\"lazy\" decoding=\"async\" class=\"alignnone size-medium wp-image-17450\" src=\"https:\/\/agora.xtec.cat\/escolamartamata\/wp-content\/uploads\/usu1957\/2021\/06\/IMG_0672-300x225.jpg\" alt=\"\" width=\"300\" height=\"225\" srcset=\"https:\/\/agora.xtec.cat\/escolamartamata\/wp-content\/uploads\/usu1957\/2021\/06\/IMG_0672-300x225.jpg 300w, https:\/\/agora.xtec.cat\/escolamartamata\/wp-content\/uploads\/usu1957\/2021\/06\/IMG_0672-768x576.jpg 768w, https:\/\/agora.xtec.cat\/escolamartamata\/wp-content\/uploads\/usu1957\/2021\/06\/IMG_0672-1024x768.jpg 1024w, https:\/\/agora.xtec.cat\/escolamartamata\/wp-content\/uploads\/usu1957\/2021\/06\/IMG_0672-200x150.jpg 200w\" sizes=\"auto, (max-width: 300px) 100vw, 300px\" \/><\/a><\/p>\n<p>&nbsp;<\/p>\n","protected":false},"excerpt":{"rendered":"<p>Un dia a la rotllana l&#8217;Aleix ens explica que el seu tiet V\u00edctor \u00e9s policia de Santa Margarida de Montbui i que \u00e9s l&#8217;encarregat de vigilar la muntanya de la Tossa.<br \/>\nEns porta uns mapes de la Tossa i ens explica per on podrem anar a&hellip;  <a href=\"https:\/\/agora.xtec.cat\/escolamartamata\/tanits25-26\/anemdexcursio\/laleix-ens-porta-un-mapa\/\" title=\"Read L&#8217;ALEIX ENS PORTA UN MAPA\">Llegeix m\u00e9s\u00bb<\/a><\/p>\n","protected":false},"author":8,"featured_media":16143,"comment_status":"closed","ping_status":"closed","sticky":false,"template":"","format":"standard","meta":{"_bbp_topic_count":0,"_bbp_reply_count":0,"_bbp_total_topic_count":0,"_bbp_total_reply_count":0,"_bbp_voice_count":0,"_bbp_anonymous_reply_count":0,"_bbp_topic_count_hidden":0,"_bbp_reply_count_hidden":0,"_bbp_forum_subforum_count":0,"footnotes":""},"categories":[301],"tags":[],"class_list":["post-17470","post","type-post","status-publish","format-standard","has-post-thumbnail","hentry","category-anemdexcursio"],"post_mailing_queue_ids":[],"_links":{"self":[{"href":"https:\/\/agora.xtec.cat\/escolamartamata\/wp-json\/wp\/v2\/posts\/17470","targetHints":{"allow":["GET"]}}],"collection":[{"href":"https:\/\/agora.xtec.cat\/escolamartamata\/wp-json\/wp\/v2\/posts"}],"about":[{"href":"https:\/\/agora.xtec.cat\/escolamartamata\/wp-json\/wp\/v2\/types\/post"}],"author":[{"embeddable":true,"href":"https:\/\/agora.xtec.cat\/escolamartamata\/wp-json\/wp\/v2\/users\/8"}],"replies":[{"embeddable":true,"href":"https:\/\/agora.xtec.cat\/escolamartamata\/wp-json\/wp\/v2\/comments?post=17470"}],"version-history":[{"count":1,"href":"https:\/\/agora.xtec.cat\/escolamartamata\/wp-json\/wp\/v2\/posts\/17470\/revisions"}],"predecessor-version":[{"id":17473,"href":"https:\/\/agora.xtec.cat\/escolamartamata\/wp-json\/wp\/v2\/posts\/17470\/revisions\/17473"}],"wp:featuredmedia":[{"embeddable":true,"href":"https:\/\/agora.xtec.cat\/escolamartamata\/wp-json\/wp\/v2\/media\/16143"}],"wp:attachment":[{"href":"https:\/\/agora.xtec.cat\/escolamartamata\/wp-json\/wp\/v2\/media?parent=17470"}],"wp:term":[{"taxonomy":"category","embeddable":true,"href":"https:\/\/agora.xtec.cat\/escolamartamata\/wp-json\/wp\/v2\/categories?post=17470"},{"taxonomy":"post_tag","embeddable":true,"href":"https:\/\/agora.xtec.cat\/escolamartamata\/wp-json\/wp\/v2\/tags?post=17470"}],"curies":[{"name":"wp","href":"https:\/\/api.w.org\/{rel}","templated":true}]}}