{"id":17062,"date":"2021-05-18T19:17:52","date_gmt":"2021-05-18T17:17:52","guid":{"rendered":"https:\/\/agora.xtec.cat\/escolamartamata\/?p=17062"},"modified":"2021-05-18T19:17:52","modified_gmt":"2021-05-18T17:17:52","slug":"dibuixem-la-tossa","status":"publish","type":"post","link":"https:\/\/agora.xtec.cat\/escolamartamata\/tanits25-26\/anemdexcursio\/dibuixem-la-tossa\/","title":{"rendered":"DIBUIXEM LA TOSSA"},"content":{"rendered":"<p style=\"text-align: justify;\">Anem al parc fluvial per poder fer un dibuix del natural de la muntanya de la Tossa.<\/p>\n<p style=\"text-align: justify;\">Per fer el dibuix fem servir les carpetes dels nens i nenes grans i per primer cop utilitzem els carbonets. Abans de comen\u00e7ar a dibuixar observem detingudament la muntanya i parlem de com \u00e9s. Un cop tenim molt clar com fer el dibuix comencem a fer-lo. Hi ha infants que el fan molt r\u00e0pid, i n&#8217;hi ha d&#8217;altres que s&#8217;entretenen fent m\u00e9s detalls.<\/p>\n<p style=\"text-align: center;\"><a href=\"https:\/\/agora.xtec.cat\/escolamartamata\/wp-content\/uploads\/usu1957\/2021\/05\/IMG_0170.jpg\"><img loading=\"lazy\" decoding=\"async\" class=\"alignnone size-medium wp-image-17064\" src=\"https:\/\/agora.xtec.cat\/escolamartamata\/wp-content\/uploads\/usu1957\/2021\/05\/IMG_0170-300x225.jpg\" alt=\"\" width=\"300\" height=\"225\" srcset=\"https:\/\/agora.xtec.cat\/escolamartamata\/wp-content\/uploads\/usu1957\/2021\/05\/IMG_0170-300x225.jpg 300w, https:\/\/agora.xtec.cat\/escolamartamata\/wp-content\/uploads\/usu1957\/2021\/05\/IMG_0170-768x576.jpg 768w, https:\/\/agora.xtec.cat\/escolamartamata\/wp-content\/uploads\/usu1957\/2021\/05\/IMG_0170-1024x768.jpg 1024w, https:\/\/agora.xtec.cat\/escolamartamata\/wp-content\/uploads\/usu1957\/2021\/05\/IMG_0170-200x150.jpg 200w, https:\/\/agora.xtec.cat\/escolamartamata\/wp-content\/uploads\/usu1957\/2021\/05\/IMG_0170.jpg 2018w\" sizes=\"auto, (max-width: 300px) 100vw, 300px\" \/><\/a> <a href=\"https:\/\/agora.xtec.cat\/escolamartamata\/wp-content\/uploads\/usu1957\/2021\/05\/IMG_0171.jpg\"><img loading=\"lazy\" decoding=\"async\" class=\"alignnone size-medium wp-image-17063\" src=\"https:\/\/agora.xtec.cat\/escolamartamata\/wp-content\/uploads\/usu1957\/2021\/05\/IMG_0171-300x225.jpg\" alt=\"\" width=\"300\" height=\"225\" srcset=\"https:\/\/agora.xtec.cat\/escolamartamata\/wp-content\/uploads\/usu1957\/2021\/05\/IMG_0171-300x225.jpg 300w, https:\/\/agora.xtec.cat\/escolamartamata\/wp-content\/uploads\/usu1957\/2021\/05\/IMG_0171-768x576.jpg 768w, https:\/\/agora.xtec.cat\/escolamartamata\/wp-content\/uploads\/usu1957\/2021\/05\/IMG_0171-1024x768.jpg 1024w, https:\/\/agora.xtec.cat\/escolamartamata\/wp-content\/uploads\/usu1957\/2021\/05\/IMG_0171-200x150.jpg 200w, https:\/\/agora.xtec.cat\/escolamartamata\/wp-content\/uploads\/usu1957\/2021\/05\/IMG_0171.jpg 2018w\" sizes=\"auto, (max-width: 300px) 100vw, 300px\" \/><\/a><\/p>\n<p>Podeu trobar m\u00e9s fotografies al DRIVE.<\/p>\n<p style=\"text-align: justify;\">\n","protected":false},"excerpt":{"rendered":"<p>Anem al parc fluvial per poder fer un dibuix del natural de la muntanya de la Tossa.<br \/>\nPer fer el dibuix fem servir les carpetes dels nens i nenes grans i per primer cop utilitzem els carbonets. Abans de comen\u00e7ar a dibuixar observem detingudament la muntanya&hellip;  <a href=\"https:\/\/agora.xtec.cat\/escolamartamata\/tanits25-26\/anemdexcursio\/dibuixem-la-tossa\/\" title=\"Read DIBUIXEM LA TOSSA\">Llegeix m\u00e9s\u00bb<\/a><\/p>\n","protected":false},"author":8,"featured_media":16143,"comment_status":"closed","ping_status":"closed","sticky":false,"template":"","format":"standard","meta":{"_bbp_topic_count":0,"_bbp_reply_count":0,"_bbp_total_topic_count":0,"_bbp_total_reply_count":0,"_bbp_voice_count":0,"_bbp_anonymous_reply_count":0,"_bbp_topic_count_hidden":0,"_bbp_reply_count_hidden":0,"_bbp_forum_subforum_count":0,"footnotes":""},"categories":[301],"tags":[],"class_list":["post-17062","post","type-post","status-publish","format-standard","has-post-thumbnail","hentry","category-anemdexcursio"],"post_mailing_queue_ids":[],"_links":{"self":[{"href":"https:\/\/agora.xtec.cat\/escolamartamata\/wp-json\/wp\/v2\/posts\/17062","targetHints":{"allow":["GET"]}}],"collection":[{"href":"https:\/\/agora.xtec.cat\/escolamartamata\/wp-json\/wp\/v2\/posts"}],"about":[{"href":"https:\/\/agora.xtec.cat\/escolamartamata\/wp-json\/wp\/v2\/types\/post"}],"author":[{"embeddable":true,"href":"https:\/\/agora.xtec.cat\/escolamartamata\/wp-json\/wp\/v2\/users\/8"}],"replies":[{"embeddable":true,"href":"https:\/\/agora.xtec.cat\/escolamartamata\/wp-json\/wp\/v2\/comments?post=17062"}],"version-history":[{"count":1,"href":"https:\/\/agora.xtec.cat\/escolamartamata\/wp-json\/wp\/v2\/posts\/17062\/revisions"}],"predecessor-version":[{"id":17065,"href":"https:\/\/agora.xtec.cat\/escolamartamata\/wp-json\/wp\/v2\/posts\/17062\/revisions\/17065"}],"wp:featuredmedia":[{"embeddable":true,"href":"https:\/\/agora.xtec.cat\/escolamartamata\/wp-json\/wp\/v2\/media\/16143"}],"wp:attachment":[{"href":"https:\/\/agora.xtec.cat\/escolamartamata\/wp-json\/wp\/v2\/media?parent=17062"}],"wp:term":[{"taxonomy":"category","embeddable":true,"href":"https:\/\/agora.xtec.cat\/escolamartamata\/wp-json\/wp\/v2\/categories?post=17062"},{"taxonomy":"post_tag","embeddable":true,"href":"https:\/\/agora.xtec.cat\/escolamartamata\/wp-json\/wp\/v2\/tags?post=17062"}],"curies":[{"name":"wp","href":"https:\/\/api.w.org\/{rel}","templated":true}]}}