{"id":16743,"date":"2021-05-05T19:32:21","date_gmt":"2021-05-05T17:32:21","guid":{"rendered":"https:\/\/agora.xtec.cat\/escolamartamata\/?p=16743"},"modified":"2021-05-05T19:32:21","modified_gmt":"2021-05-05T17:32:21","slug":"qui-vindra-dexcursio","status":"publish","type":"post","link":"https:\/\/agora.xtec.cat\/escolamartamata\/tanits25-26\/anemdexcursio\/qui-vindra-dexcursio\/","title":{"rendered":"QUI VINDR\u00c0 D&#8217;EXCURSI\u00d3?"},"content":{"rendered":"<p style=\"text-align: justify;\">Ja fa dies que estem preparant la nostra primera excursi\u00f3 de tot un dia i m\u00e9s d&#8217;un cop els hi hem dit en els infants que preguntin a casa si els pares, mares i mamis els deixaran anar. Molts nens i nenes han fet molt b\u00e9 els deures i ja ens han dit que els hi han dit que S\u00cd o NO, per\u00f2 molts infants no els hi han preguntat, per aix\u00f2 decidim fer una nota per les fam\u00edlies.<\/p>\n<p>Aquest cop per escriure hem fet servir la pantalla digital i ens ha agradat molt i hem estat for\u00e7a atents buscant les lletres en el teclat.<\/p>\n<p>Entre tots i totes hem escrit &#8220;Puc ana dascursio&#8221;, respectant l&#8217;ortografia natural, escriuen tal com sona.<\/p>\n<p style=\"text-align: center;\"><a href=\"https:\/\/agora.xtec.cat\/escolamartamata\/wp-content\/uploads\/usu1957\/2021\/05\/IMG_9911.jpg\"><img loading=\"lazy\" decoding=\"async\" class=\"alignnone size-medium wp-image-16746\" src=\"https:\/\/agora.xtec.cat\/escolamartamata\/wp-content\/uploads\/usu1957\/2021\/05\/IMG_9911-300x225.jpg\" alt=\"\" width=\"300\" height=\"225\" srcset=\"https:\/\/agora.xtec.cat\/escolamartamata\/wp-content\/uploads\/usu1957\/2021\/05\/IMG_9911-300x225.jpg 300w, https:\/\/agora.xtec.cat\/escolamartamata\/wp-content\/uploads\/usu1957\/2021\/05\/IMG_9911-768x576.jpg 768w, https:\/\/agora.xtec.cat\/escolamartamata\/wp-content\/uploads\/usu1957\/2021\/05\/IMG_9911-1024x768.jpg 1024w, https:\/\/agora.xtec.cat\/escolamartamata\/wp-content\/uploads\/usu1957\/2021\/05\/IMG_9911-200x150.jpg 200w\" sizes=\"auto, (max-width: 300px) 100vw, 300px\" \/><\/a> <a href=\"https:\/\/agora.xtec.cat\/escolamartamata\/wp-content\/uploads\/usu1957\/2021\/05\/IMG_9893.jpg\"><img loading=\"lazy\" decoding=\"async\" class=\"alignnone size-medium wp-image-16747\" src=\"https:\/\/agora.xtec.cat\/escolamartamata\/wp-content\/uploads\/usu1957\/2021\/05\/IMG_9893-300x225.jpg\" alt=\"\" width=\"300\" height=\"225\" srcset=\"https:\/\/agora.xtec.cat\/escolamartamata\/wp-content\/uploads\/usu1957\/2021\/05\/IMG_9893-300x225.jpg 300w, https:\/\/agora.xtec.cat\/escolamartamata\/wp-content\/uploads\/usu1957\/2021\/05\/IMG_9893-768x576.jpg 768w, https:\/\/agora.xtec.cat\/escolamartamata\/wp-content\/uploads\/usu1957\/2021\/05\/IMG_9893-1024x768.jpg 1024w, https:\/\/agora.xtec.cat\/escolamartamata\/wp-content\/uploads\/usu1957\/2021\/05\/IMG_9893-200x150.jpg 200w\" sizes=\"auto, (max-width: 300px) 100vw, 300px\" \/><\/a> <a href=\"https:\/\/agora.xtec.cat\/escolamartamata\/wp-content\/uploads\/usu1957\/2021\/05\/IMG_9905.jpg\"><img loading=\"lazy\" decoding=\"async\" class=\"alignnone size-medium wp-image-16748\" src=\"https:\/\/agora.xtec.cat\/escolamartamata\/wp-content\/uploads\/usu1957\/2021\/05\/IMG_9905-300x225.jpg\" alt=\"\" width=\"300\" height=\"225\" srcset=\"https:\/\/agora.xtec.cat\/escolamartamata\/wp-content\/uploads\/usu1957\/2021\/05\/IMG_9905-300x225.jpg 300w, https:\/\/agora.xtec.cat\/escolamartamata\/wp-content\/uploads\/usu1957\/2021\/05\/IMG_9905-768x576.jpg 768w, https:\/\/agora.xtec.cat\/escolamartamata\/wp-content\/uploads\/usu1957\/2021\/05\/IMG_9905-1024x768.jpg 1024w, https:\/\/agora.xtec.cat\/escolamartamata\/wp-content\/uploads\/usu1957\/2021\/05\/IMG_9905-200x150.jpg 200w\" sizes=\"auto, (max-width: 300px) 100vw, 300px\" \/><\/a><\/p>\n<p>Podeu trobar m\u00e9s fotografies al DRIVE.<\/p>\n","protected":false},"excerpt":{"rendered":"<p>Ja fa dies que estem preparant la nostra primera excursi\u00f3 de tot un dia i m\u00e9s d&#8217;un cop els hi hem dit en els infants que preguntin a casa si els pares, mares i mamis els deixaran anar. Molts nens i nenes han fet molt&hellip;  <a href=\"https:\/\/agora.xtec.cat\/escolamartamata\/tanits25-26\/anemdexcursio\/qui-vindra-dexcursio\/\" title=\"Read QUI VINDR\u00c0 D&#8217;EXCURSI\u00d3?\">Llegeix m\u00e9s\u00bb<\/a><\/p>\n","protected":false},"author":8,"featured_media":16143,"comment_status":"closed","ping_status":"closed","sticky":false,"template":"","format":"standard","meta":{"_bbp_topic_count":0,"_bbp_reply_count":0,"_bbp_total_topic_count":0,"_bbp_total_reply_count":0,"_bbp_voice_count":0,"_bbp_anonymous_reply_count":0,"_bbp_topic_count_hidden":0,"_bbp_reply_count_hidden":0,"_bbp_forum_subforum_count":0,"footnotes":""},"categories":[301],"tags":[],"class_list":["post-16743","post","type-post","status-publish","format-standard","has-post-thumbnail","hentry","category-anemdexcursio"],"post_mailing_queue_ids":[],"_links":{"self":[{"href":"https:\/\/agora.xtec.cat\/escolamartamata\/wp-json\/wp\/v2\/posts\/16743","targetHints":{"allow":["GET"]}}],"collection":[{"href":"https:\/\/agora.xtec.cat\/escolamartamata\/wp-json\/wp\/v2\/posts"}],"about":[{"href":"https:\/\/agora.xtec.cat\/escolamartamata\/wp-json\/wp\/v2\/types\/post"}],"author":[{"embeddable":true,"href":"https:\/\/agora.xtec.cat\/escolamartamata\/wp-json\/wp\/v2\/users\/8"}],"replies":[{"embeddable":true,"href":"https:\/\/agora.xtec.cat\/escolamartamata\/wp-json\/wp\/v2\/comments?post=16743"}],"version-history":[{"count":3,"href":"https:\/\/agora.xtec.cat\/escolamartamata\/wp-json\/wp\/v2\/posts\/16743\/revisions"}],"predecessor-version":[{"id":16751,"href":"https:\/\/agora.xtec.cat\/escolamartamata\/wp-json\/wp\/v2\/posts\/16743\/revisions\/16751"}],"wp:featuredmedia":[{"embeddable":true,"href":"https:\/\/agora.xtec.cat\/escolamartamata\/wp-json\/wp\/v2\/media\/16143"}],"wp:attachment":[{"href":"https:\/\/agora.xtec.cat\/escolamartamata\/wp-json\/wp\/v2\/media?parent=16743"}],"wp:term":[{"taxonomy":"category","embeddable":true,"href":"https:\/\/agora.xtec.cat\/escolamartamata\/wp-json\/wp\/v2\/categories?post=16743"},{"taxonomy":"post_tag","embeddable":true,"href":"https:\/\/agora.xtec.cat\/escolamartamata\/wp-json\/wp\/v2\/tags?post=16743"}],"curies":[{"name":"wp","href":"https:\/\/api.w.org\/{rel}","templated":true}]}}