{"id":16694,"date":"2021-05-05T17:54:57","date_gmt":"2021-05-05T15:54:57","guid":{"rendered":"https:\/\/agora.xtec.cat\/escolamartamata\/?p=16694"},"modified":"2021-05-05T17:54:57","modified_gmt":"2021-05-05T15:54:57","slug":"no-podem-anar-al-circ","status":"publish","type":"post","link":"https:\/\/agora.xtec.cat\/escolamartamata\/tanits25-26\/anemdexcursio\/no-podem-anar-al-circ\/","title":{"rendered":"NO PODEM ANAR AL CIRC!"},"content":{"rendered":"<p style=\"text-align: justify;\">Busquem el n\u00famero de tel\u00e8fon del Tot Circ de Copons per veure si podem anar-hi.<\/p>\n<p style=\"text-align: justify;\">Abans de trucar pensem que els hi volem dir, i tots tenen molt clar, que la pregunta clau \u00e9s &#8220;Podem venir al circ?&#8221;.<\/p>\n<p style=\"text-align: justify;\">Triem al Leo Ruiz de portaveu perqu\u00e8 ell s&#8217;ofereix voluntari i a m\u00e9s t\u00e9 una veu forta i clara.<\/p>\n<p style=\"text-align: justify;\">Quan fem la trucada els Patufets i Patufetes es mantenen en silenci i escolten detingudament la conversa del Leo i la senyora del circ, i ens quedem una mica sorpresos quan ens diuen que no podem anar al circ perqu\u00e8 tenen tots els dies que queden del curs plens d&#8217;altres escoles. El Leo li pregunta si podrem anar quan siguem Pinotxos i la senyora del circ ens diu que s\u00ed, per\u00f2 que haurem de fer una reserva.<\/p>\n<p style=\"text-align: center;\"><a href=\"https:\/\/agora.xtec.cat\/escolamartamata\/wp-content\/uploads\/usu1957\/2021\/05\/DSCN1652.jpg\"><img loading=\"lazy\" decoding=\"async\" class=\"alignnone size-medium wp-image-16733\" src=\"https:\/\/agora.xtec.cat\/escolamartamata\/wp-content\/uploads\/usu1957\/2021\/05\/DSCN1652-300x225.jpg\" alt=\"\" width=\"300\" height=\"225\" srcset=\"https:\/\/agora.xtec.cat\/escolamartamata\/wp-content\/uploads\/usu1957\/2021\/05\/DSCN1652-300x225.jpg 300w, https:\/\/agora.xtec.cat\/escolamartamata\/wp-content\/uploads\/usu1957\/2021\/05\/DSCN1652-200x150.jpg 200w, https:\/\/agora.xtec.cat\/escolamartamata\/wp-content\/uploads\/usu1957\/2021\/05\/DSCN1652.jpg 640w\" sizes=\"auto, (max-width: 300px) 100vw, 300px\" \/><\/a> <a href=\"https:\/\/agora.xtec.cat\/escolamartamata\/wp-content\/uploads\/usu1957\/2021\/05\/DSCN1646.jpg\"><img loading=\"lazy\" decoding=\"async\" class=\"alignnone size-medium wp-image-16734\" src=\"https:\/\/agora.xtec.cat\/escolamartamata\/wp-content\/uploads\/usu1957\/2021\/05\/DSCN1646-300x225.jpg\" alt=\"\" width=\"300\" height=\"225\" srcset=\"https:\/\/agora.xtec.cat\/escolamartamata\/wp-content\/uploads\/usu1957\/2021\/05\/DSCN1646-300x225.jpg 300w, https:\/\/agora.xtec.cat\/escolamartamata\/wp-content\/uploads\/usu1957\/2021\/05\/DSCN1646-200x150.jpg 200w, https:\/\/agora.xtec.cat\/escolamartamata\/wp-content\/uploads\/usu1957\/2021\/05\/DSCN1646.jpg 640w\" sizes=\"auto, (max-width: 300px) 100vw, 300px\" \/><\/a> <a href=\"https:\/\/agora.xtec.cat\/escolamartamata\/wp-content\/uploads\/usu1957\/2021\/05\/DSCN1647.jpg\"><img loading=\"lazy\" decoding=\"async\" class=\"alignnone size-medium wp-image-16735\" src=\"https:\/\/agora.xtec.cat\/escolamartamata\/wp-content\/uploads\/usu1957\/2021\/05\/DSCN1647-300x225.jpg\" alt=\"\" width=\"300\" height=\"225\" srcset=\"https:\/\/agora.xtec.cat\/escolamartamata\/wp-content\/uploads\/usu1957\/2021\/05\/DSCN1647-300x225.jpg 300w, https:\/\/agora.xtec.cat\/escolamartamata\/wp-content\/uploads\/usu1957\/2021\/05\/DSCN1647-200x150.jpg 200w, https:\/\/agora.xtec.cat\/escolamartamata\/wp-content\/uploads\/usu1957\/2021\/05\/DSCN1647.jpg 640w\" sizes=\"auto, (max-width: 300px) 100vw, 300px\" \/><\/a><\/p>\n<p style=\"text-align: justify;\">Quan pengem el tel\u00e8fon es queden callats per\u00f2 r\u00e0pidament la Mar diu, &#8220;no passa res,\u00a0 anem a la muntanya que \u00e9s l&#8217;altre lloc que t\u00e9 m\u00e9s ratlles&#8221;.<\/p>\n<p>Aix\u00ed que ara ja tenim clar que anirem a la muntanya, ara ens toca decidir&#8230;.A quina muntanya?<\/p>\n","protected":false},"excerpt":{"rendered":"<p>Busquem el n\u00famero de tel\u00e8fon del Tot Circ de Copons per veure si podem anar-hi.<br \/>\nAbans de trucar pensem que els hi volem dir, i tots tenen molt clar, que la pregunta clau \u00e9s &#8220;Podem venir al circ?&#8221;.<br \/>\nTriem al Leo Ruiz de portaveu perqu\u00e8 ell s&#8217;ofereix&hellip;  <a href=\"https:\/\/agora.xtec.cat\/escolamartamata\/tanits25-26\/anemdexcursio\/no-podem-anar-al-circ\/\" title=\"Read NO PODEM ANAR AL CIRC!\">Llegeix m\u00e9s\u00bb<\/a><\/p>\n","protected":false},"author":8,"featured_media":16143,"comment_status":"closed","ping_status":"closed","sticky":false,"template":"","format":"standard","meta":{"_bbp_topic_count":0,"_bbp_reply_count":0,"_bbp_total_topic_count":0,"_bbp_total_reply_count":0,"_bbp_voice_count":0,"_bbp_anonymous_reply_count":0,"_bbp_topic_count_hidden":0,"_bbp_reply_count_hidden":0,"_bbp_forum_subforum_count":0,"footnotes":""},"categories":[301],"tags":[],"class_list":["post-16694","post","type-post","status-publish","format-standard","has-post-thumbnail","hentry","category-anemdexcursio"],"post_mailing_queue_ids":[],"_links":{"self":[{"href":"https:\/\/agora.xtec.cat\/escolamartamata\/wp-json\/wp\/v2\/posts\/16694","targetHints":{"allow":["GET"]}}],"collection":[{"href":"https:\/\/agora.xtec.cat\/escolamartamata\/wp-json\/wp\/v2\/posts"}],"about":[{"href":"https:\/\/agora.xtec.cat\/escolamartamata\/wp-json\/wp\/v2\/types\/post"}],"author":[{"embeddable":true,"href":"https:\/\/agora.xtec.cat\/escolamartamata\/wp-json\/wp\/v2\/users\/8"}],"replies":[{"embeddable":true,"href":"https:\/\/agora.xtec.cat\/escolamartamata\/wp-json\/wp\/v2\/comments?post=16694"}],"version-history":[{"count":4,"href":"https:\/\/agora.xtec.cat\/escolamartamata\/wp-json\/wp\/v2\/posts\/16694\/revisions"}],"predecessor-version":[{"id":16739,"href":"https:\/\/agora.xtec.cat\/escolamartamata\/wp-json\/wp\/v2\/posts\/16694\/revisions\/16739"}],"wp:featuredmedia":[{"embeddable":true,"href":"https:\/\/agora.xtec.cat\/escolamartamata\/wp-json\/wp\/v2\/media\/16143"}],"wp:attachment":[{"href":"https:\/\/agora.xtec.cat\/escolamartamata\/wp-json\/wp\/v2\/media?parent=16694"}],"wp:term":[{"taxonomy":"category","embeddable":true,"href":"https:\/\/agora.xtec.cat\/escolamartamata\/wp-json\/wp\/v2\/categories?post=16694"},{"taxonomy":"post_tag","embeddable":true,"href":"https:\/\/agora.xtec.cat\/escolamartamata\/wp-json\/wp\/v2\/tags?post=16694"}],"curies":[{"name":"wp","href":"https:\/\/api.w.org\/{rel}","templated":true}]}}