{"id":15831,"date":"2021-03-23T19:45:23","date_gmt":"2021-03-23T18:45:23","guid":{"rendered":"https:\/\/agora.xtec.cat\/escolamartamata\/?p=15831"},"modified":"2021-03-23T19:45:23","modified_gmt":"2021-03-23T18:45:23","slug":"gravem-el-so-del-conte","status":"publish","type":"post","link":"https:\/\/agora.xtec.cat\/escolamartamata\/tanits25-26\/femunconte\/gravem-el-so-del-conte\/","title":{"rendered":"GRAVEM EL SO DEL CONTE"},"content":{"rendered":"<p style=\"text-align: justify;\">Per gravar les nostres veus \u00e9s molt important que estiguem tots i totes amb molt silenci i que respectem a l&#8217;infant que li toca parlar.<\/p>\n<p style=\"text-align: justify;\">Cada nen i cada nena diu un tros del conte i l&#8217;enregistrem amb el m\u00f2bil de la Mireia. Aquesta feina la fem durant diverses sessions ja que ens costa una miqueta, per\u00f2 al final el resultat \u00e9s ben divertit.<\/p>\n<p style=\"text-align: center;\"><a href=\"https:\/\/agora.xtec.cat\/escolamartamata\/wp-content\/uploads\/usu1957\/2021\/03\/DSCN0595.jpg\"><img loading=\"lazy\" decoding=\"async\" class=\"alignnone wp-image-15809\" src=\"https:\/\/agora.xtec.cat\/escolamartamata\/wp-content\/uploads\/usu1957\/2021\/03\/DSCN0595-300x225.jpg\" alt=\"\" width=\"400\" height=\"300\" srcset=\"https:\/\/agora.xtec.cat\/escolamartamata\/wp-content\/uploads\/usu1957\/2021\/03\/DSCN0595-300x225.jpg 300w, https:\/\/agora.xtec.cat\/escolamartamata\/wp-content\/uploads\/usu1957\/2021\/03\/DSCN0595-200x150.jpg 200w, https:\/\/agora.xtec.cat\/escolamartamata\/wp-content\/uploads\/usu1957\/2021\/03\/DSCN0595.jpg 640w\" sizes=\"auto, (max-width: 400px) 100vw, 400px\" \/><\/a> <a href=\"https:\/\/agora.xtec.cat\/escolamartamata\/wp-content\/uploads\/usu1957\/2021\/03\/DSCN0594-e1616524980450.jpg\"><img loading=\"lazy\" decoding=\"async\" class=\"alignnone size-medium wp-image-15808\" src=\"https:\/\/agora.xtec.cat\/escolamartamata\/wp-content\/uploads\/usu1957\/2021\/03\/DSCN0594-e1616524980450-246x300.jpg\" alt=\"\" width=\"246\" height=\"300\" srcset=\"https:\/\/agora.xtec.cat\/escolamartamata\/wp-content\/uploads\/usu1957\/2021\/03\/DSCN0594-e1616524980450-246x300.jpg 246w, https:\/\/agora.xtec.cat\/escolamartamata\/wp-content\/uploads\/usu1957\/2021\/03\/DSCN0594-e1616524980450.jpg 393w\" sizes=\"auto, (max-width: 246px) 100vw, 246px\" \/><\/a> <a href=\"https:\/\/agora.xtec.cat\/escolamartamata\/wp-content\/uploads\/usu1957\/2021\/03\/DSCN0592-e1616525021802.jpg\"><img loading=\"lazy\" decoding=\"async\" class=\"alignnone size-medium wp-image-15806\" src=\"https:\/\/agora.xtec.cat\/escolamartamata\/wp-content\/uploads\/usu1957\/2021\/03\/DSCN0592-e1616525021802-229x300.jpg\" alt=\"\" width=\"229\" height=\"300\" srcset=\"https:\/\/agora.xtec.cat\/escolamartamata\/wp-content\/uploads\/usu1957\/2021\/03\/DSCN0592-e1616525021802-229x300.jpg 229w, https:\/\/agora.xtec.cat\/escolamartamata\/wp-content\/uploads\/usu1957\/2021\/03\/DSCN0592-e1616525021802.jpg 367w\" sizes=\"auto, (max-width: 229px) 100vw, 229px\" \/><\/a><\/p>\n<p>A part del text del conte, tamb\u00e9 gravem tres can\u00e7ons que sortiran en el conte; &#8220;Pops, petxines i sardines&#8221;, &#8220;Cuca de llum&#8221; i &#8221; Patim, patam, patum&#8221;.<\/p>\n<p style=\"text-align: justify;\">\n","protected":false},"excerpt":{"rendered":"<p>Per gravar les nostres veus \u00e9s molt important que estiguem tots i totes amb molt silenci i que respectem a l&#8217;infant que li toca parlar.<br \/>\nCada nen i cada nena diu un tros del conte i l&#8217;enregistrem amb el m\u00f2bil de la Mireia. Aquesta feina la&hellip;  <a href=\"https:\/\/agora.xtec.cat\/escolamartamata\/tanits25-26\/femunconte\/gravem-el-so-del-conte\/\" title=\"Read GRAVEM EL SO DEL CONTE\">Llegeix m\u00e9s\u00bb<\/a><\/p>\n","protected":false},"author":8,"featured_media":6345,"comment_status":"closed","ping_status":"closed","sticky":false,"template":"","format":"standard","meta":{"_bbp_topic_count":0,"_bbp_reply_count":0,"_bbp_total_topic_count":0,"_bbp_total_reply_count":0,"_bbp_voice_count":0,"_bbp_anonymous_reply_count":0,"_bbp_topic_count_hidden":0,"_bbp_reply_count_hidden":0,"_bbp_forum_subforum_count":0,"footnotes":""},"categories":[298],"tags":[],"class_list":["post-15831","post","type-post","status-publish","format-standard","has-post-thumbnail","hentry","category-femunconte"],"post_mailing_queue_ids":[],"_links":{"self":[{"href":"https:\/\/agora.xtec.cat\/escolamartamata\/wp-json\/wp\/v2\/posts\/15831","targetHints":{"allow":["GET"]}}],"collection":[{"href":"https:\/\/agora.xtec.cat\/escolamartamata\/wp-json\/wp\/v2\/posts"}],"about":[{"href":"https:\/\/agora.xtec.cat\/escolamartamata\/wp-json\/wp\/v2\/types\/post"}],"author":[{"embeddable":true,"href":"https:\/\/agora.xtec.cat\/escolamartamata\/wp-json\/wp\/v2\/users\/8"}],"replies":[{"embeddable":true,"href":"https:\/\/agora.xtec.cat\/escolamartamata\/wp-json\/wp\/v2\/comments?post=15831"}],"version-history":[{"count":2,"href":"https:\/\/agora.xtec.cat\/escolamartamata\/wp-json\/wp\/v2\/posts\/15831\/revisions"}],"predecessor-version":[{"id":15833,"href":"https:\/\/agora.xtec.cat\/escolamartamata\/wp-json\/wp\/v2\/posts\/15831\/revisions\/15833"}],"wp:featuredmedia":[{"embeddable":true,"href":"https:\/\/agora.xtec.cat\/escolamartamata\/wp-json\/wp\/v2\/media\/6345"}],"wp:attachment":[{"href":"https:\/\/agora.xtec.cat\/escolamartamata\/wp-json\/wp\/v2\/media?parent=15831"}],"wp:term":[{"taxonomy":"category","embeddable":true,"href":"https:\/\/agora.xtec.cat\/escolamartamata\/wp-json\/wp\/v2\/categories?post=15831"},{"taxonomy":"post_tag","embeddable":true,"href":"https:\/\/agora.xtec.cat\/escolamartamata\/wp-json\/wp\/v2\/tags?post=15831"}],"curies":[{"name":"wp","href":"https:\/\/api.w.org\/{rel}","templated":true}]}}