{"id":15798,"date":"2021-03-23T19:04:48","date_gmt":"2021-03-23T18:04:48","guid":{"rendered":"https:\/\/agora.xtec.cat\/escolamartamata\/?p=15798"},"modified":"2021-03-23T19:04:48","modified_gmt":"2021-03-23T18:04:48","slug":"pensem-la-historia","status":"publish","type":"post","link":"https:\/\/agora.xtec.cat\/escolamartamata\/tanits25-26\/femunconte\/pensem-la-historia\/","title":{"rendered":"PENSEM LA HIST\u00d2RIA"},"content":{"rendered":"<p style=\"text-align: justify;\">Un cop tenim els personatges i els llocs del nostre conte preparats, ens toca la part m\u00e9s complicada, que \u00e9s pensar quina ser\u00e0 la nostra hist\u00f2ria i quin podr\u00e0 ser el problema que tinguin els nostres personatges.<\/p>\n<p style=\"text-align: justify;\">Per fer la hist\u00f2ria ens col.loquem tots asseguts davant de les quatre taules on hem fet els nostres &#8220;llocs&#8221; del conte i on tamb\u00e9 hem col.locat els quatre personatges.<\/p>\n<p style=\"text-align: justify;\">Per comen\u00e7ar els hi diem en els Patufets i Patufetes que mirin detingudament els llocs i els personatges i que pensin que pot passar. El nen o nena que t\u00e9 una idea ens l&#8217;explica i ens la representa agafant el personage i col.locant-lo en el lloc on ell vol.<\/p>\n<p style=\"text-align: justify;\">No \u00e9s una feina f\u00e0cil, per\u00f2 mica en mica comencen a sortir idees i entre tots i totes anem creant el nostre conte que comen\u00e7a amb &#8221; hi havia una vegada un dinosaure que s&#8217;havia perdut en un bosc&#8230;&#8221;<\/p>\n<p style=\"text-align: center;\"><a href=\"https:\/\/agora.xtec.cat\/escolamartamata\/wp-content\/uploads\/usu1957\/2021\/03\/DSCN0489.jpg\"><img loading=\"lazy\" decoding=\"async\" class=\"alignnone size-medium wp-image-15805\" src=\"https:\/\/agora.xtec.cat\/escolamartamata\/wp-content\/uploads\/usu1957\/2021\/03\/DSCN0489-300x225.jpg\" alt=\"\" width=\"300\" height=\"225\" srcset=\"https:\/\/agora.xtec.cat\/escolamartamata\/wp-content\/uploads\/usu1957\/2021\/03\/DSCN0489-300x225.jpg 300w, https:\/\/agora.xtec.cat\/escolamartamata\/wp-content\/uploads\/usu1957\/2021\/03\/DSCN0489-200x150.jpg 200w, https:\/\/agora.xtec.cat\/escolamartamata\/wp-content\/uploads\/usu1957\/2021\/03\/DSCN0489.jpg 640w\" sizes=\"auto, (max-width: 300px) 100vw, 300px\" \/><\/a> <a href=\"https:\/\/agora.xtec.cat\/escolamartamata\/wp-content\/uploads\/usu1957\/2021\/03\/IMG_8820.jpg\"><img loading=\"lazy\" decoding=\"async\" class=\"alignnone size-medium wp-image-15810\" src=\"https:\/\/agora.xtec.cat\/escolamartamata\/wp-content\/uploads\/usu1957\/2021\/03\/IMG_8820-300x225.jpg\" alt=\"\" width=\"300\" height=\"225\" srcset=\"https:\/\/agora.xtec.cat\/escolamartamata\/wp-content\/uploads\/usu1957\/2021\/03\/IMG_8820-300x225.jpg 300w, https:\/\/agora.xtec.cat\/escolamartamata\/wp-content\/uploads\/usu1957\/2021\/03\/IMG_8820-768x576.jpg 768w, https:\/\/agora.xtec.cat\/escolamartamata\/wp-content\/uploads\/usu1957\/2021\/03\/IMG_8820-1024x768.jpg 1024w, https:\/\/agora.xtec.cat\/escolamartamata\/wp-content\/uploads\/usu1957\/2021\/03\/IMG_8820-200x150.jpg 200w\" sizes=\"auto, (max-width: 300px) 100vw, 300px\" \/><\/a><a href=\"https:\/\/agora.xtec.cat\/escolamartamata\/wp-content\/uploads\/usu1957\/2021\/03\/DSCN0479.jpg\"><img loading=\"lazy\" decoding=\"async\" class=\"alignnone size-medium wp-image-15804\" src=\"https:\/\/agora.xtec.cat\/escolamartamata\/wp-content\/uploads\/usu1957\/2021\/03\/DSCN0479-300x225.jpg\" alt=\"\" width=\"300\" height=\"225\" srcset=\"https:\/\/agora.xtec.cat\/escolamartamata\/wp-content\/uploads\/usu1957\/2021\/03\/DSCN0479-300x225.jpg 300w, https:\/\/agora.xtec.cat\/escolamartamata\/wp-content\/uploads\/usu1957\/2021\/03\/DSCN0479-200x150.jpg 200w, https:\/\/agora.xtec.cat\/escolamartamata\/wp-content\/uploads\/usu1957\/2021\/03\/DSCN0479.jpg 640w\" sizes=\"auto, (max-width: 300px) 100vw, 300px\" \/><\/a><\/p>\n<p>Podeu trobar m\u00e9s fotografies al DRIVE.<\/p>\n","protected":false},"excerpt":{"rendered":"<p>Un cop tenim els personatges i els llocs del nostre conte preparats, ens toca la part m\u00e9s complicada, que \u00e9s pensar quina ser\u00e0 la nostra hist\u00f2ria i quin podr\u00e0 ser el problema que tinguin els nostres personatges.<br \/>\nPer fer la hist\u00f2ria ens col.loquem tots asseguts davant&hellip;  <a href=\"https:\/\/agora.xtec.cat\/escolamartamata\/tanits25-26\/femunconte\/pensem-la-historia\/\" title=\"Read PENSEM LA HIST\u00d2RIA\">Llegeix m\u00e9s\u00bb<\/a><\/p>\n","protected":false},"author":8,"featured_media":6345,"comment_status":"closed","ping_status":"closed","sticky":false,"template":"","format":"standard","meta":{"_bbp_topic_count":0,"_bbp_reply_count":0,"_bbp_total_topic_count":0,"_bbp_total_reply_count":0,"_bbp_voice_count":0,"_bbp_anonymous_reply_count":0,"_bbp_topic_count_hidden":0,"_bbp_reply_count_hidden":0,"_bbp_forum_subforum_count":0,"footnotes":""},"categories":[298],"tags":[],"class_list":["post-15798","post","type-post","status-publish","format-standard","has-post-thumbnail","hentry","category-femunconte"],"post_mailing_queue_ids":[],"_links":{"self":[{"href":"https:\/\/agora.xtec.cat\/escolamartamata\/wp-json\/wp\/v2\/posts\/15798","targetHints":{"allow":["GET"]}}],"collection":[{"href":"https:\/\/agora.xtec.cat\/escolamartamata\/wp-json\/wp\/v2\/posts"}],"about":[{"href":"https:\/\/agora.xtec.cat\/escolamartamata\/wp-json\/wp\/v2\/types\/post"}],"author":[{"embeddable":true,"href":"https:\/\/agora.xtec.cat\/escolamartamata\/wp-json\/wp\/v2\/users\/8"}],"replies":[{"embeddable":true,"href":"https:\/\/agora.xtec.cat\/escolamartamata\/wp-json\/wp\/v2\/comments?post=15798"}],"version-history":[{"count":1,"href":"https:\/\/agora.xtec.cat\/escolamartamata\/wp-json\/wp\/v2\/posts\/15798\/revisions"}],"predecessor-version":[{"id":15811,"href":"https:\/\/agora.xtec.cat\/escolamartamata\/wp-json\/wp\/v2\/posts\/15798\/revisions\/15811"}],"wp:featuredmedia":[{"embeddable":true,"href":"https:\/\/agora.xtec.cat\/escolamartamata\/wp-json\/wp\/v2\/media\/6345"}],"wp:attachment":[{"href":"https:\/\/agora.xtec.cat\/escolamartamata\/wp-json\/wp\/v2\/media?parent=15798"}],"wp:term":[{"taxonomy":"category","embeddable":true,"href":"https:\/\/agora.xtec.cat\/escolamartamata\/wp-json\/wp\/v2\/categories?post=15798"},{"taxonomy":"post_tag","embeddable":true,"href":"https:\/\/agora.xtec.cat\/escolamartamata\/wp-json\/wp\/v2\/tags?post=15798"}],"curies":[{"name":"wp","href":"https:\/\/api.w.org\/{rel}","templated":true}]}}