{"id":14974,"date":"2021-02-25T18:23:46","date_gmt":"2021-02-25T17:23:46","guid":{"rendered":"https:\/\/agora.xtec.cat\/escolamartamata\/?p=14974"},"modified":"2021-02-25T18:23:46","modified_gmt":"2021-02-25T17:23:46","slug":"visitem-la-biblioteca","status":"publish","type":"post","link":"https:\/\/agora.xtec.cat\/escolamartamata\/tanits25-26\/femunconte\/visitem-la-biblioteca\/","title":{"rendered":"VISITEM LA BIBLIOTECA"},"content":{"rendered":"<p style=\"text-align: justify;\">Aquest mat\u00ed, hem anat a visitar la biblioteca de Vilanova, que tenim la gran sort de tenir-la ben a prop de l&#8217;escola.<\/p>\n<p style=\"text-align: justify;\">All\u00e0 ens esperava la Tamara, i despr\u00e9s de rentar-nos les mans i mirar-nos la temperatura hem pujat al pis de dalt de la biblioteca que \u00e9s la sala on podem anar nosaltres a buscar contes. La Tamara ens ha explicat que podem fer-nos un carnet i que amb ell podem emportar-nos contes cap a casa i tamb\u00e9 pel-l\u00edcules, revistes i cd&#8217;s de m\u00fasica. Despr\u00e9s ens ha explicat el conte &#8220;De qu\u00e8 fa gust la lluna&#8221; i seguidament hem pogut gaudir d&#8217;una estoneta mirant contes.<\/p>\n<p style=\"text-align: justify;\">La Tamara ens ha explicat que a la biblioteca \u00e9s molt important estar en silenci i ens ha ensenyat a aplaudir sense fer soroll.<\/p>\n<p style=\"text-align: center;\"><a href=\"https:\/\/agora.xtec.cat\/escolamartamata\/wp-content\/uploads\/usu1957\/2021\/02\/DSCN5809.jpg\"><img loading=\"lazy\" decoding=\"async\" class=\"alignnone size-medium wp-image-14975\" src=\"https:\/\/agora.xtec.cat\/escolamartamata\/wp-content\/uploads\/usu1957\/2021\/02\/DSCN5809-300x225.jpg\" alt=\"\" width=\"300\" height=\"225\" srcset=\"https:\/\/agora.xtec.cat\/escolamartamata\/wp-content\/uploads\/usu1957\/2021\/02\/DSCN5809-300x225.jpg 300w, https:\/\/agora.xtec.cat\/escolamartamata\/wp-content\/uploads\/usu1957\/2021\/02\/DSCN5809-768x576.jpg 768w, https:\/\/agora.xtec.cat\/escolamartamata\/wp-content\/uploads\/usu1957\/2021\/02\/DSCN5809-1024x768.jpg 1024w, https:\/\/agora.xtec.cat\/escolamartamata\/wp-content\/uploads\/usu1957\/2021\/02\/DSCN5809-200x150.jpg 200w\" sizes=\"auto, (max-width: 300px) 100vw, 300px\" \/><\/a> <a href=\"https:\/\/agora.xtec.cat\/escolamartamata\/wp-content\/uploads\/usu1957\/2021\/02\/DSCN5782.jpg\"><img loading=\"lazy\" decoding=\"async\" class=\"alignnone size-medium wp-image-14976\" src=\"https:\/\/agora.xtec.cat\/escolamartamata\/wp-content\/uploads\/usu1957\/2021\/02\/DSCN5782-300x225.jpg\" alt=\"\" width=\"300\" height=\"225\" srcset=\"https:\/\/agora.xtec.cat\/escolamartamata\/wp-content\/uploads\/usu1957\/2021\/02\/DSCN5782-300x225.jpg 300w, https:\/\/agora.xtec.cat\/escolamartamata\/wp-content\/uploads\/usu1957\/2021\/02\/DSCN5782-768x576.jpg 768w, https:\/\/agora.xtec.cat\/escolamartamata\/wp-content\/uploads\/usu1957\/2021\/02\/DSCN5782-1024x768.jpg 1024w, https:\/\/agora.xtec.cat\/escolamartamata\/wp-content\/uploads\/usu1957\/2021\/02\/DSCN5782-200x150.jpg 200w\" sizes=\"auto, (max-width: 300px) 100vw, 300px\" \/><\/a> <a href=\"https:\/\/agora.xtec.cat\/escolamartamata\/wp-content\/uploads\/usu1957\/2021\/02\/DSCN5804.jpg\"><img loading=\"lazy\" decoding=\"async\" class=\"alignnone size-medium wp-image-14977\" src=\"https:\/\/agora.xtec.cat\/escolamartamata\/wp-content\/uploads\/usu1957\/2021\/02\/DSCN5804-300x225.jpg\" alt=\"\" width=\"300\" height=\"225\" srcset=\"https:\/\/agora.xtec.cat\/escolamartamata\/wp-content\/uploads\/usu1957\/2021\/02\/DSCN5804-300x225.jpg 300w, https:\/\/agora.xtec.cat\/escolamartamata\/wp-content\/uploads\/usu1957\/2021\/02\/DSCN5804-768x576.jpg 768w, https:\/\/agora.xtec.cat\/escolamartamata\/wp-content\/uploads\/usu1957\/2021\/02\/DSCN5804-1024x768.jpg 1024w, https:\/\/agora.xtec.cat\/escolamartamata\/wp-content\/uploads\/usu1957\/2021\/02\/DSCN5804-200x150.jpg 200w\" sizes=\"auto, (max-width: 300px) 100vw, 300px\" \/><\/a><\/p>\n<p>Podeu trobar m\u00e9s fotografies a la carpeta del DRIVE.<\/p>\n","protected":false},"excerpt":{"rendered":"<p>Aquest mat\u00ed, hem anat a visitar la biblioteca de Vilanova, que tenim la gran sort de tenir-la ben a prop de l&#8217;escola.<br \/>\nAll\u00e0 ens esperava la Tamara, i despr\u00e9s de rentar-nos les mans i mirar-nos la temperatura hem pujat al pis de dalt de la biblioteca&hellip;  <a href=\"https:\/\/agora.xtec.cat\/escolamartamata\/tanits25-26\/femunconte\/visitem-la-biblioteca\/\" title=\"Read VISITEM LA BIBLIOTECA\">Llegeix m\u00e9s\u00bb<\/a><\/p>\n","protected":false},"author":8,"featured_media":6345,"comment_status":"closed","ping_status":"closed","sticky":false,"template":"","format":"standard","meta":{"_bbp_topic_count":0,"_bbp_reply_count":0,"_bbp_total_topic_count":0,"_bbp_total_reply_count":0,"_bbp_voice_count":0,"_bbp_anonymous_reply_count":0,"_bbp_topic_count_hidden":0,"_bbp_reply_count_hidden":0,"_bbp_forum_subforum_count":0,"footnotes":""},"categories":[298],"tags":[],"class_list":["post-14974","post","type-post","status-publish","format-standard","has-post-thumbnail","hentry","category-femunconte"],"post_mailing_queue_ids":[],"_links":{"self":[{"href":"https:\/\/agora.xtec.cat\/escolamartamata\/wp-json\/wp\/v2\/posts\/14974","targetHints":{"allow":["GET"]}}],"collection":[{"href":"https:\/\/agora.xtec.cat\/escolamartamata\/wp-json\/wp\/v2\/posts"}],"about":[{"href":"https:\/\/agora.xtec.cat\/escolamartamata\/wp-json\/wp\/v2\/types\/post"}],"author":[{"embeddable":true,"href":"https:\/\/agora.xtec.cat\/escolamartamata\/wp-json\/wp\/v2\/users\/8"}],"replies":[{"embeddable":true,"href":"https:\/\/agora.xtec.cat\/escolamartamata\/wp-json\/wp\/v2\/comments?post=14974"}],"version-history":[{"count":4,"href":"https:\/\/agora.xtec.cat\/escolamartamata\/wp-json\/wp\/v2\/posts\/14974\/revisions"}],"predecessor-version":[{"id":14987,"href":"https:\/\/agora.xtec.cat\/escolamartamata\/wp-json\/wp\/v2\/posts\/14974\/revisions\/14987"}],"wp:featuredmedia":[{"embeddable":true,"href":"https:\/\/agora.xtec.cat\/escolamartamata\/wp-json\/wp\/v2\/media\/6345"}],"wp:attachment":[{"href":"https:\/\/agora.xtec.cat\/escolamartamata\/wp-json\/wp\/v2\/media?parent=14974"}],"wp:term":[{"taxonomy":"category","embeddable":true,"href":"https:\/\/agora.xtec.cat\/escolamartamata\/wp-json\/wp\/v2\/categories?post=14974"},{"taxonomy":"post_tag","embeddable":true,"href":"https:\/\/agora.xtec.cat\/escolamartamata\/wp-json\/wp\/v2\/tags?post=14974"}],"curies":[{"name":"wp","href":"https:\/\/api.w.org\/{rel}","templated":true}]}}