{"id":12400,"date":"2020-11-16T20:30:01","date_gmt":"2020-11-16T19:30:01","guid":{"rendered":"https:\/\/agora.xtec.cat\/escolamartamata\/?p=12400"},"modified":"2021-01-28T18:37:55","modified_gmt":"2021-01-28T17:37:55","slug":"les-cols","status":"publish","type":"post","link":"https:\/\/agora.xtec.cat\/escolamartamata\/tanits25-26\/diadiapatufets20-21\/les-cols\/","title":{"rendered":"LES COLS"},"content":{"rendered":"<p style=\"text-align: justify;\">Aquest mat\u00ed la Maripi i la Mireia\u00a0 ens han portat dues coses ( una col i una col lombarda) per observar i parlar d&#8217;elles. Quan les hem vist, una d&#8217;elles ten\u00edem molt clar que era una col, com la del conte del Patufet, per\u00f2 l&#8217;altre no sab\u00edem que era.<\/p>\n<p style=\"text-align: justify;\">Conversa dels Patufets i Patufetes:<\/p>\n<ul style=\"text-align: justify;\">\n<li>Aquesta \u00e9s una col, com la del Patufet.<\/li>\n<li>S\u00f3n &#8220;uvas&#8221; (referint-se a la col lombarda)<\/li>\n<li>\u00c9s de color marr\u00f3 (la col lombarda)<\/li>\n<li>\u00c9s negra (la col lombarda)<\/li>\n<li>La col \u00e9s gran<\/li>\n<li>Sempre ha sigut gran? preguntem les mestres.<\/li>\n<li>Siiiiiiii (diuen tots i totes)<\/li>\n<li>D&#8217;on surten les cols? preguntem les mestres.<\/li>\n<li>De l&#8217;hort, diu un nen, com l&#8217;hort del pare del Patufet.<\/li>\n<\/ul>\n<p style=\"text-align: center;\"><a href=\"https:\/\/agora.xtec.cat\/escolamartamata\/wp-content\/uploads\/usu1957\/2020\/11\/DSCN2881.jpg\"><img loading=\"lazy\" decoding=\"async\" class=\"alignnone size-medium wp-image-12406\" src=\"https:\/\/agora.xtec.cat\/escolamartamata\/wp-content\/uploads\/usu1957\/2020\/11\/DSCN2881-300x225.jpg\" alt=\"\" width=\"300\" height=\"225\" srcset=\"https:\/\/agora.xtec.cat\/escolamartamata\/wp-content\/uploads\/usu1957\/2020\/11\/DSCN2881-300x225.jpg 300w, https:\/\/agora.xtec.cat\/escolamartamata\/wp-content\/uploads\/usu1957\/2020\/11\/DSCN2881-768x576.jpg 768w, https:\/\/agora.xtec.cat\/escolamartamata\/wp-content\/uploads\/usu1957\/2020\/11\/DSCN2881-1024x768.jpg 1024w, https:\/\/agora.xtec.cat\/escolamartamata\/wp-content\/uploads\/usu1957\/2020\/11\/DSCN2881-200x150.jpg 200w\" sizes=\"auto, (max-width: 300px) 100vw, 300px\" \/><\/a> <a href=\"https:\/\/agora.xtec.cat\/escolamartamata\/wp-content\/uploads\/usu1957\/2020\/11\/DSCN2877.jpg\"><img loading=\"lazy\" decoding=\"async\" class=\"alignnone size-medium wp-image-12405\" src=\"https:\/\/agora.xtec.cat\/escolamartamata\/wp-content\/uploads\/usu1957\/2020\/11\/DSCN2877-300x225.jpg\" alt=\"\" width=\"300\" height=\"225\" srcset=\"https:\/\/agora.xtec.cat\/escolamartamata\/wp-content\/uploads\/usu1957\/2020\/11\/DSCN2877-300x225.jpg 300w, https:\/\/agora.xtec.cat\/escolamartamata\/wp-content\/uploads\/usu1957\/2020\/11\/DSCN2877-768x576.jpg 768w, https:\/\/agora.xtec.cat\/escolamartamata\/wp-content\/uploads\/usu1957\/2020\/11\/DSCN2877-1024x768.jpg 1024w, https:\/\/agora.xtec.cat\/escolamartamata\/wp-content\/uploads\/usu1957\/2020\/11\/DSCN2877-200x150.jpg 200w\" sizes=\"auto, (max-width: 300px) 100vw, 300px\" \/><\/a><a href=\"https:\/\/agora.xtec.cat\/escolamartamata\/wp-content\/uploads\/usu1957\/2020\/11\/DSCN2882.jpg\"><img loading=\"lazy\" decoding=\"async\" class=\"alignnone size-medium wp-image-12409\" src=\"https:\/\/agora.xtec.cat\/escolamartamata\/wp-content\/uploads\/usu1957\/2020\/11\/DSCN2882-300x225.jpg\" alt=\"\" width=\"300\" height=\"225\" srcset=\"https:\/\/agora.xtec.cat\/escolamartamata\/wp-content\/uploads\/usu1957\/2020\/11\/DSCN2882-300x225.jpg 300w, https:\/\/agora.xtec.cat\/escolamartamata\/wp-content\/uploads\/usu1957\/2020\/11\/DSCN2882-768x576.jpg 768w, https:\/\/agora.xtec.cat\/escolamartamata\/wp-content\/uploads\/usu1957\/2020\/11\/DSCN2882-1024x768.jpg 1024w, https:\/\/agora.xtec.cat\/escolamartamata\/wp-content\/uploads\/usu1957\/2020\/11\/DSCN2882-200x150.jpg 200w\" sizes=\"auto, (max-width: 300px) 100vw, 300px\" \/><\/a><\/p>\n<p style=\"text-align: left;\">Col.loquem el titella del Patufet al costat de la col i aix\u00ed podem veure que el Patufet era molt petit. Despr\u00e9s la Luc\u00eda es posa al costat de la col i veiem que la Luc\u00eda \u00e9s m\u00e9s gran que la col i molt m\u00e9s gran que el Patufet.<\/p>\n<p style=\"text-align: center;\"><a href=\"https:\/\/agora.xtec.cat\/escolamartamata\/wp-content\/uploads\/usu1957\/2020\/11\/DSCN2887.jpg\"><img loading=\"lazy\" decoding=\"async\" class=\"alignnone size-medium wp-image-12407\" src=\"https:\/\/agora.xtec.cat\/escolamartamata\/wp-content\/uploads\/usu1957\/2020\/11\/DSCN2887-300x225.jpg\" alt=\"\" width=\"300\" height=\"225\" srcset=\"https:\/\/agora.xtec.cat\/escolamartamata\/wp-content\/uploads\/usu1957\/2020\/11\/DSCN2887-300x225.jpg 300w, https:\/\/agora.xtec.cat\/escolamartamata\/wp-content\/uploads\/usu1957\/2020\/11\/DSCN2887-768x576.jpg 768w, https:\/\/agora.xtec.cat\/escolamartamata\/wp-content\/uploads\/usu1957\/2020\/11\/DSCN2887-1024x768.jpg 1024w, https:\/\/agora.xtec.cat\/escolamartamata\/wp-content\/uploads\/usu1957\/2020\/11\/DSCN2887-200x150.jpg 200w\" sizes=\"auto, (max-width: 300px) 100vw, 300px\" \/><\/a><a href=\"https:\/\/agora.xtec.cat\/escolamartamata\/wp-content\/uploads\/usu1957\/2020\/11\/IMG_5587.jpg\"><img loading=\"lazy\" decoding=\"async\" class=\"alignnone size-medium wp-image-12402\" src=\"https:\/\/agora.xtec.cat\/escolamartamata\/wp-content\/uploads\/usu1957\/2020\/11\/IMG_5587-225x300.jpg\" alt=\"\" width=\"225\" height=\"300\" srcset=\"https:\/\/agora.xtec.cat\/escolamartamata\/wp-content\/uploads\/usu1957\/2020\/11\/IMG_5587-225x300.jpg 225w, https:\/\/agora.xtec.cat\/escolamartamata\/wp-content\/uploads\/usu1957\/2020\/11\/IMG_5587-768x1024.jpg 768w, https:\/\/agora.xtec.cat\/escolamartamata\/wp-content\/uploads\/usu1957\/2020\/11\/IMG_5587.jpg 1514w\" sizes=\"auto, (max-width: 225px) 100vw, 225px\" \/><\/a><\/p>\n<p style=\"text-align: justify;\">Per tal de respondre a l&#8217;afirmaci\u00f3 dels Patufets i les Patufetes que les cols sempre s\u00f3n grans, a la tarda hem anat a la biblioteca de l&#8217;escola a veure un v\u00eddeo on un pag\u00e8s ens explica que les cols primer s\u00f3n molt petites i que despr\u00e9s de molt de temps i de cuidar-les molt, les cols es van fent grans.<\/p>\n<p style=\"text-align: justify;\">Els Patufets i les Patufetes tamb\u00e9 volen plantar cols i cuidar-les!<\/p>\n","protected":false},"excerpt":{"rendered":"<p>Aquest mat\u00ed la Maripi i la Mireia\u00a0 ens han portat dues coses ( una col i una col lombarda) per observar i parlar d&#8217;elles. Quan les hem vist, una d&#8217;elles ten\u00edem molt clar que era una col, com la del conte del Patufet, per\u00f2 l&#8217;altre&hellip;  <a href=\"https:\/\/agora.xtec.cat\/escolamartamata\/tanits25-26\/diadiapatufets20-21\/les-cols\/\" title=\"Read LES COLS\">Llegeix m\u00e9s\u00bb<\/a><\/p>\n","protected":false},"author":8,"featured_media":6345,"comment_status":"closed","ping_status":"closed","sticky":false,"template":"","format":"standard","meta":{"_bbp_topic_count":0,"_bbp_reply_count":0,"_bbp_total_topic_count":0,"_bbp_total_reply_count":0,"_bbp_voice_count":0,"_bbp_anonymous_reply_count":0,"_bbp_topic_count_hidden":0,"_bbp_reply_count_hidden":0,"_bbp_forum_subforum_count":0,"footnotes":""},"categories":[266],"tags":[],"class_list":["post-12400","post","type-post","status-publish","format-standard","has-post-thumbnail","hentry","category-diadiapatufets20-21"],"post_mailing_queue_ids":[],"_links":{"self":[{"href":"https:\/\/agora.xtec.cat\/escolamartamata\/wp-json\/wp\/v2\/posts\/12400","targetHints":{"allow":["GET"]}}],"collection":[{"href":"https:\/\/agora.xtec.cat\/escolamartamata\/wp-json\/wp\/v2\/posts"}],"about":[{"href":"https:\/\/agora.xtec.cat\/escolamartamata\/wp-json\/wp\/v2\/types\/post"}],"author":[{"embeddable":true,"href":"https:\/\/agora.xtec.cat\/escolamartamata\/wp-json\/wp\/v2\/users\/8"}],"replies":[{"embeddable":true,"href":"https:\/\/agora.xtec.cat\/escolamartamata\/wp-json\/wp\/v2\/comments?post=12400"}],"version-history":[{"count":3,"href":"https:\/\/agora.xtec.cat\/escolamartamata\/wp-json\/wp\/v2\/posts\/12400\/revisions"}],"predecessor-version":[{"id":12410,"href":"https:\/\/agora.xtec.cat\/escolamartamata\/wp-json\/wp\/v2\/posts\/12400\/revisions\/12410"}],"wp:featuredmedia":[{"embeddable":true,"href":"https:\/\/agora.xtec.cat\/escolamartamata\/wp-json\/wp\/v2\/media\/6345"}],"wp:attachment":[{"href":"https:\/\/agora.xtec.cat\/escolamartamata\/wp-json\/wp\/v2\/media?parent=12400"}],"wp:term":[{"taxonomy":"category","embeddable":true,"href":"https:\/\/agora.xtec.cat\/escolamartamata\/wp-json\/wp\/v2\/categories?post=12400"},{"taxonomy":"post_tag","embeddable":true,"href":"https:\/\/agora.xtec.cat\/escolamartamata\/wp-json\/wp\/v2\/tags?post=12400"}],"curies":[{"name":"wp","href":"https:\/\/api.w.org\/{rel}","templated":true}]}}