{"id":12025,"date":"2020-11-05T18:03:55","date_gmt":"2020-11-05T17:03:55","guid":{"rendered":"https:\/\/agora.xtec.cat\/escolamartamata\/?p=12025"},"modified":"2021-01-28T18:45:18","modified_gmt":"2021-01-28T17:45:18","slug":"en-patufet","status":"publish","type":"post","link":"https:\/\/agora.xtec.cat\/escolamartamata\/tanits25-26\/diadiapatufets20-21\/en-patufet\/","title":{"rendered":"&#8220;EN PATUFET&#8221;"},"content":{"rendered":"<p style=\"text-align: justify;\">Ja fa dies que la Maripi i la Mireia ens expliquen el conte del Patufet. Un dia el van explicar amb titelles, un altre amb el conte, un altre el vam escenificar nosaltres&#8230;<\/p>\n<p style=\"text-align: center;\"><a href=\"https:\/\/agora.xtec.cat\/escolamartamata\/wp-content\/uploads\/usu1957\/2020\/11\/DSCN0650.jpg\"><img loading=\"lazy\" decoding=\"async\" class=\"alignnone size-medium wp-image-12027\" src=\"https:\/\/agora.xtec.cat\/escolamartamata\/wp-content\/uploads\/usu1957\/2020\/11\/DSCN0650-300x225.jpg\" alt=\"\" width=\"300\" height=\"225\" srcset=\"https:\/\/agora.xtec.cat\/escolamartamata\/wp-content\/uploads\/usu1957\/2020\/11\/DSCN0650-300x225.jpg 300w, https:\/\/agora.xtec.cat\/escolamartamata\/wp-content\/uploads\/usu1957\/2020\/11\/DSCN0650-768x576.jpg 768w, https:\/\/agora.xtec.cat\/escolamartamata\/wp-content\/uploads\/usu1957\/2020\/11\/DSCN0650-1024x768.jpg 1024w, https:\/\/agora.xtec.cat\/escolamartamata\/wp-content\/uploads\/usu1957\/2020\/11\/DSCN0650-200x150.jpg 200w\" sizes=\"auto, (max-width: 300px) 100vw, 300px\" \/><\/a> <a href=\"https:\/\/agora.xtec.cat\/escolamartamata\/wp-content\/uploads\/usu1957\/2020\/11\/DSCN0361.jpg\"><img loading=\"lazy\" decoding=\"async\" class=\"alignnone size-medium wp-image-12026\" src=\"https:\/\/agora.xtec.cat\/escolamartamata\/wp-content\/uploads\/usu1957\/2020\/11\/DSCN0361-300x225.jpg\" alt=\"\" width=\"300\" height=\"225\" srcset=\"https:\/\/agora.xtec.cat\/escolamartamata\/wp-content\/uploads\/usu1957\/2020\/11\/DSCN0361-300x225.jpg 300w, https:\/\/agora.xtec.cat\/escolamartamata\/wp-content\/uploads\/usu1957\/2020\/11\/DSCN0361-768x576.jpg 768w, https:\/\/agora.xtec.cat\/escolamartamata\/wp-content\/uploads\/usu1957\/2020\/11\/DSCN0361-1024x768.jpg 1024w, https:\/\/agora.xtec.cat\/escolamartamata\/wp-content\/uploads\/usu1957\/2020\/11\/DSCN0361-200x150.jpg 200w\" sizes=\"auto, (max-width: 300px) 100vw, 300px\" \/><\/a> <a href=\"https:\/\/agora.xtec.cat\/escolamartamata\/wp-content\/uploads\/usu1957\/2020\/11\/DSCN1194.jpg\"><img loading=\"lazy\" decoding=\"async\" class=\"alignnone size-medium wp-image-12028\" src=\"https:\/\/agora.xtec.cat\/escolamartamata\/wp-content\/uploads\/usu1957\/2020\/11\/DSCN1194-300x225.jpg\" alt=\"\" width=\"300\" height=\"225\" srcset=\"https:\/\/agora.xtec.cat\/escolamartamata\/wp-content\/uploads\/usu1957\/2020\/11\/DSCN1194-300x225.jpg 300w, https:\/\/agora.xtec.cat\/escolamartamata\/wp-content\/uploads\/usu1957\/2020\/11\/DSCN1194-768x576.jpg 768w, https:\/\/agora.xtec.cat\/escolamartamata\/wp-content\/uploads\/usu1957\/2020\/11\/DSCN1194-1024x768.jpg 1024w, https:\/\/agora.xtec.cat\/escolamartamata\/wp-content\/uploads\/usu1957\/2020\/11\/DSCN1194-200x150.jpg 200w\" sizes=\"auto, (max-width: 300px) 100vw, 300px\" \/><\/a><\/p>\n<p style=\"text-align: justify;\">Com que ja estem molt adaptats a l&#8217;escola a partir d&#8217;ara comen\u00e7arem a aprofundir una miqueta m\u00e9s en algunes parts del conte com; qu\u00e8 \u00e9s el safr\u00e0? podem pintar amb ell? qu\u00e8 s\u00f3n les cols? d&#8217;on surten?&#8230;<\/p>\n<p style=\"text-align: justify;\">La primera activitat que fem relacionada amb el conte \u00e9s dibuixar entre tots i totes un Patufet que volem penjar a la porta d&#8217;entrada a la classe perqu\u00e8 moltes vegades quan tornem del pati gran, ens despistem i entrem a l&#8217;aula dels Pinotxos.<\/p>\n<p style=\"text-align: justify;\">Ens col.loquem en semicercle i parlem de com \u00e9s el Patufet i quines s\u00f3n les parts del cos que hem de dibuixar. A mesura que diem alguna part per dibuixar, un Patufet o Patufeta la representa en un full blanc que tenim enganxat a la pissarra vileda. La majoria hem estat molt atents i plegats hem fet un Patufet ben divertit.<\/p>\n<p style=\"text-align: center;\"><a href=\"https:\/\/agora.xtec.cat\/escolamartamata\/wp-content\/uploads\/usu1957\/2020\/11\/IMG_52921.jpg\"><img loading=\"lazy\" decoding=\"async\" class=\"alignnone size-medium wp-image-12088\" src=\"https:\/\/agora.xtec.cat\/escolamartamata\/wp-content\/uploads\/usu1957\/2020\/11\/IMG_52921-225x300.jpg\" alt=\"\" width=\"225\" height=\"300\" srcset=\"https:\/\/agora.xtec.cat\/escolamartamata\/wp-content\/uploads\/usu1957\/2020\/11\/IMG_52921-225x300.jpg 225w, https:\/\/agora.xtec.cat\/escolamartamata\/wp-content\/uploads\/usu1957\/2020\/11\/IMG_52921-768x1024.jpg 768w, https:\/\/agora.xtec.cat\/escolamartamata\/wp-content\/uploads\/usu1957\/2020\/11\/IMG_52921.jpg 1660w\" sizes=\"auto, (max-width: 225px) 100vw, 225px\" \/><\/a> <a href=\"https:\/\/agora.xtec.cat\/escolamartamata\/wp-content\/uploads\/usu1957\/2020\/11\/IMG_5293.jpg\"><img loading=\"lazy\" decoding=\"async\" class=\"alignnone size-medium wp-image-12090\" src=\"https:\/\/agora.xtec.cat\/escolamartamata\/wp-content\/uploads\/usu1957\/2020\/11\/IMG_5293-225x300.jpg\" alt=\"\" width=\"225\" height=\"300\" srcset=\"https:\/\/agora.xtec.cat\/escolamartamata\/wp-content\/uploads\/usu1957\/2020\/11\/IMG_5293-225x300.jpg 225w, https:\/\/agora.xtec.cat\/escolamartamata\/wp-content\/uploads\/usu1957\/2020\/11\/IMG_5293-768x1024.jpg 768w, https:\/\/agora.xtec.cat\/escolamartamata\/wp-content\/uploads\/usu1957\/2020\/11\/IMG_5293.jpg 1660w\" sizes=\"auto, (max-width: 225px) 100vw, 225px\" \/><\/a> <a href=\"https:\/\/agora.xtec.cat\/escolamartamata\/wp-content\/uploads\/usu1957\/2020\/11\/IMG_5294.jpg\"><img loading=\"lazy\" decoding=\"async\" class=\"alignnone size-medium wp-image-12091\" src=\"https:\/\/agora.xtec.cat\/escolamartamata\/wp-content\/uploads\/usu1957\/2020\/11\/IMG_5294-300x225.jpg\" alt=\"\" width=\"300\" height=\"225\" srcset=\"https:\/\/agora.xtec.cat\/escolamartamata\/wp-content\/uploads\/usu1957\/2020\/11\/IMG_5294-300x225.jpg 300w, https:\/\/agora.xtec.cat\/escolamartamata\/wp-content\/uploads\/usu1957\/2020\/11\/IMG_5294-768x576.jpg 768w, https:\/\/agora.xtec.cat\/escolamartamata\/wp-content\/uploads\/usu1957\/2020\/11\/IMG_5294-1024x768.jpg 1024w, https:\/\/agora.xtec.cat\/escolamartamata\/wp-content\/uploads\/usu1957\/2020\/11\/IMG_5294-200x150.jpg 200w\" sizes=\"auto, (max-width: 300px) 100vw, 300px\" \/><\/a><\/p>\n<p>Mireu com ha quedat!<\/p>\n<p style=\"text-align: center;\"><a href=\"https:\/\/agora.xtec.cat\/escolamartamata\/wp-content\/uploads\/usu1957\/2020\/11\/IMG_5291-e1604595599291.jpg\"><img loading=\"lazy\" decoding=\"async\" class=\"alignnone wp-image-12089\" src=\"https:\/\/agora.xtec.cat\/escolamartamata\/wp-content\/uploads\/usu1957\/2020\/11\/IMG_5291-e1604595599291-190x300.jpg\" alt=\"\" width=\"224\" height=\"354\" srcset=\"https:\/\/agora.xtec.cat\/escolamartamata\/wp-content\/uploads\/usu1957\/2020\/11\/IMG_5291-e1604595599291-190x300.jpg 190w, https:\/\/agora.xtec.cat\/escolamartamata\/wp-content\/uploads\/usu1957\/2020\/11\/IMG_5291-e1604595599291-768x1215.jpg 768w, https:\/\/agora.xtec.cat\/escolamartamata\/wp-content\/uploads\/usu1957\/2020\/11\/IMG_5291-e1604595599291-647x1024.jpg 647w, https:\/\/agora.xtec.cat\/escolamartamata\/wp-content\/uploads\/usu1957\/2020\/11\/IMG_5291-e1604595599291.jpg 1256w\" sizes=\"auto, (max-width: 224px) 100vw, 224px\" \/><\/a><\/p>\n<p>&nbsp;<\/p>\n","protected":false},"excerpt":{"rendered":"<p>Ja fa dies que la Maripi i la Mireia ens expliquen el conte del Patufet. Un dia el van explicar amb titelles, un altre amb el conte, un altre el vam escenificar nosaltres&#8230;<br \/>\n<a href=\"https:\/\/agora.xtec.cat\/escolamartamata\/wp-content\/uploads\/usu1957\/2020\/11\/DSCN0650.jpg\"><\/a> <a href=\"https:\/\/agora.xtec.cat\/escolamartamata\/wp-content\/uploads\/usu1957\/2020\/11\/DSCN0361.jpg\"><\/a> <a href=\"https:\/\/agora.xtec.cat\/escolamartamata\/wp-content\/uploads\/usu1957\/2020\/11\/DSCN1194.jpg\"><\/a><br \/>\nCom que ja estem molt adaptats a l&#8217;escola&hellip;  <a href=\"https:\/\/agora.xtec.cat\/escolamartamata\/tanits25-26\/diadiapatufets20-21\/en-patufet\/\" title=\"Read &#8220;EN PATUFET&#8221;\">Llegeix m\u00e9s\u00bb<\/a><\/p>\n","protected":false},"author":8,"featured_media":6345,"comment_status":"closed","ping_status":"closed","sticky":false,"template":"","format":"standard","meta":{"_bbp_topic_count":0,"_bbp_reply_count":0,"_bbp_total_topic_count":0,"_bbp_total_reply_count":0,"_bbp_voice_count":0,"_bbp_anonymous_reply_count":0,"_bbp_topic_count_hidden":0,"_bbp_reply_count_hidden":0,"_bbp_forum_subforum_count":0,"footnotes":""},"categories":[266],"tags":[],"class_list":["post-12025","post","type-post","status-publish","format-standard","has-post-thumbnail","hentry","category-diadiapatufets20-21"],"post_mailing_queue_ids":[],"_links":{"self":[{"href":"https:\/\/agora.xtec.cat\/escolamartamata\/wp-json\/wp\/v2\/posts\/12025","targetHints":{"allow":["GET"]}}],"collection":[{"href":"https:\/\/agora.xtec.cat\/escolamartamata\/wp-json\/wp\/v2\/posts"}],"about":[{"href":"https:\/\/agora.xtec.cat\/escolamartamata\/wp-json\/wp\/v2\/types\/post"}],"author":[{"embeddable":true,"href":"https:\/\/agora.xtec.cat\/escolamartamata\/wp-json\/wp\/v2\/users\/8"}],"replies":[{"embeddable":true,"href":"https:\/\/agora.xtec.cat\/escolamartamata\/wp-json\/wp\/v2\/comments?post=12025"}],"version-history":[{"count":3,"href":"https:\/\/agora.xtec.cat\/escolamartamata\/wp-json\/wp\/v2\/posts\/12025\/revisions"}],"predecessor-version":[{"id":12094,"href":"https:\/\/agora.xtec.cat\/escolamartamata\/wp-json\/wp\/v2\/posts\/12025\/revisions\/12094"}],"wp:featuredmedia":[{"embeddable":true,"href":"https:\/\/agora.xtec.cat\/escolamartamata\/wp-json\/wp\/v2\/media\/6345"}],"wp:attachment":[{"href":"https:\/\/agora.xtec.cat\/escolamartamata\/wp-json\/wp\/v2\/media?parent=12025"}],"wp:term":[{"taxonomy":"category","embeddable":true,"href":"https:\/\/agora.xtec.cat\/escolamartamata\/wp-json\/wp\/v2\/categories?post=12025"},{"taxonomy":"post_tag","embeddable":true,"href":"https:\/\/agora.xtec.cat\/escolamartamata\/wp-json\/wp\/v2\/tags?post=12025"}],"curies":[{"name":"wp","href":"https:\/\/api.w.org\/{rel}","templated":true}]}}