{"id":11595,"date":"2020-10-21T19:05:52","date_gmt":"2020-10-21T17:05:52","guid":{"rendered":"https:\/\/agora.xtec.cat\/escolamartamata\/?p=11595"},"modified":"2021-01-28T18:42:14","modified_gmt":"2021-01-28T17:42:14","slug":"festa-de-benvinguda-2","status":"publish","type":"post","link":"https:\/\/agora.xtec.cat\/escolamartamata\/tanits25-26\/diadiapatufets20-21\/festa-de-benvinguda-2\/","title":{"rendered":"FESTA DE BENVINGUDA"},"content":{"rendered":"<p style=\"text-align: justify;\">Aquest mat\u00ed tots els nens, nenes i mestres de l&#8217;escola ens han donat la Benvinguda.<\/p>\n<p style=\"text-align: justify;\">Com a nous membres de l&#8217;escola ens hem posat el fulard i ens hem col.locat al mig de la pista fent una rotllana. La resta d&#8217;infants i mestres\u00a0 s&#8217;han col.locat en diferents llocs de la pista,envoltant-nos, per\u00f2 separats uns dels altres i plegats hem cantat la can\u00e7\u00f3 &#8220;El m\u00f3n seria&#8221;. Nosaltres, com ja hav\u00edem practicat, ens hem anat passant la bola del m\u00f3n mentre tothom cantava.<\/p>\n<p style=\"text-align: justify;\">Tot i que aquest any no hem pogut compartir ni l&#8217;esmorzar ni una estona de joc amb la resta de nens i nenes de l&#8217;escola, ha estat un mat\u00ed especial!.<\/p>\n<p style=\"text-align: center;\"><a href=\"https:\/\/agora.xtec.cat\/escolamartamata\/wp-content\/uploads\/usu1957\/2020\/10\/IMG_4562.jpg\"><img loading=\"lazy\" decoding=\"async\" class=\"alignnone size-medium wp-image-11599\" src=\"https:\/\/agora.xtec.cat\/escolamartamata\/wp-content\/uploads\/usu1957\/2020\/10\/IMG_4562-300x225.jpg\" alt=\"\" width=\"300\" height=\"225\" srcset=\"https:\/\/agora.xtec.cat\/escolamartamata\/wp-content\/uploads\/usu1957\/2020\/10\/IMG_4562-300x225.jpg 300w, https:\/\/agora.xtec.cat\/escolamartamata\/wp-content\/uploads\/usu1957\/2020\/10\/IMG_4562-768x576.jpg 768w, https:\/\/agora.xtec.cat\/escolamartamata\/wp-content\/uploads\/usu1957\/2020\/10\/IMG_4562-1024x768.jpg 1024w, https:\/\/agora.xtec.cat\/escolamartamata\/wp-content\/uploads\/usu1957\/2020\/10\/IMG_4562-200x150.jpg 200w\" sizes=\"auto, (max-width: 300px) 100vw, 300px\" \/><\/a><\/p>\n<p style=\"text-align: justify;\">A la tarda hem visitat l&#8217;escola i hem descobert nous espais que encara no hav\u00edem vist com les escales per pujar al passad\u00eds dels grans.<\/p>\n<p style=\"text-align: justify;\">Hem penjat les nostres fotografies a la paret on hi ha les fotos de tots els nens i nenes que han passat per l&#8217;escola.<\/p>\n<p style=\"text-align: justify;\">Per acabar la tarda hem anat a veure l&#8217;arbre de la vida, que est\u00e0 a l&#8217;entrada de l&#8217;escola, i hem buscat les nostres fulles que ja estan penjades.<\/p>\n<p style=\"text-align: center;\"><a href=\"https:\/\/agora.xtec.cat\/escolamartamata\/wp-content\/uploads\/usu1957\/2020\/10\/IMG_4559.jpg\"><img loading=\"lazy\" decoding=\"async\" class=\"alignnone size-medium wp-image-11596\" src=\"https:\/\/agora.xtec.cat\/escolamartamata\/wp-content\/uploads\/usu1957\/2020\/10\/IMG_4559-225x300.jpg\" alt=\"\" width=\"225\" height=\"300\" srcset=\"https:\/\/agora.xtec.cat\/escolamartamata\/wp-content\/uploads\/usu1957\/2020\/10\/IMG_4559-225x300.jpg 225w, https:\/\/agora.xtec.cat\/escolamartamata\/wp-content\/uploads\/usu1957\/2020\/10\/IMG_4559-768x1024.jpg 768w, https:\/\/agora.xtec.cat\/escolamartamata\/wp-content\/uploads\/usu1957\/2020\/10\/IMG_4559.jpg 1656w\" sizes=\"auto, (max-width: 225px) 100vw, 225px\" \/><\/a> <a href=\"https:\/\/agora.xtec.cat\/escolamartamata\/wp-content\/uploads\/usu1957\/2020\/10\/IMG_4560.jpg\"><img loading=\"lazy\" decoding=\"async\" class=\"alignnone size-medium wp-image-11597\" src=\"https:\/\/agora.xtec.cat\/escolamartamata\/wp-content\/uploads\/usu1957\/2020\/10\/IMG_4560-225x300.jpg\" alt=\"\" width=\"225\" height=\"300\" srcset=\"https:\/\/agora.xtec.cat\/escolamartamata\/wp-content\/uploads\/usu1957\/2020\/10\/IMG_4560-225x300.jpg 225w, https:\/\/agora.xtec.cat\/escolamartamata\/wp-content\/uploads\/usu1957\/2020\/10\/IMG_4560-768x1024.jpg 768w, https:\/\/agora.xtec.cat\/escolamartamata\/wp-content\/uploads\/usu1957\/2020\/10\/IMG_4560.jpg 1656w\" sizes=\"auto, (max-width: 225px) 100vw, 225px\" \/><\/a> <a href=\"https:\/\/agora.xtec.cat\/escolamartamata\/wp-content\/uploads\/usu1957\/2020\/10\/IMG_4561.jpg\"><img loading=\"lazy\" decoding=\"async\" class=\"alignnone size-medium wp-image-11598\" src=\"https:\/\/agora.xtec.cat\/escolamartamata\/wp-content\/uploads\/usu1957\/2020\/10\/IMG_4561-225x300.jpg\" alt=\"\" width=\"225\" height=\"300\" srcset=\"https:\/\/agora.xtec.cat\/escolamartamata\/wp-content\/uploads\/usu1957\/2020\/10\/IMG_4561-225x300.jpg 225w, https:\/\/agora.xtec.cat\/escolamartamata\/wp-content\/uploads\/usu1957\/2020\/10\/IMG_4561-768x1024.jpg 768w, https:\/\/agora.xtec.cat\/escolamartamata\/wp-content\/uploads\/usu1957\/2020\/10\/IMG_4561.jpg 1656w\" sizes=\"auto, (max-width: 225px) 100vw, 225px\" \/><\/a><\/p>\n<p>Podeu trobar m\u00e9s fotografies a la carpeta del DRIVE.<\/p>\n<p>&nbsp;<\/p>\n","protected":false},"excerpt":{"rendered":"<p>Aquest mat\u00ed tots els nens, nenes i mestres de l&#8217;escola ens han donat la Benvinguda.<br \/>\nCom a nous membres de l&#8217;escola ens hem posat el fulard i ens hem col.locat al mig de la pista fent una rotllana. La resta d&#8217;infants i mestres\u00a0 s&#8217;han col.locat en&hellip;  <a href=\"https:\/\/agora.xtec.cat\/escolamartamata\/tanits25-26\/diadiapatufets20-21\/festa-de-benvinguda-2\/\" title=\"Read FESTA DE BENVINGUDA\">Llegeix m\u00e9s\u00bb<\/a><\/p>\n","protected":false},"author":8,"featured_media":6345,"comment_status":"closed","ping_status":"closed","sticky":false,"template":"","format":"standard","meta":{"_bbp_topic_count":0,"_bbp_reply_count":0,"_bbp_total_topic_count":0,"_bbp_total_reply_count":0,"_bbp_voice_count":0,"_bbp_anonymous_reply_count":0,"_bbp_topic_count_hidden":0,"_bbp_reply_count_hidden":0,"_bbp_forum_subforum_count":0,"footnotes":""},"categories":[266],"tags":[],"class_list":["post-11595","post","type-post","status-publish","format-standard","has-post-thumbnail","hentry","category-diadiapatufets20-21"],"post_mailing_queue_ids":[],"_links":{"self":[{"href":"https:\/\/agora.xtec.cat\/escolamartamata\/wp-json\/wp\/v2\/posts\/11595","targetHints":{"allow":["GET"]}}],"collection":[{"href":"https:\/\/agora.xtec.cat\/escolamartamata\/wp-json\/wp\/v2\/posts"}],"about":[{"href":"https:\/\/agora.xtec.cat\/escolamartamata\/wp-json\/wp\/v2\/types\/post"}],"author":[{"embeddable":true,"href":"https:\/\/agora.xtec.cat\/escolamartamata\/wp-json\/wp\/v2\/users\/8"}],"replies":[{"embeddable":true,"href":"https:\/\/agora.xtec.cat\/escolamartamata\/wp-json\/wp\/v2\/comments?post=11595"}],"version-history":[{"count":2,"href":"https:\/\/agora.xtec.cat\/escolamartamata\/wp-json\/wp\/v2\/posts\/11595\/revisions"}],"predecessor-version":[{"id":11601,"href":"https:\/\/agora.xtec.cat\/escolamartamata\/wp-json\/wp\/v2\/posts\/11595\/revisions\/11601"}],"wp:featuredmedia":[{"embeddable":true,"href":"https:\/\/agora.xtec.cat\/escolamartamata\/wp-json\/wp\/v2\/media\/6345"}],"wp:attachment":[{"href":"https:\/\/agora.xtec.cat\/escolamartamata\/wp-json\/wp\/v2\/media?parent=11595"}],"wp:term":[{"taxonomy":"category","embeddable":true,"href":"https:\/\/agora.xtec.cat\/escolamartamata\/wp-json\/wp\/v2\/categories?post=11595"},{"taxonomy":"post_tag","embeddable":true,"href":"https:\/\/agora.xtec.cat\/escolamartamata\/wp-json\/wp\/v2\/tags?post=11595"}],"curies":[{"name":"wp","href":"https:\/\/api.w.org\/{rel}","templated":true}]}}