{"id":11746,"date":"2026-05-19T12:52:51","date_gmt":"2026-05-19T10:52:51","guid":{"rendered":"https:\/\/agora.xtec.cat\/escolamartamata-viladecans\/?p=11746"},"modified":"2026-07-16T13:15:05","modified_gmt":"2026-07-16T11:15:05","slug":"estrenem-nous-materials-de-joc-simbolica-educacio-infantil","status":"publish","type":"post","link":"https:\/\/agora.xtec.cat\/escolamartamata-viladecans\/general\/estrenem-nous-materials-de-joc-simbolica-educacio-infantil\/","title":{"rendered":"ESTRENEM NOUS MATERIALS DE JOC SIMB\u00d2LIC"},"content":{"rendered":"<p class=\"isSelectedEnd\">Aquesta setmana, els infants d&#8217;Educaci\u00f3 Infantil han estrenat els nous materials de joc simb\u00f2lic. Ho han fet amb molta il\u00b7lusi\u00f3, descobrint nous racons i donant vida a infinitat d&#8217;hist\u00f2ries a trav\u00e9s de la imaginaci\u00f3, la creativitat i el joc compartit.<\/p>\n<p class=\"isSelectedEnd\">Aquest \u00e9s un projecte que vam iniciar el curs passat i que, enguany, hem continuat enriquint amb nous recursos per oferir als infants m\u00e9s oportunitats per explorar, crear, representar situacions de la vida quotidiana i aprendre jugant.<\/p>\n<p class=\"isSelectedEnd\">Volem expressar el nostre agra\u00efment a l&#8217;Ajuntament de Viladecans, que amb la seva aportaci\u00f3 ha fet possible l&#8217;adquisici\u00f3 d&#8217;aquest nou material i ens ha ajudat a continuar fent cr\u00e9ixer aquest projecte tan especial.<\/p>\n<p>Us compartim un recull d&#8217;imatges d&#8217;aquests primers dies, plens de joc, descobertes, imaginaci\u00f3 i somriures.<\/p>\n\r\n\t<div class=\"slideshow_container slideshow_container_style-light\" style=\"height: 300px; \" data-slideshow-id=\"11748\" data-style-name=\"style-light\" data-style-version=\"2.3.1\" >\r\n\r\n\t\t\t\t\t<div class=\"slideshow_loading_icon\"><\/div>\r\n\t\t\r\n\t\t<div class=\"slideshow_content\" style=\"display: none;\">\r\n\r\n\t\t\t<div class=\"slideshow_view\">\r\n\t\t\t\t<div class=\"slideshow_slide slideshow_slide_image\">\r\n\t\t\t\t\t\t\t\t\t\t\t<img src=\"https:\/\/agora.xtec.cat\/escolamartamata-viladecans\/wp-content\/uploads\/usu1599\/2026\/07\/WhatsApp-Image-2026-06-12-at-18.46.53-2.jpeg\" alt=\"WhatsApp Image 2026-06-12 at 18.46.53 (2)\" width=\"1600\" height=\"900\" \/>\r\n\t\t\t\t\t\t\t\t\t\t<div class=\"slideshow_description_box slideshow_transparent\">\r\n\t\t\t\t\t\t\t\t\t\t\t\t\t\t\t\t\t<\/div>\r\n\t\t\t\t<\/div>\r\n\r\n\t\t\t\t\t\t<div style=\"clear: both;\"><\/div><\/div><div class=\"slideshow_view\">\r\n\t\t\t\t<div class=\"slideshow_slide slideshow_slide_image\">\r\n\t\t\t\t\t\t\t\t\t\t\t<img src=\"https:\/\/agora.xtec.cat\/escolamartamata-viladecans\/wp-content\/uploads\/usu1599\/2026\/07\/WhatsApp-Image-2026-06-12-at-18.46.53-1.jpeg\" alt=\"WhatsApp Image 2026-06-12 at 18.46.53 (1)\" width=\"1600\" height=\"900\" \/>\r\n\t\t\t\t\t\t\t\t\t\t<div class=\"slideshow_description_box slideshow_transparent\">\r\n\t\t\t\t\t\t\t\t\t\t\t\t\t\t\t\t\t<\/div>\r\n\t\t\t\t<\/div>\r\n\r\n\t\t\t\t\t\t<div style=\"clear: both;\"><\/div><\/div><div class=\"slideshow_view\">\r\n\t\t\t\t<div class=\"slideshow_slide slideshow_slide_image\">\r\n\t\t\t\t\t\t\t\t\t\t\t<img src=\"https:\/\/agora.xtec.cat\/escolamartamata-viladecans\/wp-content\/uploads\/usu1599\/2026\/07\/WhatsApp-Image-2026-06-12-at-18.46.53.jpeg\" alt=\"WhatsApp Image 2026-06-12 at 18.46.53\" width=\"900\" height=\"1600\" \/>\r\n\t\t\t\t\t\t\t\t\t\t<div class=\"slideshow_description_box slideshow_transparent\">\r\n\t\t\t\t\t\t\t\t\t\t\t\t\t\t\t\t\t<\/div>\r\n\t\t\t\t<\/div>\r\n\r\n\t\t\t\t\t\t<div style=\"clear: both;\"><\/div><\/div><div class=\"slideshow_view\">\r\n\t\t\t\t<div class=\"slideshow_slide slideshow_slide_image\">\r\n\t\t\t\t\t\t\t\t\t\t\t<img src=\"https:\/\/agora.xtec.cat\/escolamartamata-viladecans\/wp-content\/uploads\/usu1599\/2026\/07\/WhatsApp-Image-2026-06-12-at-18.46.54-3.jpeg\" alt=\"WhatsApp Image 2026-06-12 at 18.46.54 (3)\" width=\"1600\" height=\"900\" \/>\r\n\t\t\t\t\t\t\t\t\t\t<div class=\"slideshow_description_box slideshow_transparent\">\r\n\t\t\t\t\t\t\t\t\t\t\t\t\t\t\t\t\t<\/div>\r\n\t\t\t\t<\/div>\r\n\r\n\t\t\t\t\t\t<div style=\"clear: both;\"><\/div><\/div><div class=\"slideshow_view\">\r\n\t\t\t\t<div class=\"slideshow_slide slideshow_slide_image\">\r\n\t\t\t\t\t\t\t\t\t\t\t<img src=\"https:\/\/agora.xtec.cat\/escolamartamata-viladecans\/wp-content\/uploads\/usu1599\/2026\/07\/WhatsApp-Image-2026-06-12-at-18.46.54-2.jpeg\" alt=\"WhatsApp Image 2026-06-12 at 18.46.54 (2)\" width=\"1600\" height=\"900\" \/>\r\n\t\t\t\t\t\t\t\t\t\t<div class=\"slideshow_description_box slideshow_transparent\">\r\n\t\t\t\t\t\t\t\t\t\t\t\t\t\t\t\t\t<\/div>\r\n\t\t\t\t<\/div>\r\n\r\n\t\t\t\t\t\t<div style=\"clear: both;\"><\/div><\/div><div class=\"slideshow_view\">\r\n\t\t\t\t<div class=\"slideshow_slide slideshow_slide_image\">\r\n\t\t\t\t\t\t\t\t\t\t\t<img src=\"https:\/\/agora.xtec.cat\/escolamartamata-viladecans\/wp-content\/uploads\/usu1599\/2026\/07\/WhatsApp-Image-2026-06-12-at-18.46.54-1.jpeg\" alt=\"WhatsApp Image 2026-06-12 at 18.46.54 (1)\" width=\"900\" height=\"1600\" \/>\r\n\t\t\t\t\t\t\t\t\t\t<div class=\"slideshow_description_box slideshow_transparent\">\r\n\t\t\t\t\t\t\t\t\t\t\t\t\t\t\t\t\t<\/div>\r\n\t\t\t\t<\/div>\r\n\r\n\t\t\t\t\t\t<div style=\"clear: both;\"><\/div><\/div><div class=\"slideshow_view\">\r\n\t\t\t\t<div class=\"slideshow_slide slideshow_slide_image\">\r\n\t\t\t\t\t\t\t\t\t\t\t<img src=\"https:\/\/agora.xtec.cat\/escolamartamata-viladecans\/wp-content\/uploads\/usu1599\/2026\/07\/WhatsApp-Image-2026-06-12-at-18.46.54.jpeg\" alt=\"WhatsApp Image 2026-06-12 at 18.46.54\" width=\"2040\" height=\"1530\" \/>\r\n\t\t\t\t\t\t\t\t\t\t<div class=\"slideshow_description_box slideshow_transparent\">\r\n\t\t\t\t\t\t\t\t\t\t\t\t\t\t\t\t\t<\/div>\r\n\t\t\t\t<\/div>\r\n\r\n\t\t\t\t\t\t<div style=\"clear: both;\"><\/div><\/div>\r\n\t\t<\/div>\r\n\r\n\t\t<div class=\"slideshow_controlPanel slideshow_transparent\" style=\"display: none;\"><ul><li class=\"slideshow_togglePlay\" data-play-text=\"Visualitza\" data-pause-text=\"Pausa\"><\/li><\/ul><\/div>\r\n\r\n\t\t<div class=\"slideshow_button slideshow_previous slideshow_transparent\" role=\"button\" data-previous-text=\"Anterior\" style=\"display: none;\"><\/div>\r\n\t\t<div class=\"slideshow_button slideshow_next slideshow_transparent\" role=\"button\" data-next-text=\"Seg\u00fcent\" style=\"display: none;\"><\/div>\r\n\r\n\t\t<div class=\"slideshow_pagination\" style=\"display: none;\" data-go-to-text=\"V\u00e9s a la diapositiva\"><div class=\"slideshow_pagination_center\"><\/div><\/div>\r\n\r\n\t\t<!-- WordPress Slideshow Version 2.3.1 -->\r\n\r\n\t\t\t<\/div>\r\n\r\n\n","protected":false},"excerpt":{"rendered":"<p>Aquesta setmana, els infants d&#8217;Educaci\u00f3 Infantil han estrenat els nous materials de joc simb\u00f2lic. Ho han fet amb molta il\u00b7lusi\u00f3, descobrint nous racons i donant vida a infinitat d&#8217;hist\u00f2ries a trav\u00e9s de la imaginaci\u00f3, la creativitat i el joc compartit.<br \/>\nAquest \u00e9s un projecte que vam&hellip;  <a href=\"https:\/\/agora.xtec.cat\/escolamartamata-viladecans\/general\/estrenem-nous-materials-de-joc-simbolica-educacio-infantil\/\" title=\"Read ESTRENEM NOUS MATERIALS DE JOC SIMB\u00d2LIC\">Llegeix m\u00e9s\u00bb<\/a><\/p>\n","protected":false},"author":1,"featured_media":11738,"comment_status":"open","ping_status":"open","sticky":false,"template":"","format":"standard","meta":{"_bbp_topic_count":0,"_bbp_reply_count":0,"_bbp_total_topic_count":0,"_bbp_total_reply_count":0,"_bbp_voice_count":0,"_bbp_anonymous_reply_count":0,"_bbp_topic_count_hidden":0,"_bbp_reply_count_hidden":0,"_bbp_forum_subforum_count":0,"footnotes":""},"categories":[1,2,4],"tags":[],"class_list":["post-11746","post","type-post","status-publish","format-standard","has-post-thumbnail","hentry","category-general","category-infantil","category-portada"],"post_mailing_queue_ids":[],"_links":{"self":[{"href":"https:\/\/agora.xtec.cat\/escolamartamata-viladecans\/wp-json\/wp\/v2\/posts\/11746","targetHints":{"allow":["GET"]}}],"collection":[{"href":"https:\/\/agora.xtec.cat\/escolamartamata-viladecans\/wp-json\/wp\/v2\/posts"}],"about":[{"href":"https:\/\/agora.xtec.cat\/escolamartamata-viladecans\/wp-json\/wp\/v2\/types\/post"}],"author":[{"embeddable":true,"href":"https:\/\/agora.xtec.cat\/escolamartamata-viladecans\/wp-json\/wp\/v2\/users\/1"}],"replies":[{"embeddable":true,"href":"https:\/\/agora.xtec.cat\/escolamartamata-viladecans\/wp-json\/wp\/v2\/comments?post=11746"}],"version-history":[{"count":5,"href":"https:\/\/agora.xtec.cat\/escolamartamata-viladecans\/wp-json\/wp\/v2\/posts\/11746\/revisions"}],"predecessor-version":[{"id":11752,"href":"https:\/\/agora.xtec.cat\/escolamartamata-viladecans\/wp-json\/wp\/v2\/posts\/11746\/revisions\/11752"}],"wp:featuredmedia":[{"embeddable":true,"href":"https:\/\/agora.xtec.cat\/escolamartamata-viladecans\/wp-json\/wp\/v2\/media\/11738"}],"wp:attachment":[{"href":"https:\/\/agora.xtec.cat\/escolamartamata-viladecans\/wp-json\/wp\/v2\/media?parent=11746"}],"wp:term":[{"taxonomy":"category","embeddable":true,"href":"https:\/\/agora.xtec.cat\/escolamartamata-viladecans\/wp-json\/wp\/v2\/categories?post=11746"},{"taxonomy":"post_tag","embeddable":true,"href":"https:\/\/agora.xtec.cat\/escolamartamata-viladecans\/wp-json\/wp\/v2\/tags?post=11746"}],"curies":[{"name":"wp","href":"https:\/\/api.w.org\/{rel}","templated":true}]}}