{"id":3929,"date":"2019-11-19T09:24:23","date_gmt":"2019-11-19T08:24:23","guid":{"rendered":"http:\/\/agora.xtec.cat\/escolamarededeudellledo\/?p=3929"},"modified":"2019-11-19T15:11:26","modified_gmt":"2019-11-19T14:11:26","slug":"musiquem-un-poema","status":"publish","type":"post","link":"https:\/\/agora.xtec.cat\/escolamarededeudellledo\/general\/musiquem-un-poema\/","title":{"rendered":"Musiquem un poema"},"content":{"rendered":"<p><a href=\"https:\/\/agora.xtec.cat\/escolamarededeudellledo\/wp-content\/uploads\/usu485\/2019\/11\/fem-mu\u0301sica-logo.jpg\"><img loading=\"lazy\" decoding=\"async\" class=\"size-full wp-image-3926 aligncenter\" src=\"https:\/\/agora.xtec.cat\/escolamarededeudellledo\/wp-content\/uploads\/usu485\/2019\/11\/fem-mu\u0301sica-logo.jpg\" alt=\"\" width=\"600\" height=\"200\" srcset=\"https:\/\/agora.xtec.cat\/escolamarededeudellledo\/wp-content\/uploads\/usu485\/2019\/11\/fem-mu\u0301sica-logo.jpg 600w, https:\/\/agora.xtec.cat\/escolamarededeudellledo\/wp-content\/uploads\/usu485\/2019\/11\/fem-mu\u0301sica-logo-300x100.jpg 300w\" sizes=\"auto, (max-width: 600px) 100vw, 600px\" \/><\/a><\/p>\n<h6 style=\"text-align: center;\"><span style=\"color: #800080;\">Els i les alumnes de 2n, des de m\u00fasica estem aprenent a musicar un poema. Ara estem practicant, per\u00f2 ens estem preparant per musicar un poema de la tardor!<\/span><\/h6>\n<p style=\"text-align: center;\"><em><span style=\"color: #ff9900;\">Cot\u00f3 de sucre, cavallets,<\/span><\/em><\/p>\n<p style=\"text-align: center;\"><em><span style=\"color: #ff9900;\">c\u00e0ntirs de vidre i arracades,<\/span><\/em><\/p>\n<p style=\"text-align: center;\"><em><span style=\"color: #ff9900;\">lloeu, salteu, fent ballades,<\/span><\/em><\/p>\n<p style=\"text-align: center;\"><em><span style=\"color: #ff9900;\">amb el brugit<\/span><\/em><\/p>\n<p style=\"text-align: center;\"><em><span style=\"color: #ff9900;\">dels platerets!<\/span><\/em><\/p>\n<p style=\"text-align: center;\">\n<div class=\"ast-oembed-container \" style=\"height: 100%;\"><iframe loading=\"lazy\" title=\"Poema musicat 2n A\" width=\"500\" height=\"281\" src=\"https:\/\/www.youtube.com\/embed\/gp4OA5T8YgU?feature=oembed\" frameborder=\"0\" allow=\"accelerometer; autoplay; clipboard-write; encrypted-media; gyroscope; picture-in-picture; web-share\" referrerpolicy=\"strict-origin-when-cross-origin\" allowfullscreen><\/iframe><\/div>\n<\/p>\n<p style=\"text-align: center;\">\n<div class=\"ast-oembed-container \" style=\"height: 100%;\"><iframe loading=\"lazy\" title=\"Poema musicat 2n B\" width=\"500\" height=\"281\" src=\"https:\/\/www.youtube.com\/embed\/h1pJblFTCn0?feature=oembed\" frameborder=\"0\" allow=\"accelerometer; autoplay; clipboard-write; encrypted-media; gyroscope; picture-in-picture; web-share\" referrerpolicy=\"strict-origin-when-cross-origin\" allowfullscreen><\/iframe><\/div>\n<\/p>\n<p style=\"text-align: center;\">\n<div class=\"ast-oembed-container \" style=\"height: 100%;\"><iframe loading=\"lazy\" title=\"Poema musicat 2n C\" width=\"500\" height=\"281\" src=\"https:\/\/www.youtube.com\/embed\/TUjysQQK0vc?feature=oembed\" frameborder=\"0\" allow=\"accelerometer; autoplay; clipboard-write; encrypted-media; gyroscope; picture-in-picture; web-share\" referrerpolicy=\"strict-origin-when-cross-origin\" allowfullscreen><\/iframe><\/div><\/p>\n","protected":false},"excerpt":{"rendered":"<p>Els i les alumnes de 2n, des de m\u00fasica estem aprenent a musicar un poema. Ara estem practicant, per\u00f2 ens estem preparant per musicar un poema de la tardor! Cot\u00f3 de sucre, cavallets, c\u00e0ntirs de vidre i arracades, lloeu, salteu, fent ballades, amb el brugit dels platerets!<\/p>\n","protected":false},"author":36,"featured_media":3930,"comment_status":"open","ping_status":"closed","sticky":false,"template":"","format":"standard","meta":{"_bbp_topic_count":0,"_bbp_reply_count":0,"_bbp_total_topic_count":0,"_bbp_total_reply_count":0,"_bbp_voice_count":0,"_bbp_anonymous_reply_count":0,"_bbp_topic_count_hidden":0,"_bbp_reply_count_hidden":0,"_bbp_forum_subforum_count":0,"site-sidebar-layout":"default","site-content-layout":"","ast-site-content-layout":"","site-content-style":"default","site-sidebar-style":"default","ast-global-header-display":"","ast-banner-title-visibility":"","ast-main-header-display":"","ast-hfb-above-header-display":"","ast-hfb-below-header-display":"","ast-hfb-mobile-header-display":"","site-post-title":"","ast-breadcrumbs-content":"","ast-featured-img":"","footer-sml-layout":"","theme-transparent-header-meta":"","adv-header-id-meta":"","stick-header-meta":"","header-above-stick-meta":"","header-main-stick-meta":"","header-below-stick-meta":"","astra-migrate-meta-layouts":"default","ast-page-background-enabled":"default","ast-page-background-meta":{"desktop":{"background-color":"var(--ast-global-color-4)","background-image":"","background-repeat":"repeat","background-position":"center center","background-size":"auto","background-attachment":"scroll","background-type":"","background-media":"","overlay-type":"","overlay-color":"","overlay-opacity":"","overlay-gradient":""},"tablet":{"background-color":"","background-image":"","background-repeat":"repeat","background-position":"center center","background-size":"auto","background-attachment":"scroll","background-type":"","background-media":"","overlay-type":"","overlay-color":"","overlay-opacity":"","overlay-gradient":""},"mobile":{"background-color":"","background-image":"","background-repeat":"repeat","background-position":"center center","background-size":"auto","background-attachment":"scroll","background-type":"","background-media":"","overlay-type":"","overlay-color":"","overlay-opacity":"","overlay-gradient":""}},"ast-content-background-meta":{"desktop":{"background-color":"var(--ast-global-color-5)","background-image":"","background-repeat":"repeat","background-position":"center center","background-size":"auto","background-attachment":"scroll","background-type":"","background-media":"","overlay-type":"","overlay-color":"","overlay-opacity":"","overlay-gradient":""},"tablet":{"background-color":"var(--ast-global-color-5)","background-image":"","background-repeat":"repeat","background-position":"center center","background-size":"auto","background-attachment":"scroll","background-type":"","background-media":"","overlay-type":"","overlay-color":"","overlay-opacity":"","overlay-gradient":""},"mobile":{"background-color":"var(--ast-global-color-5)","background-image":"","background-repeat":"repeat","background-position":"center center","background-size":"auto","background-attachment":"scroll","background-type":"","background-media":"","overlay-type":"","overlay-color":"","overlay-opacity":"","overlay-gradient":""}},"footnotes":""},"categories":[11,44,1,42,4],"tags":[303,71,396],"class_list":["post-3929","post","type-post","status-publish","format-standard","has-post-thumbnail","hentry","category-2n","category-2n-musica","category-general","category-musica","category-portada","tag-instruments","tag-musica","tag-poema"],"post_mailing_queue_ids":[],"_links":{"self":[{"href":"https:\/\/agora.xtec.cat\/escolamarededeudellledo\/wp-json\/wp\/v2\/posts\/3929","targetHints":{"allow":["GET"]}}],"collection":[{"href":"https:\/\/agora.xtec.cat\/escolamarededeudellledo\/wp-json\/wp\/v2\/posts"}],"about":[{"href":"https:\/\/agora.xtec.cat\/escolamarededeudellledo\/wp-json\/wp\/v2\/types\/post"}],"author":[{"embeddable":true,"href":"https:\/\/agora.xtec.cat\/escolamarededeudellledo\/wp-json\/wp\/v2\/users\/36"}],"replies":[{"embeddable":true,"href":"https:\/\/agora.xtec.cat\/escolamarededeudellledo\/wp-json\/wp\/v2\/comments?post=3929"}],"version-history":[{"count":2,"href":"https:\/\/agora.xtec.cat\/escolamarededeudellledo\/wp-json\/wp\/v2\/posts\/3929\/revisions"}],"predecessor-version":[{"id":3942,"href":"https:\/\/agora.xtec.cat\/escolamarededeudellledo\/wp-json\/wp\/v2\/posts\/3929\/revisions\/3942"}],"wp:featuredmedia":[{"embeddable":true,"href":"https:\/\/agora.xtec.cat\/escolamarededeudellledo\/wp-json\/wp\/v2\/media\/3930"}],"wp:attachment":[{"href":"https:\/\/agora.xtec.cat\/escolamarededeudellledo\/wp-json\/wp\/v2\/media?parent=3929"}],"wp:term":[{"taxonomy":"category","embeddable":true,"href":"https:\/\/agora.xtec.cat\/escolamarededeudellledo\/wp-json\/wp\/v2\/categories?post=3929"},{"taxonomy":"post_tag","embeddable":true,"href":"https:\/\/agora.xtec.cat\/escolamarededeudellledo\/wp-json\/wp\/v2\/tags?post=3929"}],"curies":[{"name":"wp","href":"https:\/\/api.w.org\/{rel}","templated":true}]}}