{"id":2775,"date":"2026-03-24T14:27:51","date_gmt":"2026-03-24T13:27:51","guid":{"rendered":"https:\/\/agora.xtec.cat\/escolamanueldecastellvi\/?p=2775"},"modified":"2026-03-24T14:27:51","modified_gmt":"2026-03-24T13:27:51","slug":"les-avies-i-besavia-dels-les-petits-es-de-lescola","status":"publish","type":"post","link":"https:\/\/agora.xtec.cat\/escolamanueldecastellvi\/general\/les-avies-i-besavia-dels-les-petits-es-de-lescola\/","title":{"rendered":"LES \u00c0VIES I BES\u00c0VIA DELS\/LES PETITS\/ES DE L&#8217;ESCOLA"},"content":{"rendered":"<p><strong>Les \u00e0vies visiten l\u2019escola Manuel de Castellv\u00ed i Feliu per celebrar el Dia de la Dona <\/strong><strong>Treballadora<\/strong><\/p>\n<p>El passat 8 de mar\u00e7, amb motiu del Dia de la Dona Treballadora, l\u2019escola Manuel de Castellv\u00ed i Feliu va viure una jornada molt especial i emotiva amb la visita de les \u00e0vies i bes\u00e0vies dels infants d\u2019educaci\u00f3 infantil. Fins i tot algun avi es va animar a participar en aquesta trobada tan enriquidora.<br \/>\nDurant ela tarda, les convidades van compartir amb els infants com era la seva inf\u00e0ncia: com es distreien i jugaven, quines eren les seves joguines i com passaven les hores sense pantalles. Van explicar quins jocs els agradaven m\u00e9s i si tenien tantes joguines com els nens i nenes d\u2019avui dia. Aquesta estona de conversa va despertar molta curiositat, i els infants van fer moltes preguntes plenes d\u2019inter\u00e8s.<br \/>\nA m\u00e9s, els nens i nenes van tenir l\u2019oportunitat de veure i tocar algunes de les joguines amb qu\u00e8 jugaven les \u00e0vies, descobrint que eren molt diferents de les actuals: fetes de fusta, de porcellana i amb materials senzills per\u00f2 plens d\u2019hist\u00f2ria.<br \/>\nLa jornada va continuar al pati, on tots plegats van poder jugar a jocs tradicionals que les \u00e0vies havien portat. Va ser un moment molt divertit i intergeneracional, en qu\u00e8 tant els infants com les \u00e0vies van gaudir molt\u00edssim. Les m\u00e9s petites i petits van aprendre jocs nous, mentre que les \u00e0vies van poder reviure la seva inf\u00e0ncia.<br \/>\nVa ser una experi\u00e8ncia molt enriquidora, plena d\u2019emocions, aprenentatges i bons moments, que va tenir un gran \u00e8xit entre tots els participants.<\/p>\n<p>Sens dubte, una activitat per recordar i repetir.<\/p>\n<p><a href=\"https:\/\/drive.google.com\/drive\/folders\/1_ZuUtyyqEvBcnmJcCEWT97tvP8Qy9XWP?usp=drive_link\">FOTOGRAFIES DE LES \u00c0VIES I BES\u00c0VIA<\/a><\/p>\n<p>*Per entrar a la carpeta de fotografies corresponent a aquest article heu de seguir la seg\u00fcent ruta:<\/p>\n<p><strong>FOTOS 25-26 \/ 06 FESTES I DIES ESPECIALS \/ 04 DIA DE LA DONA 03-26 \/ LES \u00c0VIES DE LA LLAR I PETITS\/ES 12-03-26<\/strong><\/p>\n<p><img loading=\"lazy\" decoding=\"async\" class=\"aligncenter size-medium wp-image-2776\" src=\"https:\/\/agora.xtec.cat\/escolamanueldecastellvi\/wp-content\/uploads\/usu2102\/2026\/03\/PORTADA-300x225.jpg\" alt=\"\" width=\"300\" height=\"225\" srcset=\"https:\/\/agora.xtec.cat\/escolamanueldecastellvi\/wp-content\/uploads\/usu2102\/2026\/03\/PORTADA-300x225.jpg 300w, https:\/\/agora.xtec.cat\/escolamanueldecastellvi\/wp-content\/uploads\/usu2102\/2026\/03\/PORTADA-1024x770.jpg 1024w, https:\/\/agora.xtec.cat\/escolamanueldecastellvi\/wp-content\/uploads\/usu2102\/2026\/03\/PORTADA-768x577.jpg 768w, https:\/\/agora.xtec.cat\/escolamanueldecastellvi\/wp-content\/uploads\/usu2102\/2026\/03\/PORTADA-200x150.jpg 200w, https:\/\/agora.xtec.cat\/escolamanueldecastellvi\/wp-content\/uploads\/usu2102\/2026\/03\/PORTADA.jpg 1437w\" sizes=\"auto, (max-width: 300px) 100vw, 300px\" \/><\/p>\n","protected":false},"excerpt":{"rendered":"<p>Les \u00e0vies visiten l\u2019escola Manuel de Castellv\u00ed i Feliu per celebrar el Dia de la Dona Treballadora<br \/>\nEl passat 8 de mar\u00e7, amb motiu del Dia de la Dona Treballadora, l\u2019escola Manuel de Castellv\u00ed i Feliu va viure una jornada molt especial i emotiva amb la&hellip;  <a href=\"https:\/\/agora.xtec.cat\/escolamanueldecastellvi\/general\/les-avies-i-besavia-dels-les-petits-es-de-lescola\/\" title=\"Read LES \u00c0VIES I BES\u00c0VIA DELS\/LES PETITS\/ES DE L&#8217;ESCOLA\">Llegeix m\u00e9s\u00bb<\/a><\/p>\n","protected":false},"author":1,"featured_media":0,"comment_status":"open","ping_status":"open","sticky":false,"template":"","format":"standard","meta":{"_bbp_topic_count":0,"_bbp_reply_count":0,"_bbp_total_topic_count":0,"_bbp_total_reply_count":0,"_bbp_voice_count":0,"_bbp_anonymous_reply_count":0,"_bbp_topic_count_hidden":0,"_bbp_reply_count_hidden":0,"_bbp_forum_subforum_count":0,"footnotes":""},"categories":[1,2,75,73,4],"tags":[],"class_list":["post-2775","post","type-post","status-publish","format-standard","hentry","category-general","category-infantil","category-llar","category-petits-es","category-portada"],"post_mailing_queue_ids":[],"_links":{"self":[{"href":"https:\/\/agora.xtec.cat\/escolamanueldecastellvi\/wp-json\/wp\/v2\/posts\/2775","targetHints":{"allow":["GET"]}}],"collection":[{"href":"https:\/\/agora.xtec.cat\/escolamanueldecastellvi\/wp-json\/wp\/v2\/posts"}],"about":[{"href":"https:\/\/agora.xtec.cat\/escolamanueldecastellvi\/wp-json\/wp\/v2\/types\/post"}],"author":[{"embeddable":true,"href":"https:\/\/agora.xtec.cat\/escolamanueldecastellvi\/wp-json\/wp\/v2\/users\/1"}],"replies":[{"embeddable":true,"href":"https:\/\/agora.xtec.cat\/escolamanueldecastellvi\/wp-json\/wp\/v2\/comments?post=2775"}],"version-history":[{"count":1,"href":"https:\/\/agora.xtec.cat\/escolamanueldecastellvi\/wp-json\/wp\/v2\/posts\/2775\/revisions"}],"predecessor-version":[{"id":2777,"href":"https:\/\/agora.xtec.cat\/escolamanueldecastellvi\/wp-json\/wp\/v2\/posts\/2775\/revisions\/2777"}],"wp:attachment":[{"href":"https:\/\/agora.xtec.cat\/escolamanueldecastellvi\/wp-json\/wp\/v2\/media?parent=2775"}],"wp:term":[{"taxonomy":"category","embeddable":true,"href":"https:\/\/agora.xtec.cat\/escolamanueldecastellvi\/wp-json\/wp\/v2\/categories?post=2775"},{"taxonomy":"post_tag","embeddable":true,"href":"https:\/\/agora.xtec.cat\/escolamanueldecastellvi\/wp-json\/wp\/v2\/tags?post=2775"}],"curies":[{"name":"wp","href":"https:\/\/api.w.org\/{rel}","templated":true}]}}