{"id":2190,"date":"2025-04-22T10:52:26","date_gmt":"2025-04-22T08:52:26","guid":{"rendered":"https:\/\/agora.xtec.cat\/escolamansuet\/?p=2190"},"modified":"2025-04-22T18:34:02","modified_gmt":"2025-04-22T16:34:02","slug":"apunteu-vos-a-la-4a-mansuetina-el-diumenge-11-de-maig","status":"publish","type":"post","link":"https:\/\/agora.xtec.cat\/escolamansuet\/cueme\/apunteu-vos-a-la-4a-mansuetina-el-diumenge-11-de-maig\/","title":{"rendered":"Apunteu-vos a la 4a Mansuetina el diumenge 11 de maig!!!"},"content":{"rendered":"<p class=\"\" data-start=\"69\" data-end=\"165\"><strong data-start=\"69\" data-end=\"101\">Apunteu-vos a la 4a MANSUETINA!<\/strong><br data-start=\"101\" data-end=\"104\" \/>\ud83d\udcc5 <em data-start=\"107\" data-end=\"128\">Diumenge 11 de maig<\/em><br data-start=\"128\" data-end=\"131\" \/>\ud83d\ude0d Us hi esperem amb moltes ganes!<\/p>\n<p class=\"\" data-start=\"167\" data-end=\"375\">La cooperativa <strong data-start=\"182\" data-end=\"195\">TeamSuet<\/strong>, formada pels nens i nenes de 5\u00e8 de l\u2019Escola Mansuet, ha preparat amb molt d\u2019esfor\u00e7 i il\u00b7lusi\u00f3 la 4<strong data-start=\"294\" data-end=\"324\">a edici\u00f3 de la MANSUETINA<\/strong>, una caminada popular i solid\u00e0ria oberta a tothom.<\/p>\n<p class=\"\" data-start=\"395\" data-end=\"588\">Aquest any podreu triar entre <strong data-start=\"425\" data-end=\"444\">dos recorreguts<\/strong>:<\/p>\n<p class=\"\" data-start=\"395\" data-end=\"588\">\ud83d\udeb6\u200d\u2640\ufe0f <strong data-start=\"452\" data-end=\"460\">8 km<\/strong>, per als i les que voleu una bona caminada.<\/p>\n<p class=\"\" data-start=\"395\" data-end=\"588\">\ud83d\udeb6\u200d\u2642\ufe0f <strong data-start=\"506\" data-end=\"514\">5 km<\/strong>, ideal per a fer amb els m\u00e9s petits i petites o si preferiu un passeig m\u00e9s tranquil.<\/p>\n<p class=\"\" data-start=\"590\" data-end=\"691\">Tots dos recorren els bonics camins de <strong data-start=\"633\" data-end=\"655\">Montserrat<\/strong>, envoltats de natura i bon ambient.<\/p>\n<p class=\"\" data-start=\"609\" data-end=\"773\">Tot el que es recapti anir\u00e0 destinat a <strong data-start=\"648\" data-end=\"659\">Fundaci\u00f3n Peque\u00f1o Deseo<\/strong>, una associaci\u00f3 que lluita per la investigaci\u00f3 de malalties infantils minorit\u00e0ries.<\/p>\n<p class=\"\" data-start=\"775\" data-end=\"897\">\u00c9s l\u2019excusa perfecta per gaudir d\u2019un diumenge diferent amb fam\u00edlia, amics, natura, esport, somriures i un ambient genial.<\/p>\n<p class=\"\" data-start=\"899\" data-end=\"1032\"><strong data-start=\"899\" data-end=\"919\">No us ho perdeu!<\/strong> Apunteu-vos-hi ara i vingueu a viure un dia ple de bon rotllo i aventura!<\/p>\n<p class=\"\" data-start=\"899\" data-end=\"1032\">Us esperem amb els bra\u00e7os oberts!<\/p>\n<p class=\"\" data-start=\"100\" data-end=\"129\">\ud83c\udf9f\ufe0f <strong data-start=\"104\" data-end=\"129\">Preu inscripci\u00f3: 12 \u20ac <\/strong>Inclou:<\/p>\n<p><strong>\ud83d\udc55 Samarreta exclusiva de la MANSUETINA (inscrits fins al 5 de maig)<\/strong><br \/>\n<strong>\ud83d\udca7 Avituallament durant la caminada<\/strong><br \/>\n<strong>\ud83c\udf2d Botifarrada final per recuperar forces<\/strong><br \/>\n<strong>\ud83e\udd1eSorteig de regals <\/strong><br \/>\n<strong>\ud83d\udee1\ufe0f Asseguran\u00e7a per a tots els participants<\/strong><\/p>\n<p class=\"\" data-start=\"324\" data-end=\"390\">Tot preparat perqu\u00e8 nom\u00e9s us h\u00e0giu de preocupar de gaudir del dia!<\/p>\n<p data-start=\"324\" data-end=\"390\"><!--more--><img loading=\"lazy\" decoding=\"async\" class=\"aligncenter size-large wp-image-2205\" src=\"https:\/\/agora.xtec.cat\/escolamansuet\/wp-content\/uploads\/usu1881\/2025\/04\/Poster-25-2-576x1024.jpeg\" alt=\"\" width=\"576\" height=\"1024\" srcset=\"https:\/\/agora.xtec.cat\/escolamansuet\/wp-content\/uploads\/usu1881\/2025\/04\/Poster-25-2-576x1024.jpeg 576w, https:\/\/agora.xtec.cat\/escolamansuet\/wp-content\/uploads\/usu1881\/2025\/04\/Poster-25-2-169x300.jpeg 169w, https:\/\/agora.xtec.cat\/escolamansuet\/wp-content\/uploads\/usu1881\/2025\/04\/Poster-25-2-768x1365.jpeg 768w, https:\/\/agora.xtec.cat\/escolamansuet\/wp-content\/uploads\/usu1881\/2025\/04\/Poster-25-2-864x1536.jpeg 864w, https:\/\/agora.xtec.cat\/escolamansuet\/wp-content\/uploads\/usu1881\/2025\/04\/Poster-25-2.jpeg 1080w\" sizes=\"auto, (max-width: 576px) 100vw, 576px\" \/><\/p>\n<p data-start=\"899\" data-end=\"1032\">\n<p style=\"text-align: center;\" data-start=\"899\" data-end=\"1032\"><strong>RECORREGUT LLARG<\/strong><\/p>\n<p data-start=\"899\" data-end=\"1032\"><img loading=\"lazy\" decoding=\"async\" class=\"aligncenter size-full wp-image-2197\" src=\"https:\/\/agora.xtec.cat\/escolamansuet\/wp-content\/uploads\/usu1881\/2025\/04\/Captura-de-pantalla-2025-04-22-111447.png\" alt=\"\" width=\"953\" height=\"662\" srcset=\"https:\/\/agora.xtec.cat\/escolamansuet\/wp-content\/uploads\/usu1881\/2025\/04\/Captura-de-pantalla-2025-04-22-111447.png 953w, https:\/\/agora.xtec.cat\/escolamansuet\/wp-content\/uploads\/usu1881\/2025\/04\/Captura-de-pantalla-2025-04-22-111447-300x208.png 300w, https:\/\/agora.xtec.cat\/escolamansuet\/wp-content\/uploads\/usu1881\/2025\/04\/Captura-de-pantalla-2025-04-22-111447-768x533.png 768w\" sizes=\"auto, (max-width: 953px) 100vw, 953px\" \/><\/p>\n<p style=\"text-align: center;\" data-start=\"899\" data-end=\"1032\"><strong>RECORREGUT CURT<\/strong><\/p>\n<p data-start=\"899\" data-end=\"1032\"><img loading=\"lazy\" decoding=\"async\" class=\"aligncenter size-full wp-image-2196\" src=\"https:\/\/agora.xtec.cat\/escolamansuet\/wp-content\/uploads\/usu1881\/2025\/04\/Captura-de-pantalla-2025-04-22-111405.png\" alt=\"\" width=\"887\" height=\"646\" srcset=\"https:\/\/agora.xtec.cat\/escolamansuet\/wp-content\/uploads\/usu1881\/2025\/04\/Captura-de-pantalla-2025-04-22-111405.png 887w, https:\/\/agora.xtec.cat\/escolamansuet\/wp-content\/uploads\/usu1881\/2025\/04\/Captura-de-pantalla-2025-04-22-111405-300x218.png 300w, https:\/\/agora.xtec.cat\/escolamansuet\/wp-content\/uploads\/usu1881\/2025\/04\/Captura-de-pantalla-2025-04-22-111405-768x559.png 768w\" sizes=\"auto, (max-width: 887px) 100vw, 887px\" \/><\/p>\n<p class=\"cvGsUA direction-ltr align-center para-style-body\"><strong><span class=\"OYPEnA font-feature-liga-off font-feature-clig-off font-feature-calt-off text-decoration-none text-strikethrough-none\">Una mica m\u00e9s sobre el projecte&#8230;<\/span><\/strong><\/p>\n<p class=\"cvGsUA direction-ltr align-center para-style-body\"><span class=\"OYPEnA font-feature-liga-off font-feature-clig-off font-feature-calt-off text-decoration-none text-strikethrough-none\">Aquesta iniciativa forma part del programa <strong>CUEME<\/strong> (Cultura Emprenedora a l&#8217;Escola) i, sense cap dubte, s\u2019ha convertit en un dels projectes m\u00e9s enriquidors, innovadors i emocionants que vivim a l\u2019escola.<\/span><\/p>\n<p class=\"cvGsUA direction-ltr align-center para-style-body\"><span class=\"OYPEnA font-feature-liga-off font-feature-clig-off font-feature-calt-off text-decoration-none text-strikethrough-none\">Al llarg del curs, els nens i nenes creen i gestionen la seva pr\u00f2pia cooperativa escolar, amb el suport de l\u2019escola i l\u2019Ajuntament. \u00c9s una proposta transversal que va molt m\u00e9s enll\u00e0 de l\u2019aula i que els ajuda a desenvolupar l\u2019esperit emprenedor, fent realitat les seves idees a trav\u00e9s de l\u2019acci\u00f3.<\/span><\/p>\n<p class=\"cvGsUA direction-ltr align-center para-style-body\"><span class=\"OYPEnA font-feature-liga-off font-feature-clig-off font-feature-calt-off text-decoration-none text-strikethrough-none\">En assemblea, van decidir que volien fer alguna cosa especial, una activitat que deix\u00e9s empremta\u2026 i aix\u00ed va n\u00e9ixer la seva proposta: una caminada popular solid\u00e0ria! <\/span><\/p>\n<p class=\"cvGsUA direction-ltr align-center para-style-body\"><span class=\"OYPEnA font-feature-liga-off font-feature-clig-off font-feature-calt-off text-decoration-none text-strikethrough-none\">\ud83d\udc9a Una manera preciosa de sumar, compartir i transformar.<\/span><\/p>\n<p><!--a=1--><!--a=1--><\/p>\n<p><!--a=1--><\/p>\n<p><!--a=1--><\/p>\n<p><!--a=1--><\/p>\n<p><!--a=1--><\/p>\n<p><!--a=1--><\/p>\n<p><!--a=1--><!--a=1--><!--a=1--><\/p>\n<p><!--a=1--><\/p>\n<p><!--a=1--><!--a=1--><\/p>\n<p><!--a=1--><\/p>\n","protected":false},"excerpt":{"rendered":"<p>Apunteu-vos a la 4a MANSUETINA!\ud83d\udcc5 Diumenge 11 de maig\ud83d\ude0d Us hi esperem amb moltes ganes! La cooperativa TeamSuet, formada pels nens i nenes de 5\u00e8 de l\u2019Escola Mansuet, ha preparat amb molt d\u2019esfor\u00e7 i il\u00b7lusi\u00f3 la 4a edici\u00f3 de la MANSUETINA, una caminada popular i solid\u00e0ria oberta a tothom. Aquest any podreu triar entre dos [&hellip;]<\/p>\n","protected":false},"author":1,"featured_media":0,"comment_status":"open","ping_status":"closed","sticky":false,"template":"","format":"standard","meta":{"_bbp_topic_count":0,"_bbp_reply_count":0,"_bbp_total_topic_count":0,"_bbp_total_reply_count":0,"_bbp_voice_count":0,"_bbp_anonymous_reply_count":0,"_bbp_topic_count_hidden":0,"_bbp_reply_count_hidden":0,"_bbp_forum_subforum_count":0,"site-sidebar-layout":"default","site-content-layout":"","ast-site-content-layout":"","site-content-style":"default","site-sidebar-style":"default","ast-global-header-display":"","ast-banner-title-visibility":"","ast-main-header-display":"","ast-hfb-above-header-display":"","ast-hfb-below-header-display":"","ast-hfb-mobile-header-display":"","site-post-title":"","ast-breadcrumbs-content":"","ast-featured-img":"","footer-sml-layout":"","theme-transparent-header-meta":"","adv-header-id-meta":"","stick-header-meta":"","header-above-stick-meta":"","header-main-stick-meta":"","header-below-stick-meta":"","astra-migrate-meta-layouts":"default","ast-page-background-enabled":"default","ast-page-background-meta":{"desktop":{"background-color":"var(--ast-global-color-4)","background-image":"","background-repeat":"repeat","background-position":"center center","background-size":"auto","background-attachment":"scroll","background-type":"","background-media":"","overlay-type":"","overlay-color":"","overlay-opacity":"","overlay-gradient":""},"tablet":{"background-color":"","background-image":"","background-repeat":"repeat","background-position":"center center","background-size":"auto","background-attachment":"scroll","background-type":"","background-media":"","overlay-type":"","overlay-color":"","overlay-opacity":"","overlay-gradient":""},"mobile":{"background-color":"","background-image":"","background-repeat":"repeat","background-position":"center center","background-size":"auto","background-attachment":"scroll","background-type":"","background-media":"","overlay-type":"","overlay-color":"","overlay-opacity":"","overlay-gradient":""}},"ast-content-background-meta":{"desktop":{"background-color":"var(--ast-global-color-5)","background-image":"","background-repeat":"repeat","background-position":"center center","background-size":"auto","background-attachment":"scroll","background-type":"","background-media":"","overlay-type":"","overlay-color":"","overlay-opacity":"","overlay-gradient":""},"tablet":{"background-color":"var(--ast-global-color-5)","background-image":"","background-repeat":"repeat","background-position":"center center","background-size":"auto","background-attachment":"scroll","background-type":"","background-media":"","overlay-type":"","overlay-color":"","overlay-opacity":"","overlay-gradient":""},"mobile":{"background-color":"var(--ast-global-color-5)","background-image":"","background-repeat":"repeat","background-position":"center center","background-size":"auto","background-attachment":"scroll","background-type":"","background-media":"","overlay-type":"","overlay-color":"","overlay-opacity":"","overlay-gradient":""}},"footnotes":""},"categories":[77,78],"tags":[],"class_list":["post-2190","post","type-post","status-publish","format-standard","hentry","category-cueme","category-la-mansuetina"],"post_mailing_queue_ids":[],"_links":{"self":[{"href":"https:\/\/agora.xtec.cat\/escolamansuet\/wp-json\/wp\/v2\/posts\/2190","targetHints":{"allow":["GET"]}}],"collection":[{"href":"https:\/\/agora.xtec.cat\/escolamansuet\/wp-json\/wp\/v2\/posts"}],"about":[{"href":"https:\/\/agora.xtec.cat\/escolamansuet\/wp-json\/wp\/v2\/types\/post"}],"author":[{"embeddable":true,"href":"https:\/\/agora.xtec.cat\/escolamansuet\/wp-json\/wp\/v2\/users\/1"}],"replies":[{"embeddable":true,"href":"https:\/\/agora.xtec.cat\/escolamansuet\/wp-json\/wp\/v2\/comments?post=2190"}],"version-history":[{"count":6,"href":"https:\/\/agora.xtec.cat\/escolamansuet\/wp-json\/wp\/v2\/posts\/2190\/revisions"}],"predecessor-version":[{"id":2206,"href":"https:\/\/agora.xtec.cat\/escolamansuet\/wp-json\/wp\/v2\/posts\/2190\/revisions\/2206"}],"wp:attachment":[{"href":"https:\/\/agora.xtec.cat\/escolamansuet\/wp-json\/wp\/v2\/media?parent=2190"}],"wp:term":[{"taxonomy":"category","embeddable":true,"href":"https:\/\/agora.xtec.cat\/escolamansuet\/wp-json\/wp\/v2\/categories?post=2190"},{"taxonomy":"post_tag","embeddable":true,"href":"https:\/\/agora.xtec.cat\/escolamansuet\/wp-json\/wp\/v2\/tags?post=2190"}],"curies":[{"name":"wp","href":"https:\/\/api.w.org\/{rel}","templated":true}]}}