{"id":2074,"date":"2024-03-15T10:19:16","date_gmt":"2024-03-15T09:19:16","guid":{"rendered":"https:\/\/agora.xtec.cat\/escolamansuet\/?p=2074"},"modified":"2024-03-15T10:47:59","modified_gmt":"2024-03-15T09:47:59","slug":"projecte-sx3academy","status":"publish","type":"post","link":"https:\/\/agora.xtec.cat\/escolamansuet\/estrategia-digital-del-centre-edc\/projecte-sx3academy\/","title":{"rendered":"Projecte SX3Academy"},"content":{"rendered":"<p style=\"text-align: justify;\">Ara fa 6 mesos ens van comunicar que \u00e9rem una de les 9 escoles de Catalunya escollides per formar part d\u2019un projecte molt ambici\u00f3s i innovador, un projecte que pret\u00e9n impulsar la capacitaci\u00f3 medi\u00e0tica, tecnol\u00f2gica i audiovisual entre les mestres i l&#8217;alumnat.<\/p>\n<p>L\u2019objectiu d\u2019aquest projecte era molt clar i ens va captivar des d\u2019un principi, l\u2019educaci\u00f3 medi\u00e0tica i, sobretot,\u00a0 el benestar digital, oferint eines per crear continguts i propostes did\u00e0ctiques cuidades i de qualitat.<\/p>\n<p>Alhora, ens permet potenciar l\u2019\u00fas de la llengua d\u2019una manera motivadora i significativa pels nostres infants, donant vital import\u00e0ncia a l\u2019orat\u00f2ria i el discurs, dos aspectes que considerem clau en el m\u00f3n actual.<\/p>\n<p style=\"text-align: justify;\">I ho vam tenir clar, ten\u00edem un repte: ten\u00edem la possibilitat de fer de les eines digitals un recurs imprescindible per transmetre els valors de sempre, valors imprescindibles: el respecte, l\u2019empatia, la toler\u00e0ncia i la responsabilitat.<\/p>\n<p><img loading=\"lazy\" decoding=\"async\" class=\"aligncenter size-large wp-image-2076\" src=\"https:\/\/agora.xtec.cat\/escolamansuet\/wp-content\/uploads\/usu1881\/2024\/03\/53531447180_fc81423388_o-1024x833.jpg\" alt=\"\" width=\"1024\" height=\"833\" srcset=\"https:\/\/agora.xtec.cat\/escolamansuet\/wp-content\/uploads\/usu1881\/2024\/03\/53531447180_fc81423388_o-1024x833.jpg 1024w, https:\/\/agora.xtec.cat\/escolamansuet\/wp-content\/uploads\/usu1881\/2024\/03\/53531447180_fc81423388_o-300x244.jpg 300w, https:\/\/agora.xtec.cat\/escolamansuet\/wp-content\/uploads\/usu1881\/2024\/03\/53531447180_fc81423388_o-768x624.jpg 768w, https:\/\/agora.xtec.cat\/escolamansuet\/wp-content\/uploads\/usu1881\/2024\/03\/53531447180_fc81423388_o-1536x1249.jpg 1536w, https:\/\/agora.xtec.cat\/escolamansuet\/wp-content\/uploads\/usu1881\/2024\/03\/53531447180_fc81423388_o-2048x1665.jpg 2048w\" sizes=\"auto, (max-width: 1024px) 100vw, 1024px\" \/><\/p>\n<ul>\n<li>Hiperconnexi\u00f3, postureig, sobreexposici\u00f3, ciberassetjament<\/li>\n<li style=\"text-align: justify;\">fake news,\u00a0 deepfake, FOMO<\/li>\n<li style=\"text-align: justify;\">sharenting,\u00a0 scrolling, trolling, ghosting\u2026<\/li>\n<\/ul>\n<p style=\"text-align: justify;\">Aquests termes, que s\u00f3n cada vegada m\u00e9s comuns en el nostre vocabulari, reflecteixen noves realitats i desafiaments.<\/p>\n<p style=\"text-align: justify;\">Vivim en l\u2019era digital i els nostres infants, que han estat immersos en les tecnologies des de ben petits, moltes vegades cauen en una falsa sensaci\u00f3 de seguretat, sense ser conscients dels riscos associats.<\/p>\n<p>A l\u2019escola, fa m\u00e9s d\u2019una d\u00e8cada que treballem per transformar aquesta realitat. Volem que els nostres infants siguin consumidors cr\u00edtics i creadors responsables. Volem que entenguin que cada clic, cada publicaci\u00f3 i cada interacci\u00f3 en l\u00ednia deixa una empremta digital que pot tenir conseq\u00fc\u00e8ncies reals.<\/p>\n<p><img loading=\"lazy\" decoding=\"async\" class=\"aligncenter size-large wp-image-2075\" src=\"https:\/\/agora.xtec.cat\/escolamansuet\/wp-content\/uploads\/usu1881\/2024\/03\/Biel-Nil-1024x683.jpg\" alt=\"\" width=\"1024\" height=\"683\" srcset=\"https:\/\/agora.xtec.cat\/escolamansuet\/wp-content\/uploads\/usu1881\/2024\/03\/Biel-Nil-1024x683.jpg 1024w, https:\/\/agora.xtec.cat\/escolamansuet\/wp-content\/uploads\/usu1881\/2024\/03\/Biel-Nil-300x200.jpg 300w, https:\/\/agora.xtec.cat\/escolamansuet\/wp-content\/uploads\/usu1881\/2024\/03\/Biel-Nil-768x512.jpg 768w, https:\/\/agora.xtec.cat\/escolamansuet\/wp-content\/uploads\/usu1881\/2024\/03\/Biel-Nil-1536x1024.jpg 1536w, https:\/\/agora.xtec.cat\/escolamansuet\/wp-content\/uploads\/usu1881\/2024\/03\/Biel-Nil-2048x1365.jpg 2048w\" sizes=\"auto, (max-width: 1024px) 100vw, 1024px\" \/><\/p>\n<p style=\"text-align: justify;\">A trav\u00e9s de projectes com el curtVALORtratge, el p\u00f2dcast Mansuet ON AIR, els debats i les assemblees, prenen consci\u00e8ncia de les seves interaccions en l\u00ednia i entenen que han de ser responsables de les seves empremtes digitals. D\u2019aquesta manera, amb cada clic estan m\u00e9s a prop de ser ciutadans \u00e8tics i capacitats per navegar amb \u00e8xit en aquest m\u00f3n digital en evoluci\u00f3 constant.<\/p>\n<p style=\"text-align: justify;\">Ja sabeu que l\u2019entusiasme, les ganes, la iniciativa i il\u00b7lusi\u00f3\u00a0 s\u00f3n caracter\u00edstiques pr\u00f2pies de les\u00a0 mestres, no us descobrim res de nou. Per\u00f2 el que s\u00ed que ens ha possibilitat el S\u00faper3Academy \u00e9s l\u2019oportunitat de participar en una formaci\u00f3 gratu\u00efta, de qualitat, exigent dirigida i impartida per grans especialistes del camp de l\u2019educaci\u00f3 i les audiovisuals que ens estan ampliant la mirada a indrets totalment desconeguts per nosaltres.<\/p>\n<p style=\"text-align: justify;\">Alhora ens dota temporalment, i ens forma, en l\u2019\u00fas d\u2019un material molt espec\u00edfic i de primer nivell que, com a petita escola p\u00fablica, no ens hagu\u00e9ssim plantejat mai introduir al nostre inventari i que ara s\u00f3n un MUST!!!<\/p>\n<p style=\"text-align: justify;\">I el m\u00e9s important, les persones, la cara darrera el projecte, \u00e9s un plaer poder compartir aquesta experi\u00e8ncia amb gent tan capacitada, amb un bagatge professional tan ric i ampli, disposades a compartir de manera molt generosa la seva experi\u00e8ncia i coneixement.<\/p>\n<p style=\"text-align: justify;\">Com us podeu imaginar, tot aix\u00f2 no tindria sentit si nos fos per ells i elles, el nostre alumnat.<\/p>\n<div class=\"ast-oembed-container \" style=\"height: 100%;\"><iframe loading=\"lazy\" title=\"Mansuet MWC  - Educaci\u00f3 Medi\u00e0tica\" width=\"500\" height=\"281\" src=\"https:\/\/www.youtube.com\/embed\/Ww22uEBdCnQ?feature=oembed\" frameborder=\"0\" allow=\"accelerometer; autoplay; clipboard-write; encrypted-media; gyroscope; picture-in-picture; web-share\" referrerpolicy=\"strict-origin-when-cross-origin\" allowfullscreen><\/iframe><\/div>\n","protected":false},"excerpt":{"rendered":"<p>Ara fa 6 mesos ens van comunicar que \u00e9rem una de les 9 escoles de Catalunya escollides per formar part d\u2019un projecte molt ambici\u00f3s i innovador, un projecte que pret\u00e9n impulsar la capacitaci\u00f3 medi\u00e0tica, tecnol\u00f2gica i audiovisual entre les mestres i l&#8217;alumnat. L\u2019objectiu d\u2019aquest projecte era molt clar i ens va captivar des d\u2019un principi, [&hellip;]<\/p>\n","protected":false},"author":1,"featured_media":2077,"comment_status":"open","ping_status":"closed","sticky":false,"template":"","format":"standard","meta":{"_bbp_topic_count":0,"_bbp_reply_count":0,"_bbp_total_topic_count":0,"_bbp_total_reply_count":0,"_bbp_voice_count":0,"_bbp_anonymous_reply_count":0,"_bbp_topic_count_hidden":0,"_bbp_reply_count_hidden":0,"_bbp_forum_subforum_count":0,"site-sidebar-layout":"default","site-content-layout":"","ast-site-content-layout":"","site-content-style":"default","site-sidebar-style":"default","ast-global-header-display":"","ast-banner-title-visibility":"","ast-main-header-display":"","ast-hfb-above-header-display":"","ast-hfb-below-header-display":"","ast-hfb-mobile-header-display":"","site-post-title":"","ast-breadcrumbs-content":"","ast-featured-img":"","footer-sml-layout":"","theme-transparent-header-meta":"","adv-header-id-meta":"","stick-header-meta":"","header-above-stick-meta":"","header-main-stick-meta":"","header-below-stick-meta":"","astra-migrate-meta-layouts":"default","ast-page-background-enabled":"default","ast-page-background-meta":{"desktop":{"background-color":"var(--ast-global-color-4)","background-image":"","background-repeat":"repeat","background-position":"center center","background-size":"auto","background-attachment":"scroll","background-type":"","background-media":"","overlay-type":"","overlay-color":"","overlay-opacity":"","overlay-gradient":""},"tablet":{"background-color":"","background-image":"","background-repeat":"repeat","background-position":"center center","background-size":"auto","background-attachment":"scroll","background-type":"","background-media":"","overlay-type":"","overlay-color":"","overlay-opacity":"","overlay-gradient":""},"mobile":{"background-color":"","background-image":"","background-repeat":"repeat","background-position":"center center","background-size":"auto","background-attachment":"scroll","background-type":"","background-media":"","overlay-type":"","overlay-color":"","overlay-opacity":"","overlay-gradient":""}},"ast-content-background-meta":{"desktop":{"background-color":"var(--ast-global-color-5)","background-image":"","background-repeat":"repeat","background-position":"center center","background-size":"auto","background-attachment":"scroll","background-type":"","background-media":"","overlay-type":"","overlay-color":"","overlay-opacity":"","overlay-gradient":""},"tablet":{"background-color":"var(--ast-global-color-5)","background-image":"","background-repeat":"repeat","background-position":"center center","background-size":"auto","background-attachment":"scroll","background-type":"","background-media":"","overlay-type":"","overlay-color":"","overlay-opacity":"","overlay-gradient":""},"mobile":{"background-color":"var(--ast-global-color-5)","background-image":"","background-repeat":"repeat","background-position":"center center","background-size":"auto","background-attachment":"scroll","background-type":"","background-media":"","overlay-type":"","overlay-color":"","overlay-opacity":"","overlay-gradient":""}},"footnotes":""},"categories":[80],"tags":[],"class_list":["post-2074","post","type-post","status-publish","format-standard","has-post-thumbnail","hentry","category-estrategia-digital-del-centre-edc"],"post_mailing_queue_ids":[],"_links":{"self":[{"href":"https:\/\/agora.xtec.cat\/escolamansuet\/wp-json\/wp\/v2\/posts\/2074","targetHints":{"allow":["GET"]}}],"collection":[{"href":"https:\/\/agora.xtec.cat\/escolamansuet\/wp-json\/wp\/v2\/posts"}],"about":[{"href":"https:\/\/agora.xtec.cat\/escolamansuet\/wp-json\/wp\/v2\/types\/post"}],"author":[{"embeddable":true,"href":"https:\/\/agora.xtec.cat\/escolamansuet\/wp-json\/wp\/v2\/users\/1"}],"replies":[{"embeddable":true,"href":"https:\/\/agora.xtec.cat\/escolamansuet\/wp-json\/wp\/v2\/comments?post=2074"}],"version-history":[{"count":3,"href":"https:\/\/agora.xtec.cat\/escolamansuet\/wp-json\/wp\/v2\/posts\/2074\/revisions"}],"predecessor-version":[{"id":2080,"href":"https:\/\/agora.xtec.cat\/escolamansuet\/wp-json\/wp\/v2\/posts\/2074\/revisions\/2080"}],"wp:featuredmedia":[{"embeddable":true,"href":"https:\/\/agora.xtec.cat\/escolamansuet\/wp-json\/wp\/v2\/media\/2077"}],"wp:attachment":[{"href":"https:\/\/agora.xtec.cat\/escolamansuet\/wp-json\/wp\/v2\/media?parent=2074"}],"wp:term":[{"taxonomy":"category","embeddable":true,"href":"https:\/\/agora.xtec.cat\/escolamansuet\/wp-json\/wp\/v2\/categories?post=2074"},{"taxonomy":"post_tag","embeddable":true,"href":"https:\/\/agora.xtec.cat\/escolamansuet\/wp-json\/wp\/v2\/tags?post=2074"}],"curies":[{"name":"wp","href":"https:\/\/api.w.org\/{rel}","templated":true}]}}