{"id":2069,"date":"2024-03-15T09:55:34","date_gmt":"2024-03-15T08:55:34","guid":{"rendered":"https:\/\/agora.xtec.cat\/escolamansuet\/?p=2069"},"modified":"2024-03-15T10:55:23","modified_gmt":"2024-03-15T09:55:23","slug":"al-mobile-parlant-deducacio-mediatica","status":"publish","type":"post","link":"https:\/\/agora.xtec.cat\/escolamansuet\/portada\/al-mobile-parlant-deducacio-mediatica\/","title":{"rendered":"Al Mobile parlant d&#8217;Educaci\u00f3 Medi\u00e0tica!"},"content":{"rendered":"<p style=\"text-align: justify;\">Una experi\u00e8ncia inoblidable!<\/p>\n<p style=\"text-align: justify;\"><strong>Volem revolucionar-ho tot!<\/strong> Aquesta \u00e9s la declaraci\u00f3 d\u2019intencions que va fer l&#8217;equip de docents de l\u2019escola Mansuet, de Collbat\u00f3, en presentar el projecte <strong>d\u2019educaci\u00f3 medi\u00e0tica i benestar digital<\/strong> de l&#8217;escola durant la jornada \u201c<strong>Changing Education Together\u201d dels Mschools<\/strong> celebrada el dijous 29 de febrer al <strong>Mobile World Congress.\u00a0<\/strong><\/p>\n<p><img loading=\"lazy\" decoding=\"async\" class=\"aligncenter size-large wp-image-2070\" src=\"https:\/\/agora.xtec.cat\/escolamansuet\/wp-content\/uploads\/usu1881\/2024\/03\/IMG-20240308-WA0008-1024x714.jpg\" alt=\"\" width=\"1024\" height=\"714\" srcset=\"https:\/\/agora.xtec.cat\/escolamansuet\/wp-content\/uploads\/usu1881\/2024\/03\/IMG-20240308-WA0008-1024x714.jpg 1024w, https:\/\/agora.xtec.cat\/escolamansuet\/wp-content\/uploads\/usu1881\/2024\/03\/IMG-20240308-WA0008-300x209.jpg 300w, https:\/\/agora.xtec.cat\/escolamansuet\/wp-content\/uploads\/usu1881\/2024\/03\/IMG-20240308-WA0008-768x535.jpg 768w, https:\/\/agora.xtec.cat\/escolamansuet\/wp-content\/uploads\/usu1881\/2024\/03\/IMG-20240308-WA0008-1536x1070.jpg 1536w, https:\/\/agora.xtec.cat\/escolamansuet\/wp-content\/uploads\/usu1881\/2024\/03\/IMG-20240308-WA0008.jpg 1590w\" sizes=\"auto, (max-width: 1024px) 100vw, 1024px\" \/><\/p>\n<p style=\"text-align: justify;\">La Laura, l\u2019Anna, la Loreto i la Lucia van compartir la seva experi\u00e8ncia com a participants de la <strong>SX3 Academy<\/strong> davant un auditori ple de gom a gom de professorat i davant la consellera d\u2019educaci\u00f3, Anna Sim\u00f3. \u201c\u00c9s una iniciativa que ens va captivar des del primer moment\u201d, confessaven, perqu\u00e8 \u201cens ofereix eines per crear continguts i propostes did\u00e0ctiques de qualitat [&#8230;] a m\u00e9s de fomentar l\u2019\u00fas de la llengua i l&#8217;educaci\u00f3 en valors\u201d.<\/p>\n<p style=\"text-align: justify;\"><strong>Amb passi\u00f3 i convenciment<\/strong>, les mestres del Mansuet van encetar la ronda de presentaci\u00f3 dels projectes m\u00e9s innovadors d\u2019escoles catalanes dins la jornada mSchools. Van explicar dos dels projectes transversals que duen a terme al centre, com un podcast i el curtVALORtratge; en ambd\u00f3s casos l\u2019alumnat de prim\u00e0ria s\u2019encarrega de totes les tasques, des de fer el gui\u00f3 a les m\u00fasiques, enregistrar els productes i muntar-los.<\/p>\n<div class=\"ast-oembed-container \" style=\"height: 100%;\"><iframe loading=\"lazy\" title=\"Mansuet MWC  - Educaci\u00f3 Medi\u00e0tica\" width=\"500\" height=\"281\" src=\"https:\/\/www.youtube.com\/embed\/Ww22uEBdCnQ?feature=oembed\" frameborder=\"0\" allow=\"accelerometer; autoplay; clipboard-write; encrypted-media; gyroscope; picture-in-picture; web-share\" referrerpolicy=\"strict-origin-when-cross-origin\" allowfullscreen><\/iframe><\/div>\n","protected":false},"excerpt":{"rendered":"<p>Una experi\u00e8ncia inoblidable! Volem revolucionar-ho tot! Aquesta \u00e9s la declaraci\u00f3 d\u2019intencions que va fer l&#8217;equip de docents de l\u2019escola Mansuet, de Collbat\u00f3, en presentar el projecte d\u2019educaci\u00f3 medi\u00e0tica i benestar digital de l&#8217;escola durant la jornada \u201cChanging Education Together\u201d dels Mschools celebrada el dijous 29 de febrer al Mobile World Congress.\u00a0 La Laura, l\u2019Anna, la [&hellip;]<\/p>\n","protected":false},"author":1,"featured_media":2071,"comment_status":"open","ping_status":"closed","sticky":false,"template":"","format":"standard","meta":{"_bbp_topic_count":0,"_bbp_reply_count":0,"_bbp_total_topic_count":0,"_bbp_total_reply_count":0,"_bbp_voice_count":0,"_bbp_anonymous_reply_count":0,"_bbp_topic_count_hidden":0,"_bbp_reply_count_hidden":0,"_bbp_forum_subforum_count":0,"site-sidebar-layout":"default","site-content-layout":"","ast-site-content-layout":"","site-content-style":"default","site-sidebar-style":"default","ast-global-header-display":"","ast-banner-title-visibility":"","ast-main-header-display":"","ast-hfb-above-header-display":"","ast-hfb-below-header-display":"","ast-hfb-mobile-header-display":"","site-post-title":"","ast-breadcrumbs-content":"","ast-featured-img":"","footer-sml-layout":"","theme-transparent-header-meta":"","adv-header-id-meta":"","stick-header-meta":"","header-above-stick-meta":"","header-main-stick-meta":"","header-below-stick-meta":"","astra-migrate-meta-layouts":"default","ast-page-background-enabled":"default","ast-page-background-meta":{"desktop":{"background-color":"var(--ast-global-color-4)","background-image":"","background-repeat":"repeat","background-position":"center center","background-size":"auto","background-attachment":"scroll","background-type":"","background-media":"","overlay-type":"","overlay-color":"","overlay-opacity":"","overlay-gradient":""},"tablet":{"background-color":"","background-image":"","background-repeat":"repeat","background-position":"center center","background-size":"auto","background-attachment":"scroll","background-type":"","background-media":"","overlay-type":"","overlay-color":"","overlay-opacity":"","overlay-gradient":""},"mobile":{"background-color":"","background-image":"","background-repeat":"repeat","background-position":"center center","background-size":"auto","background-attachment":"scroll","background-type":"","background-media":"","overlay-type":"","overlay-color":"","overlay-opacity":"","overlay-gradient":""}},"ast-content-background-meta":{"desktop":{"background-color":"var(--ast-global-color-5)","background-image":"","background-repeat":"repeat","background-position":"center center","background-size":"auto","background-attachment":"scroll","background-type":"","background-media":"","overlay-type":"","overlay-color":"","overlay-opacity":"","overlay-gradient":""},"tablet":{"background-color":"var(--ast-global-color-5)","background-image":"","background-repeat":"repeat","background-position":"center center","background-size":"auto","background-attachment":"scroll","background-type":"","background-media":"","overlay-type":"","overlay-color":"","overlay-opacity":"","overlay-gradient":""},"mobile":{"background-color":"var(--ast-global-color-5)","background-image":"","background-repeat":"repeat","background-position":"center center","background-size":"auto","background-attachment":"scroll","background-type":"","background-media":"","overlay-type":"","overlay-color":"","overlay-opacity":"","overlay-gradient":""}},"footnotes":""},"categories":[80,4],"tags":[],"class_list":["post-2069","post","type-post","status-publish","format-standard","has-post-thumbnail","hentry","category-estrategia-digital-del-centre-edc","category-portada"],"post_mailing_queue_ids":[],"_links":{"self":[{"href":"https:\/\/agora.xtec.cat\/escolamansuet\/wp-json\/wp\/v2\/posts\/2069","targetHints":{"allow":["GET"]}}],"collection":[{"href":"https:\/\/agora.xtec.cat\/escolamansuet\/wp-json\/wp\/v2\/posts"}],"about":[{"href":"https:\/\/agora.xtec.cat\/escolamansuet\/wp-json\/wp\/v2\/types\/post"}],"author":[{"embeddable":true,"href":"https:\/\/agora.xtec.cat\/escolamansuet\/wp-json\/wp\/v2\/users\/1"}],"replies":[{"embeddable":true,"href":"https:\/\/agora.xtec.cat\/escolamansuet\/wp-json\/wp\/v2\/comments?post=2069"}],"version-history":[{"count":3,"href":"https:\/\/agora.xtec.cat\/escolamansuet\/wp-json\/wp\/v2\/posts\/2069\/revisions"}],"predecessor-version":[{"id":2081,"href":"https:\/\/agora.xtec.cat\/escolamansuet\/wp-json\/wp\/v2\/posts\/2069\/revisions\/2081"}],"wp:featuredmedia":[{"embeddable":true,"href":"https:\/\/agora.xtec.cat\/escolamansuet\/wp-json\/wp\/v2\/media\/2071"}],"wp:attachment":[{"href":"https:\/\/agora.xtec.cat\/escolamansuet\/wp-json\/wp\/v2\/media?parent=2069"}],"wp:term":[{"taxonomy":"category","embeddable":true,"href":"https:\/\/agora.xtec.cat\/escolamansuet\/wp-json\/wp\/v2\/categories?post=2069"},{"taxonomy":"post_tag","embeddable":true,"href":"https:\/\/agora.xtec.cat\/escolamansuet\/wp-json\/wp\/v2\/tags?post=2069"}],"curies":[{"name":"wp","href":"https:\/\/api.w.org\/{rel}","templated":true}]}}