{"id":1892,"date":"2023-05-03T11:26:48","date_gmt":"2023-05-03T09:26:48","guid":{"rendered":"https:\/\/agora.xtec.cat\/escolamansuet\/?p=1892"},"modified":"2024-03-07T12:28:56","modified_gmt":"2024-03-07T11:28:56","slug":"les-dues-cares","status":"publish","type":"post","link":"https:\/\/agora.xtec.cat\/escolamansuet\/portada\/les-dues-cares\/","title":{"rendered":"LES DUES CARES!"},"content":{"rendered":"<p><img loading=\"lazy\" decoding=\"async\" class=\"aligncenter size-full wp-image-1893\" src=\"https:\/\/agora.xtec.cat\/escolamansuet\/wp-content\/uploads\/usu1881\/2023\/05\/CURTVALORTRATGE.jpg\" alt=\"\" width=\"2480\" height=\"520\" srcset=\"https:\/\/agora.xtec.cat\/escolamansuet\/wp-content\/uploads\/usu1881\/2023\/05\/CURTVALORTRATGE.jpg 2480w, https:\/\/agora.xtec.cat\/escolamansuet\/wp-content\/uploads\/usu1881\/2023\/05\/CURTVALORTRATGE-300x63.jpg 300w, https:\/\/agora.xtec.cat\/escolamansuet\/wp-content\/uploads\/usu1881\/2023\/05\/CURTVALORTRATGE-1024x215.jpg 1024w, https:\/\/agora.xtec.cat\/escolamansuet\/wp-content\/uploads\/usu1881\/2023\/05\/CURTVALORTRATGE-768x161.jpg 768w, https:\/\/agora.xtec.cat\/escolamansuet\/wp-content\/uploads\/usu1881\/2023\/05\/CURTVALORTRATGE-1536x322.jpg 1536w, https:\/\/agora.xtec.cat\/escolamansuet\/wp-content\/uploads\/usu1881\/2023\/05\/CURTVALORTRATGE-2048x429.jpg 2048w\" sizes=\"auto, (max-width: 2480px) 100vw, 2480px\" \/><\/p>\n<p style=\"text-align: center;\">Realitzat pels i les alumnes de 6\u00e8 (curs 2022-2023)<\/p>\n<p style=\"text-align: center;\"><strong>*2n premi EDUCAC &#8211; Categoria A. Centres educatius. Treballs d&#8217;innovaci\u00f3 en la integraci\u00f3 de l&#8217;educaci\u00f3 medi\u00e0tica al curr\u00edculum.*<\/strong><\/p>\n<p style=\"text-align: center;\">&#8220;El jurat premia aquest curtmetratge de reflexi\u00f3 sobre les relacions a trav\u00e9s de les xarxes socials, i els perills de ser poc curosos en la seva utilitzaci\u00f3. Tamb\u00e9 introdueix i reflexiona sobre els elements de conflicte en les relacions humanes. L\u2019aprenentatge dels alumnes, que duen a terme totes les tasques pr\u00f2pies d\u2019una producci\u00f3 audiovisual, \u00e9s palpable. El jurat tamb\u00e9 vol destacar la llarga traject\u00f2ria de l\u2019Escola Mansuet en l\u2019educaci\u00f3 audiovisual.&#8221;<\/p>\n<p style=\"text-align: center;\">*El Comit\u00e8 de selecci\u00f3 del <strong>Festival Internacional de Cinema en Catal\u00e0 Costa Daurada<\/strong>\u00a0<strong><a href=\"http:\/\/www.fic-cat.cat\/\" target=\"_blank\" rel=\"noopener noreferrer\">\u00a0FIC-CAT<\/a>\u00a0va<\/strong>\u00a0<strong>seleccionar \u201cLES DUES CARES\u201d per formar part de la Selecci\u00f3 Oficial de la 15a edici\u00f3<\/strong>\u00a0del Festival i que\u00a0la producci\u00f3 va optar al premi del Jurat de la seva modalitat i al premi al millor gui\u00f3, aix\u00ed com al premi del p\u00fablic i al premi atorgat pels joves cr\u00edtics del festival.*<\/p>\n<div class=\"ast-oembed-container \" style=\"height: 100%;\"><iframe loading=\"lazy\" title=\"Tr\u00e0iler &quot;LES DUES CARES&quot; - CurtVALORtratge Escola Mansuet\" width=\"500\" height=\"281\" src=\"https:\/\/www.youtube.com\/embed\/-8fL76Y3b5g?feature=oembed\" frameborder=\"0\" allow=\"accelerometer; autoplay; clipboard-write; encrypted-media; gyroscope; picture-in-picture; web-share\" referrerpolicy=\"strict-origin-when-cross-origin\" allowfullscreen><\/iframe><\/div>\n<div class=\"ast-oembed-container \" style=\"height: 100%;\"><iframe loading=\"lazy\" title=\"&quot;LES DUES CARES&quot; - CurtVALORtratge Escola Mansuet\" width=\"500\" height=\"281\" src=\"https:\/\/www.youtube.com\/embed\/YTPjzjmCdlo?feature=oembed\" frameborder=\"0\" allow=\"accelerometer; autoplay; clipboard-write; encrypted-media; gyroscope; picture-in-picture; web-share\" referrerpolicy=\"strict-origin-when-cross-origin\" allowfullscreen><\/iframe><\/div>\n<p style=\"text-align: justify;\">El seu nom \u00e9s<strong><span style=\"color: #825f07;\"><em> \u201cLes dues cares\u201d<\/em><\/span>.<\/strong> Amb aquest curt hem volgut reflexionar sobre el perill de les xarxes socials i la responsabilitat que tenim per fer-ne un bon \u00fas. La pres\u00e8ncia de les <span style=\"color: #825f07;\">xarxes socials<\/span> en el nostre dia a dia ha generat noves formes de comunicaci\u00f3 i acc\u00e9s a la informaci\u00f3. No obstant aix\u00f2, tamb\u00e9 s&#8217;han derivat una s\u00e8rie de problemes del seu \u00fas, o b\u00e9 ab\u00fas, sobretot en els i les joves. Ser conscient d&#8217;aquests riscos \u00e9s important per poder prevenir conductes que ens posin en perill.<\/p>\n<p style=\"text-align: justify;\">Les <strong><span style=\"color: #825f07;\"><em>xarxes socials<\/em><\/span><\/strong> a Internet, malgrat que en algunes ocasions poden afavorir les relacions socials, poden comportar riscos. En els \u00faltims anys, han suposat tota una revoluci\u00f3 en la forma d&#8217;entendre les relacions socials humanes i, a hores d&#8217;ara, continuen essent un fenomen amb el qual estem aprenent a conviure i que clarament ens aporta avantatges, per\u00f2 tamb\u00e9 inconvenients. Alguns d&#8217;aquests riscos van lligats directament a la xarxa mateixa i no els podem preveure, com relacionar-se amb persones desconegudes o trobar continguts no adients. Per\u00f2 n&#8217;hi ha d&#8217;altres que depenen de la utilitzaci\u00f3 que en facin els\/les nois\/es. Ser conscients d&#8217;aquests riscos ens permetr\u00e0 fer-ne un \u00fas m\u00e9s eficient i responsable.<\/p>\n<p style=\"text-align: justify;\">Aquesta hist\u00f2ria ens endinsa en el m\u00f3n de les xarxes socials.<\/p>\n<p style=\"text-align: justify;\">T&#8217;imagines que de cop i volta reps una sol\u00b7licitud d&#8217;amistat d&#8217;un noi\/a que no coneixes. Qu\u00e8 faries? L&#8217;acceptaries?\u00a0La nostra protagonista no ho pot evitar i l&#8217;accepta, estableix una conversa amb ell, intercanvia informaci\u00f3 i &#8230; SORPRESA! A vegades, la gent no \u00e9s com ens pensem.<\/p>\n","protected":false},"excerpt":{"rendered":"<p>Realitzat pels i les alumnes de 6\u00e8 (curs 2022-2023) *2n premi EDUCAC &#8211; Categoria A. Centres educatius. Treballs d&#8217;innovaci\u00f3 en la integraci\u00f3 de l&#8217;educaci\u00f3 medi\u00e0tica al curr\u00edculum.* &#8220;El jurat premia aquest curtmetratge de reflexi\u00f3 sobre les relacions a trav\u00e9s de les xarxes socials, i els perills de ser poc curosos en la seva utilitzaci\u00f3. Tamb\u00e9 [&hellip;]<\/p>\n","protected":false},"author":1,"featured_media":1894,"comment_status":"open","ping_status":"closed","sticky":false,"template":"","format":"standard","meta":{"_bbp_topic_count":0,"_bbp_reply_count":0,"_bbp_total_topic_count":0,"_bbp_total_reply_count":0,"_bbp_voice_count":0,"_bbp_anonymous_reply_count":0,"_bbp_topic_count_hidden":0,"_bbp_reply_count_hidden":0,"_bbp_forum_subforum_count":0,"site-sidebar-layout":"default","site-content-layout":"","ast-site-content-layout":"","site-content-style":"default","site-sidebar-style":"default","ast-global-header-display":"","ast-banner-title-visibility":"","ast-main-header-display":"","ast-hfb-above-header-display":"","ast-hfb-below-header-display":"","ast-hfb-mobile-header-display":"","site-post-title":"","ast-breadcrumbs-content":"","ast-featured-img":"","footer-sml-layout":"","theme-transparent-header-meta":"","adv-header-id-meta":"","stick-header-meta":"","header-above-stick-meta":"","header-main-stick-meta":"","header-below-stick-meta":"","astra-migrate-meta-layouts":"default","ast-page-background-enabled":"default","ast-page-background-meta":{"desktop":{"background-color":"var(--ast-global-color-4)","background-image":"","background-repeat":"repeat","background-position":"center center","background-size":"auto","background-attachment":"scroll","background-type":"","background-media":"","overlay-type":"","overlay-color":"","overlay-opacity":"","overlay-gradient":""},"tablet":{"background-color":"","background-image":"","background-repeat":"repeat","background-position":"center center","background-size":"auto","background-attachment":"scroll","background-type":"","background-media":"","overlay-type":"","overlay-color":"","overlay-opacity":"","overlay-gradient":""},"mobile":{"background-color":"","background-image":"","background-repeat":"repeat","background-position":"center center","background-size":"auto","background-attachment":"scroll","background-type":"","background-media":"","overlay-type":"","overlay-color":"","overlay-opacity":"","overlay-gradient":""}},"ast-content-background-meta":{"desktop":{"background-color":"var(--ast-global-color-5)","background-image":"","background-repeat":"repeat","background-position":"center center","background-size":"auto","background-attachment":"scroll","background-type":"","background-media":"","overlay-type":"","overlay-color":"","overlay-opacity":"","overlay-gradient":""},"tablet":{"background-color":"var(--ast-global-color-5)","background-image":"","background-repeat":"repeat","background-position":"center center","background-size":"auto","background-attachment":"scroll","background-type":"","background-media":"","overlay-type":"","overlay-color":"","overlay-opacity":"","overlay-gradient":""},"mobile":{"background-color":"var(--ast-global-color-5)","background-image":"","background-repeat":"repeat","background-position":"center center","background-size":"auto","background-attachment":"scroll","background-type":"","background-media":"","overlay-type":"","overlay-color":"","overlay-opacity":"","overlay-gradient":""}},"footnotes":""},"categories":[73,4],"tags":[],"class_list":["post-1892","post","type-post","status-publish","format-standard","has-post-thumbnail","hentry","category-curtvalortratge","category-portada"],"post_mailing_queue_ids":[],"_links":{"self":[{"href":"https:\/\/agora.xtec.cat\/escolamansuet\/wp-json\/wp\/v2\/posts\/1892","targetHints":{"allow":["GET"]}}],"collection":[{"href":"https:\/\/agora.xtec.cat\/escolamansuet\/wp-json\/wp\/v2\/posts"}],"about":[{"href":"https:\/\/agora.xtec.cat\/escolamansuet\/wp-json\/wp\/v2\/types\/post"}],"author":[{"embeddable":true,"href":"https:\/\/agora.xtec.cat\/escolamansuet\/wp-json\/wp\/v2\/users\/1"}],"replies":[{"embeddable":true,"href":"https:\/\/agora.xtec.cat\/escolamansuet\/wp-json\/wp\/v2\/comments?post=1892"}],"version-history":[{"count":5,"href":"https:\/\/agora.xtec.cat\/escolamansuet\/wp-json\/wp\/v2\/posts\/1892\/revisions"}],"predecessor-version":[{"id":2068,"href":"https:\/\/agora.xtec.cat\/escolamansuet\/wp-json\/wp\/v2\/posts\/1892\/revisions\/2068"}],"wp:featuredmedia":[{"embeddable":true,"href":"https:\/\/agora.xtec.cat\/escolamansuet\/wp-json\/wp\/v2\/media\/1894"}],"wp:attachment":[{"href":"https:\/\/agora.xtec.cat\/escolamansuet\/wp-json\/wp\/v2\/media?parent=1892"}],"wp:term":[{"taxonomy":"category","embeddable":true,"href":"https:\/\/agora.xtec.cat\/escolamansuet\/wp-json\/wp\/v2\/categories?post=1892"},{"taxonomy":"post_tag","embeddable":true,"href":"https:\/\/agora.xtec.cat\/escolamansuet\/wp-json\/wp\/v2\/tags?post=1892"}],"curies":[{"name":"wp","href":"https:\/\/api.w.org\/{rel}","templated":true}]}}