{"id":1766,"date":"2022-09-20T17:20:00","date_gmt":"2022-09-20T15:20:00","guid":{"rendered":"https:\/\/agora.xtec.cat\/escolamansuet\/?p=1766"},"modified":"2023-03-09T08:40:17","modified_gmt":"2023-03-09T07:40:17","slug":"smiles-party","status":"publish","type":"post","link":"https:\/\/agora.xtec.cat\/escolamansuet\/festes-i-setmana-cultural\/smiles-party\/","title":{"rendered":"SMILES PARTY &#8211; 7 D&#8217;OCTUBRE"},"content":{"rendered":"<p style=\"font-weight: 400; text-align: justify;\"><span style=\"color: #000000;\"><strong>N&#8217;ESTEM PREPARANT UNA DE BEN GROSSA<\/strong> per celebrar amb tots i totes vosaltres EL DIA INTERNACIONAL DEL SOMRIURE i DEL DOCENT.!\ud83c\udf89 Prepareu-vos, perqu\u00e8 acabareu amb molt mal de panxa de tant riure.<\/span><\/p>\n<p style=\"text-align: justify;\">Apunteu-vos a una nova jornada de cohesi\u00f3 fam\u00edlies-escola, amb un petit aperitiu i unes begudes, acompanyada d\u2019un gran espectacle <strong>d&#8217;IMPROSHOW<\/strong> (ONLY ADULTS!). Els fills i filles d&#8217;aquells que vingueu a l&#8217;espectacle gaudiran tamb\u00e9 de la seva festa; hi haur\u00e0 jocs, animaci\u00f3 infantil, m\u00fasica, berenar i moltes &#8220;surprises&#8221;.<\/p>\n<p style=\"font-weight: 400;\"><img loading=\"lazy\" decoding=\"async\" class=\"aligncenter wp-image-1767 size-large\" src=\"https:\/\/agora.xtec.cat\/escolamansuet\/wp-content\/uploads\/usu1881\/2022\/09\/SMILES-PARTY-724x1024.png\" alt=\"\" width=\"724\" height=\"1024\" srcset=\"https:\/\/agora.xtec.cat\/escolamansuet\/wp-content\/uploads\/usu1881\/2022\/09\/SMILES-PARTY-724x1024.png 724w, https:\/\/agora.xtec.cat\/escolamansuet\/wp-content\/uploads\/usu1881\/2022\/09\/SMILES-PARTY-212x300.png 212w, https:\/\/agora.xtec.cat\/escolamansuet\/wp-content\/uploads\/usu1881\/2022\/09\/SMILES-PARTY-768x1086.png 768w, https:\/\/agora.xtec.cat\/escolamansuet\/wp-content\/uploads\/usu1881\/2022\/09\/SMILES-PARTY-1086x1536.png 1086w, https:\/\/agora.xtec.cat\/escolamansuet\/wp-content\/uploads\/usu1881\/2022\/09\/SMILES-PARTY-1448x2048.png 1448w, https:\/\/agora.xtec.cat\/escolamansuet\/wp-content\/uploads\/usu1881\/2022\/09\/SMILES-PARTY.png 1587w\" sizes=\"auto, (max-width: 724px) 100vw, 724px\" \/><\/p>\n<p style=\"font-weight: 400; text-align: center;\"><span style=\"color: #000000;\">No hi falteu\u2026 US ESPEREM EL\u00a0<strong>DIVENDRES 7 D&#8217;OCTUBRE<\/strong>&#8230; sense vosaltres res \u00e9s el mateix!<\/span><\/p>\n<p style=\"font-weight: 400;\"><span style=\"color: #000000;\"><strong>VENDA D&#8217;ENTRADES ANTICIPADES:<\/strong><\/span><\/p>\n<p style=\"font-weight: 400;\"><span style=\"color: #000000;\"><strong>Quan.-\u00a0<\/strong>A partir del 26 de setembre fins al 6 d&#8217;octubre.<\/span><\/p>\n<p style=\"font-weight: 400;\"><span style=\"color: #000000;\"><strong>Preu.-<\/strong>\u00a06\u20ac (podreu pagar amb targeta).<\/span><\/p>\n<p style=\"font-weight: 400;\"><span style=\"color: #000000;\"><strong>Responsable:\u00a0<\/strong>Mayra Gallur (coordinadora d&#8217;extraescolars)<\/span><\/p>\n<p style=\"font-weight: 400;\"><span style=\"color: #000000;\"><strong>Hora:\u00a0<\/strong>de<strong>\u00a0<\/strong>09:00h a 09:30h. i de 16:30 a 16:45h.<\/span><\/p>\n<p style=\"font-weight: 400;\"><span style=\"color: #000000;\"><strong>* Per preparar una festassa necessitem saber quants serem&#8230; COMPRA LA TEVA ENTRADA BEN AVIAT!<\/strong><\/span><\/p>\n<p style=\"font-weight: 400;\"><span style=\"color: #000000;\"><strong>VENDA D&#8217;ENTRADES EL MATEIX DIA DE L&#8217;ESPECTACLE:<\/strong><\/span><\/p>\n<p style=\"font-weight: 400;\"><span style=\"color: #000000;\">El preu ser\u00e0 de\u00a0<strong>7\u20ac<\/strong>\u00a0i es vendran al hall\/entrada de l&#8217;escola.<\/span><\/p>\n","protected":false},"excerpt":{"rendered":"<p>N&#8217;ESTEM PREPARANT UNA DE BEN GROSSA per celebrar amb tots i totes vosaltres EL DIA INTERNACIONAL DEL SOMRIURE i DEL DOCENT.!\ud83c\udf89 Prepareu-vos, perqu\u00e8 acabareu amb molt mal de panxa de tant riure. Apunteu-vos a una nova jornada de cohesi\u00f3 fam\u00edlies-escola, amb un petit aperitiu i unes begudes, acompanyada d\u2019un gran espectacle d&#8217;IMPROSHOW (ONLY ADULTS!). Els [&hellip;]<\/p>\n","protected":false},"author":1,"featured_media":0,"comment_status":"open","ping_status":"closed","sticky":false,"template":"","format":"standard","meta":{"_bbp_topic_count":0,"_bbp_reply_count":0,"_bbp_total_topic_count":0,"_bbp_total_reply_count":0,"_bbp_voice_count":0,"_bbp_anonymous_reply_count":0,"_bbp_topic_count_hidden":0,"_bbp_reply_count_hidden":0,"_bbp_forum_subforum_count":0,"site-sidebar-layout":"default","site-content-layout":"","ast-site-content-layout":"","site-content-style":"default","site-sidebar-style":"default","ast-global-header-display":"","ast-banner-title-visibility":"","ast-main-header-display":"","ast-hfb-above-header-display":"","ast-hfb-below-header-display":"","ast-hfb-mobile-header-display":"","site-post-title":"","ast-breadcrumbs-content":"","ast-featured-img":"","footer-sml-layout":"","theme-transparent-header-meta":"","adv-header-id-meta":"","stick-header-meta":"","header-above-stick-meta":"","header-main-stick-meta":"","header-below-stick-meta":"","astra-migrate-meta-layouts":"default","ast-page-background-enabled":"default","ast-page-background-meta":{"desktop":{"background-color":"var(--ast-global-color-4)","background-image":"","background-repeat":"repeat","background-position":"center center","background-size":"auto","background-attachment":"scroll","background-type":"","background-media":"","overlay-type":"","overlay-color":"","overlay-opacity":"","overlay-gradient":""},"tablet":{"background-color":"","background-image":"","background-repeat":"repeat","background-position":"center center","background-size":"auto","background-attachment":"scroll","background-type":"","background-media":"","overlay-type":"","overlay-color":"","overlay-opacity":"","overlay-gradient":""},"mobile":{"background-color":"","background-image":"","background-repeat":"repeat","background-position":"center center","background-size":"auto","background-attachment":"scroll","background-type":"","background-media":"","overlay-type":"","overlay-color":"","overlay-opacity":"","overlay-gradient":""}},"ast-content-background-meta":{"desktop":{"background-color":"var(--ast-global-color-5)","background-image":"","background-repeat":"repeat","background-position":"center center","background-size":"auto","background-attachment":"scroll","background-type":"","background-media":"","overlay-type":"","overlay-color":"","overlay-opacity":"","overlay-gradient":""},"tablet":{"background-color":"var(--ast-global-color-5)","background-image":"","background-repeat":"repeat","background-position":"center center","background-size":"auto","background-attachment":"scroll","background-type":"","background-media":"","overlay-type":"","overlay-color":"","overlay-opacity":"","overlay-gradient":""},"mobile":{"background-color":"var(--ast-global-color-5)","background-image":"","background-repeat":"repeat","background-position":"center center","background-size":"auto","background-attachment":"scroll","background-type":"","background-media":"","overlay-type":"","overlay-color":"","overlay-opacity":"","overlay-gradient":""}},"footnotes":""},"categories":[75],"tags":[],"class_list":["post-1766","post","type-post","status-publish","format-standard","hentry","category-festes-i-setmana-cultural"],"post_mailing_queue_ids":[],"_links":{"self":[{"href":"https:\/\/agora.xtec.cat\/escolamansuet\/wp-json\/wp\/v2\/posts\/1766","targetHints":{"allow":["GET"]}}],"collection":[{"href":"https:\/\/agora.xtec.cat\/escolamansuet\/wp-json\/wp\/v2\/posts"}],"about":[{"href":"https:\/\/agora.xtec.cat\/escolamansuet\/wp-json\/wp\/v2\/types\/post"}],"author":[{"embeddable":true,"href":"https:\/\/agora.xtec.cat\/escolamansuet\/wp-json\/wp\/v2\/users\/1"}],"replies":[{"embeddable":true,"href":"https:\/\/agora.xtec.cat\/escolamansuet\/wp-json\/wp\/v2\/comments?post=1766"}],"version-history":[{"count":3,"href":"https:\/\/agora.xtec.cat\/escolamansuet\/wp-json\/wp\/v2\/posts\/1766\/revisions"}],"predecessor-version":[{"id":1771,"href":"https:\/\/agora.xtec.cat\/escolamansuet\/wp-json\/wp\/v2\/posts\/1766\/revisions\/1771"}],"wp:attachment":[{"href":"https:\/\/agora.xtec.cat\/escolamansuet\/wp-json\/wp\/v2\/media?parent=1766"}],"wp:term":[{"taxonomy":"category","embeddable":true,"href":"https:\/\/agora.xtec.cat\/escolamansuet\/wp-json\/wp\/v2\/categories?post=1766"},{"taxonomy":"post_tag","embeddable":true,"href":"https:\/\/agora.xtec.cat\/escolamansuet\/wp-json\/wp\/v2\/tags?post=1766"}],"curies":[{"name":"wp","href":"https:\/\/api.w.org\/{rel}","templated":true}]}}