{"id":1729,"date":"2022-05-31T15:20:48","date_gmt":"2022-05-31T13:20:48","guid":{"rendered":"https:\/\/agora.xtec.cat\/escolamansuet\/?p=1729"},"modified":"2022-05-31T15:38:29","modified_gmt":"2022-05-31T13:38:29","slug":"la-mansuetina-2","status":"publish","type":"post","link":"https:\/\/agora.xtec.cat\/escolamansuet\/cueme\/la-mansuetina\/la-mansuetina-2\/","title":{"rendered":"LA MANSUETINA"},"content":{"rendered":"<p style=\"text-align: justify;\">Som els i les alumnes de 5\u00e8 de l\u2019Escola Mansuet de Collbat\u00f3. Aquest any tornem a realitzar un projecte molt innovador i transformador, hem decidit crear una cooperativa escolar que es diu <strong>Creaticoop<\/strong>. El nostre objectiu \u00e9s aconseguir uns beneficis per donar-los a una ONG o projecte social.<\/p>\n<p style=\"text-align: justify;\">Normalment, la finalitat de la cooperativa era crear uns productes que es venien al mercat de la nostra localitat per obtenir uns beneficis que es destinaven a projectes socials o a una ONG.<\/p>\n<p style=\"text-align: justify;\">Aquest any, per\u00f2, des de l\u2019assemblea de socis i s\u00f2cies cooperativistes (formada \u00fanicament per nosaltres, l\u2019alumnat de 5\u00e8), hem volgut donar-li una volta. Hem pensat que voldr\u00edem organitzar un acte ben\u00e8fic a la nostra localitat, volem organitzar una <strong>CAMINADA POPULAR SOLID\u00c0RIA<\/strong><strong> \u201c<\/strong><strong>La MANSUETina\u201d, <\/strong>per l\u2019entorn meravell\u00f3s de Collbat\u00f3 i el Parc Natural de Montserrat, el 22 de maig. <strong>Tots els beneficis que aconseguim aniran destinats a Sant Joan de D\u00e9u, <\/strong>concretament per al<strong> SJD Pediatric Cancer Center.<\/strong><\/p>\n<p><img loading=\"lazy\" decoding=\"async\" class=\"aligncenter wp-image-1696 size-full\" src=\"https:\/\/agora.xtec.cat\/escolamansuet\/wp-content\/uploads\/usu1881\/2022\/03\/LA-MANSUETINA-Document-A3.jpg\" alt=\"\" width=\"1414\" height=\"2000\" srcset=\"https:\/\/agora.xtec.cat\/escolamansuet\/wp-content\/uploads\/usu1881\/2022\/03\/LA-MANSUETINA-Document-A3.jpg 1414w, https:\/\/agora.xtec.cat\/escolamansuet\/wp-content\/uploads\/usu1881\/2022\/03\/LA-MANSUETINA-Document-A3-212x300.jpg 212w, https:\/\/agora.xtec.cat\/escolamansuet\/wp-content\/uploads\/usu1881\/2022\/03\/LA-MANSUETINA-Document-A3-724x1024.jpg 724w, https:\/\/agora.xtec.cat\/escolamansuet\/wp-content\/uploads\/usu1881\/2022\/03\/LA-MANSUETINA-Document-A3-768x1086.jpg 768w, https:\/\/agora.xtec.cat\/escolamansuet\/wp-content\/uploads\/usu1881\/2022\/03\/LA-MANSUETINA-Document-A3-1086x1536.jpg 1086w\" sizes=\"auto, (max-width: 1414px) 100vw, 1414px\" \/><\/p>\n<p><img loading=\"lazy\" decoding=\"async\" class=\"aligncenter wp-image-1703 size-full\" src=\"https:\/\/agora.xtec.cat\/escolamansuet\/wp-content\/uploads\/usu1881\/2022\/03\/infografia-Mansuetina.jpg\" alt=\"\" width=\"800\" height=\"2000\" srcset=\"https:\/\/agora.xtec.cat\/escolamansuet\/wp-content\/uploads\/usu1881\/2022\/03\/infografia-Mansuetina.jpg 800w, https:\/\/agora.xtec.cat\/escolamansuet\/wp-content\/uploads\/usu1881\/2022\/03\/infografia-Mansuetina-120x300.jpg 120w, https:\/\/agora.xtec.cat\/escolamansuet\/wp-content\/uploads\/usu1881\/2022\/03\/infografia-Mansuetina-410x1024.jpg 410w, https:\/\/agora.xtec.cat\/escolamansuet\/wp-content\/uploads\/usu1881\/2022\/03\/infografia-Mansuetina-768x1920.jpg 768w, https:\/\/agora.xtec.cat\/escolamansuet\/wp-content\/uploads\/usu1881\/2022\/03\/infografia-Mansuetina-614x1536.jpg 614w\" sizes=\"auto, (max-width: 800px) 100vw, 800px\" \/><\/p>\n<p style=\"text-align: justify;\">Organitzar un acte com aquest, implica un proc\u00e9s molt complex. Portem molts mesos treballant de valent i esfor\u00e7ar-nos per poder presentar-vos aquesta iniciativa!<\/p>\n<p style=\"text-align: justify;\"><strong>Avui estem molt il\u00b7lusionades i contents ja que podem informar-vos que acabem d\u2019obrir les inscripcions de la nostra iniciativa solid\u00e0ria! <\/strong><a href=\"https:\/\/runedia.mundodeportivo.com\/inscripcio\/202254404\/\"><strong>Podeu inscriure-us AQU\u00cd.<\/strong><\/a><\/p>\n<p style=\"text-align: justify;\">La <strong>MANSUETINA<\/strong> \u00e9s una caminada popular solid\u00e0ria que hem organitzat pel proper 22 de maig. Aquesta caminada t\u00e9 un recorregut circular de 9,5km, amb un desnivell de 265m, convertint-se en una proposta assequible per a tothom. Sortir\u00e0 de l\u2019escola Mansuet i acabar\u00e0 all\u00e0 mateix amb una botifarrada.<\/p>\n<p style=\"text-align: justify;\"><strong>Esperem que ens ajudeu a que aquest acte sigui un aut\u00e8ntic \u00e8xit! Estem segures que gaudirem d\u2019una experi\u00e8ncia fant\u00e0stica i que recaudarem molts diners pels petits i petites valentes amb c\u00e0ncer!<\/strong><\/p>\n<p><strong>A vegades les idees es fan realitat i ens encantaria que ens hi acompanyessis.\u00a0<\/strong>T\u2019apuntes?<\/p>\n<p style=\"text-align: justify;\">Si voleu con\u00e8ixer totes les novetats de la cooperativa i la Mansuetina aix\u00ed com tot el proc\u00e9s que hem realitzat, podeu consultar el <a href=\"https:\/\/cooperativamansuet.wordpress.com\/\">nostre blog<\/a>.<\/p>\n","protected":false},"excerpt":{"rendered":"<p>Som els i les alumnes de 5\u00e8 de l\u2019Escola Mansuet de Collbat\u00f3. Aquest any tornem a realitzar un projecte molt innovador i transformador, hem decidit crear una cooperativa escolar que es diu Creaticoop. El nostre objectiu \u00e9s aconseguir uns beneficis per donar-los a una ONG o projecte social. Normalment, la finalitat de la cooperativa era [&hellip;]<\/p>\n","protected":false},"author":1,"featured_media":0,"comment_status":"open","ping_status":"closed","sticky":false,"template":"","format":"standard","meta":{"_bbp_topic_count":0,"_bbp_reply_count":0,"_bbp_total_topic_count":0,"_bbp_total_reply_count":0,"_bbp_voice_count":0,"_bbp_anonymous_reply_count":0,"_bbp_topic_count_hidden":0,"_bbp_reply_count_hidden":0,"_bbp_forum_subforum_count":0,"site-sidebar-layout":"default","site-content-layout":"","ast-site-content-layout":"","site-content-style":"default","site-sidebar-style":"default","ast-global-header-display":"","ast-banner-title-visibility":"","ast-main-header-display":"","ast-hfb-above-header-display":"","ast-hfb-below-header-display":"","ast-hfb-mobile-header-display":"","site-post-title":"","ast-breadcrumbs-content":"","ast-featured-img":"","footer-sml-layout":"","theme-transparent-header-meta":"","adv-header-id-meta":"","stick-header-meta":"","header-above-stick-meta":"","header-main-stick-meta":"","header-below-stick-meta":"","astra-migrate-meta-layouts":"default","ast-page-background-enabled":"default","ast-page-background-meta":{"desktop":{"background-color":"var(--ast-global-color-4)","background-image":"","background-repeat":"repeat","background-position":"center center","background-size":"auto","background-attachment":"scroll","background-type":"","background-media":"","overlay-type":"","overlay-color":"","overlay-opacity":"","overlay-gradient":""},"tablet":{"background-color":"","background-image":"","background-repeat":"repeat","background-position":"center center","background-size":"auto","background-attachment":"scroll","background-type":"","background-media":"","overlay-type":"","overlay-color":"","overlay-opacity":"","overlay-gradient":""},"mobile":{"background-color":"","background-image":"","background-repeat":"repeat","background-position":"center center","background-size":"auto","background-attachment":"scroll","background-type":"","background-media":"","overlay-type":"","overlay-color":"","overlay-opacity":"","overlay-gradient":""}},"ast-content-background-meta":{"desktop":{"background-color":"var(--ast-global-color-5)","background-image":"","background-repeat":"repeat","background-position":"center center","background-size":"auto","background-attachment":"scroll","background-type":"","background-media":"","overlay-type":"","overlay-color":"","overlay-opacity":"","overlay-gradient":""},"tablet":{"background-color":"var(--ast-global-color-5)","background-image":"","background-repeat":"repeat","background-position":"center center","background-size":"auto","background-attachment":"scroll","background-type":"","background-media":"","overlay-type":"","overlay-color":"","overlay-opacity":"","overlay-gradient":""},"mobile":{"background-color":"var(--ast-global-color-5)","background-image":"","background-repeat":"repeat","background-position":"center center","background-size":"auto","background-attachment":"scroll","background-type":"","background-media":"","overlay-type":"","overlay-color":"","overlay-opacity":"","overlay-gradient":""}},"footnotes":""},"categories":[78],"tags":[],"class_list":["post-1729","post","type-post","status-publish","format-standard","hentry","category-la-mansuetina"],"post_mailing_queue_ids":[],"_links":{"self":[{"href":"https:\/\/agora.xtec.cat\/escolamansuet\/wp-json\/wp\/v2\/posts\/1729","targetHints":{"allow":["GET"]}}],"collection":[{"href":"https:\/\/agora.xtec.cat\/escolamansuet\/wp-json\/wp\/v2\/posts"}],"about":[{"href":"https:\/\/agora.xtec.cat\/escolamansuet\/wp-json\/wp\/v2\/types\/post"}],"author":[{"embeddable":true,"href":"https:\/\/agora.xtec.cat\/escolamansuet\/wp-json\/wp\/v2\/users\/1"}],"replies":[{"embeddable":true,"href":"https:\/\/agora.xtec.cat\/escolamansuet\/wp-json\/wp\/v2\/comments?post=1729"}],"version-history":[{"count":1,"href":"https:\/\/agora.xtec.cat\/escolamansuet\/wp-json\/wp\/v2\/posts\/1729\/revisions"}],"predecessor-version":[{"id":1730,"href":"https:\/\/agora.xtec.cat\/escolamansuet\/wp-json\/wp\/v2\/posts\/1729\/revisions\/1730"}],"wp:attachment":[{"href":"https:\/\/agora.xtec.cat\/escolamansuet\/wp-json\/wp\/v2\/media?parent=1729"}],"wp:term":[{"taxonomy":"category","embeddable":true,"href":"https:\/\/agora.xtec.cat\/escolamansuet\/wp-json\/wp\/v2\/categories?post=1729"},{"taxonomy":"post_tag","embeddable":true,"href":"https:\/\/agora.xtec.cat\/escolamansuet\/wp-json\/wp\/v2\/tags?post=1729"}],"curies":[{"name":"wp","href":"https:\/\/api.w.org\/{rel}","templated":true}]}}