{"id":1662,"date":"2022-02-27T18:32:32","date_gmt":"2022-02-27T17:32:32","guid":{"rendered":"https:\/\/agora.xtec.cat\/escolamansuet\/?p=1662"},"modified":"2022-02-27T18:34:19","modified_gmt":"2022-02-27T17:34:19","slug":"cupcoi-cooperativistes-units-per-crear-objectes-increibles-curs-2019-2021","status":"publish","type":"post","link":"https:\/\/agora.xtec.cat\/escolamansuet\/cueme\/cupcoi-cooperativistes-units-per-crear-objectes-increibles-curs-2019-2021\/","title":{"rendered":"&#8220;CUPCOI&#8221; (Cooperativistes Units Per Crear Objectes Incre\u00efbles) Curs 2019-2021"},"content":{"rendered":"<p style=\"text-align: justify;\">La cooperativa &#8220;CUPCOI&#8221; (Cooperativistes Units Per Crear Objectes Incre\u00efbles), dels i les alumnes de 5\u00e8 del curs 2019\/2020.<\/p>\r\n\r\n<p class=\"has-text-align-justify has-black-color has-text-color\" style=\"text-align: justify;\">La\u00a0\u00a0<strong>cooperativa CUPCOI<\/strong> hem fet una\u00a0<strong>donaci\u00f3<\/strong>\u00a0important de\u00a0<strong>868,85\u20ac\u00ad<\/strong>\u00a0a la ONG \u201c<strong>PROACTIVA OPEN ARMS<\/strong>\u201d. Aquesta donaci\u00f3 \u00e9s gr\u00e0cies al treball i l\u2019esfor\u00e7 de totes nosaltres durant dos cursos. En assemblea, els i les cooperativistes, vam decidir els productes que elaborar\u00edem i vendr\u00edem, aix\u00ed com tamb\u00e9 que vol\u00edem donar el <strong>100% dels beneficis<\/strong> aconseguits a la ONG escollida. El passat desembre, durant la fira de Nadal de Collbat\u00f3, vam aconseguir vendre tots els productes artesanals i solidaris, aconseguint aix\u00ed un \u00e8xit absolut!<\/p>\r\n\r\n\r\n\r\n<figure class=\"wp-block-image size-large\"><img decoding=\"async\" class=\"wp-image-1140\" src=\"https:\/\/cooperativamansuet.files.wordpress.com\/2021\/03\/striped-course-completion-achievement-certificate.png?w=1024\" alt=\"\" \/><\/figure>\r\n\r\n\r\n\r\n<figure class=\"wp-block-image size-large\"><img decoding=\"async\" class=\"wp-image-1133\" src=\"https:\/\/cooperativamansuet.files.wordpress.com\/2021\/03\/whatsapp-image-2021-03-08-at-19.31.43.jpeg?w=1024\" alt=\"\" \/><\/figure>\r\n\r\n\r\n\r\n\r\n\r\n<figure class=\"wp-block-image size-large\"><img decoding=\"async\" class=\"wp-image-1137\" src=\"https:\/\/cooperativamansuet.files.wordpress.com\/2021\/03\/img_20201201_092024.jpg?w=768\" alt=\"\" \/><\/figure>\r\n\r\n\r\n\r\n<p class=\"has-text-align-justify has-black-color has-text-color\" style=\"text-align: justify;\">Tots els i les alumnes de 6\u00e8 ens mostrem molt satisfets amb el treball fet i molt il\u00b7lusionades de poder donar aquesta quantitat a una ONG com OPEN ARMS que realitza un treball tan important i necessari.<\/p>\r\n<p class=\"has-text-align-justify has-black-color has-text-color\" style=\"text-align: justify;\">Properament, realitzarem <strong>un taller\/xerrada amb OPEN ARMS <\/strong>on ens informaran de primera m\u00e0 de tota la tasca que fan i de sensibilitzar-nos de la realitat d&#8217;aquesta crisi humanit\u00e0ria i el paper que tenim nosaltres per a millorar aquest m\u00f3n.<\/p>\r\n<p class=\"has-text-align-justify has-black-color has-text-color\" style=\"text-align: justify;\">Amb aquesta donaci\u00f3 finalitzem el projecte CUEME. Mitjan\u00e7ant aquest, hem fomentat l\u2019esperit emprenedor, hem gestionat la cooperativa de manera democr\u00e0tica i participativa i hem refor\u00e7at valors com la solidaritat, la igualtat d\u2019oportunitats i l\u2019equitat, esdevenint una eina d\u2019inclusi\u00f3 social.<img decoding=\"async\" class=\"wp-image-1111\" src=\"https:\/\/cooperativamansuet.files.wordpress.com\/2021\/01\/img_20201212_162859.jpg?w=707\" alt=\"\" \/><\/p>\r\n<p style=\"text-align: justify;\">\r\n\r\n<\/p>\r\n<p style=\"text-align: justify;\">\r\n\r\n<\/p>\r\n\r\n\r\n","protected":false},"excerpt":{"rendered":"<p>La cooperativa &#8220;CUPCOI&#8221; (Cooperativistes Units Per Crear Objectes Incre\u00efbles), dels i les alumnes de 5\u00e8 del curs 2019\/2020. La\u00a0\u00a0cooperativa CUPCOI hem fet una\u00a0donaci\u00f3\u00a0important de\u00a0868,85\u20ac\u00ad\u00a0a la ONG \u201cPROACTIVA OPEN ARMS\u201d. Aquesta donaci\u00f3 \u00e9s gr\u00e0cies al treball i l\u2019esfor\u00e7 de totes nosaltres durant dos cursos. En assemblea, els i les cooperativistes, vam decidir els productes que elaborar\u00edem [&hellip;]<\/p>\n","protected":false},"author":1,"featured_media":0,"comment_status":"open","ping_status":"closed","sticky":false,"template":"","format":"standard","meta":{"_bbp_topic_count":0,"_bbp_reply_count":0,"_bbp_total_topic_count":0,"_bbp_total_reply_count":0,"_bbp_voice_count":0,"_bbp_anonymous_reply_count":0,"_bbp_topic_count_hidden":0,"_bbp_reply_count_hidden":0,"_bbp_forum_subforum_count":0,"site-sidebar-layout":"default","site-content-layout":"","ast-site-content-layout":"","site-content-style":"default","site-sidebar-style":"default","ast-global-header-display":"","ast-banner-title-visibility":"","ast-main-header-display":"","ast-hfb-above-header-display":"","ast-hfb-below-header-display":"","ast-hfb-mobile-header-display":"","site-post-title":"","ast-breadcrumbs-content":"","ast-featured-img":"","footer-sml-layout":"","theme-transparent-header-meta":"","adv-header-id-meta":"","stick-header-meta":"","header-above-stick-meta":"","header-main-stick-meta":"","header-below-stick-meta":"","astra-migrate-meta-layouts":"default","ast-page-background-enabled":"default","ast-page-background-meta":{"desktop":{"background-color":"var(--ast-global-color-4)","background-image":"","background-repeat":"repeat","background-position":"center center","background-size":"auto","background-attachment":"scroll","background-type":"","background-media":"","overlay-type":"","overlay-color":"","overlay-opacity":"","overlay-gradient":""},"tablet":{"background-color":"","background-image":"","background-repeat":"repeat","background-position":"center center","background-size":"auto","background-attachment":"scroll","background-type":"","background-media":"","overlay-type":"","overlay-color":"","overlay-opacity":"","overlay-gradient":""},"mobile":{"background-color":"","background-image":"","background-repeat":"repeat","background-position":"center center","background-size":"auto","background-attachment":"scroll","background-type":"","background-media":"","overlay-type":"","overlay-color":"","overlay-opacity":"","overlay-gradient":""}},"ast-content-background-meta":{"desktop":{"background-color":"var(--ast-global-color-5)","background-image":"","background-repeat":"repeat","background-position":"center center","background-size":"auto","background-attachment":"scroll","background-type":"","background-media":"","overlay-type":"","overlay-color":"","overlay-opacity":"","overlay-gradient":""},"tablet":{"background-color":"var(--ast-global-color-5)","background-image":"","background-repeat":"repeat","background-position":"center center","background-size":"auto","background-attachment":"scroll","background-type":"","background-media":"","overlay-type":"","overlay-color":"","overlay-opacity":"","overlay-gradient":""},"mobile":{"background-color":"var(--ast-global-color-5)","background-image":"","background-repeat":"repeat","background-position":"center center","background-size":"auto","background-attachment":"scroll","background-type":"","background-media":"","overlay-type":"","overlay-color":"","overlay-opacity":"","overlay-gradient":""}},"footnotes":""},"categories":[77],"tags":[],"class_list":["post-1662","post","type-post","status-publish","format-standard","hentry","category-cueme"],"post_mailing_queue_ids":[],"_links":{"self":[{"href":"https:\/\/agora.xtec.cat\/escolamansuet\/wp-json\/wp\/v2\/posts\/1662","targetHints":{"allow":["GET"]}}],"collection":[{"href":"https:\/\/agora.xtec.cat\/escolamansuet\/wp-json\/wp\/v2\/posts"}],"about":[{"href":"https:\/\/agora.xtec.cat\/escolamansuet\/wp-json\/wp\/v2\/types\/post"}],"author":[{"embeddable":true,"href":"https:\/\/agora.xtec.cat\/escolamansuet\/wp-json\/wp\/v2\/users\/1"}],"replies":[{"embeddable":true,"href":"https:\/\/agora.xtec.cat\/escolamansuet\/wp-json\/wp\/v2\/comments?post=1662"}],"version-history":[{"count":3,"href":"https:\/\/agora.xtec.cat\/escolamansuet\/wp-json\/wp\/v2\/posts\/1662\/revisions"}],"predecessor-version":[{"id":1667,"href":"https:\/\/agora.xtec.cat\/escolamansuet\/wp-json\/wp\/v2\/posts\/1662\/revisions\/1667"}],"wp:attachment":[{"href":"https:\/\/agora.xtec.cat\/escolamansuet\/wp-json\/wp\/v2\/media?parent=1662"}],"wp:term":[{"taxonomy":"category","embeddable":true,"href":"https:\/\/agora.xtec.cat\/escolamansuet\/wp-json\/wp\/v2\/categories?post=1662"},{"taxonomy":"post_tag","embeddable":true,"href":"https:\/\/agora.xtec.cat\/escolamansuet\/wp-json\/wp\/v2\/tags?post=1662"}],"curies":[{"name":"wp","href":"https:\/\/api.w.org\/{rel}","templated":true}]}}