{"id":1458,"date":"2021-11-23T16:01:29","date_gmt":"2021-11-23T15:01:29","guid":{"rendered":"https:\/\/agora.xtec.cat\/escolamansuet\/?p=1458"},"modified":"2021-11-23T16:16:04","modified_gmt":"2021-11-23T15:16:04","slug":"del-planeta-tindrem-cura-curs-2019-2020","status":"publish","type":"post","link":"https:\/\/agora.xtec.cat\/escolamansuet\/curtvalortratge\/del-planeta-tindrem-cura-curs-2019-2020\/","title":{"rendered":"Del planeta tindrem cura! (curs 2019-2020)"},"content":{"rendered":"<p><img loading=\"lazy\" decoding=\"async\" class=\"alignnone size-full wp-image-2595 aligncenter\" src=\"https:\/\/noticiesmansuet.files.wordpress.com\/2020\/04\/cc3b2pia-de-mestres-5.png\" alt=\"cc3b2pia-de-mestres-5\" width=\"2480\" height=\"520\" \/><\/p>\n<p style=\"text-align: center;\">Realitzat pels i les alumnes de 6\u00e8 (curs 2019-2020)<\/p>\n<div style=\"text-align: center;\">El<strong>\u00a0projecte \u201cDel Planeta tindrem cura\u00a8 ha obtingut el segon premi en la categoria de professorat dels XVII Premis el CAC a l\u2019escola!<\/strong><\/div>\n<div style=\"text-align: justify;\"><\/div>\n<div><\/div>\n<div style=\"text-align: justify;\"><em>\u201cL\u2019Escola Mansuet duu a terme de forma sistem\u00e0tica un projecte per apropar als joves la cultura, la cinematografia i les TAC, aix\u00ed com el treball en valors mitjan\u00e7ant un curtmetratge. El jurat vol recon\u00e8ixer aquest treball perqu\u00e8 \u00e9s un format educatiu diferent, original, que es pot considerar una c\u00e0psula d\u2019aprenentatge a trav\u00e9s del joc. Tamb\u00e9 es posa en valor que la programaci\u00f3 del professorat \u00e9s molt coherent amb la proposta realitzada.&#8221;<\/em><\/div>\n<div style=\"text-align: center;\"><\/div>\n<div style=\"text-align: center;\"><\/div>\n<p style=\"text-align: center;\"><iframe loading=\"lazy\" title=\"DEL PLANETA TINDREM CURA - CurtVALORtratge ESCOLA MANSUET\" src=\"https:\/\/www.youtube.com\/embed\/NAwh2j_4-LI?start=26&amp;feature=oembed\" width=\"500\" height=\"281\" frameborder=\"0\" allowfullscreen=\"allowfullscreen\" data-mce-fragment=\"1\"><\/iframe><\/p>\n<p style=\"text-align: justify;\">El Comit\u00e8 de selecci\u00f3 del Festival Internacional de Cinema en Catal\u00e0 Costa Daurada\u00a0<a href=\"http:\/\/www.fic-cat.cat\/\" target=\"_blank\" rel=\"noopener noreferrer\">\u00a0FIC-CAT<\/a>\u00a0va\u00a0seleccionar \u201cDel Planeta tindrem cura\u201d per formar part de la Selecci\u00f3 Oficial de la 13a edici\u00f3 del Festival.<\/p>\n","protected":false},"excerpt":{"rendered":"<p>Realitzat pels i les alumnes de 6\u00e8 (curs 2019-2020) El\u00a0projecte \u201cDel Planeta tindrem cura\u00a8 ha obtingut el segon premi en la categoria de professorat dels XVII Premis el CAC a l\u2019escola! \u201cL\u2019Escola Mansuet duu a terme de forma sistem\u00e0tica un projecte per apropar als joves la cultura, la cinematografia i les TAC, aix\u00ed com el [&hellip;]<\/p>\n","protected":false},"author":1,"featured_media":1436,"comment_status":"open","ping_status":"closed","sticky":false,"template":"","format":"standard","meta":{"_bbp_topic_count":0,"_bbp_reply_count":0,"_bbp_total_topic_count":0,"_bbp_total_reply_count":0,"_bbp_voice_count":0,"_bbp_anonymous_reply_count":0,"_bbp_topic_count_hidden":0,"_bbp_reply_count_hidden":0,"_bbp_forum_subforum_count":0,"site-sidebar-layout":"default","site-content-layout":"","ast-site-content-layout":"","site-content-style":"default","site-sidebar-style":"default","ast-global-header-display":"","ast-banner-title-visibility":"","ast-main-header-display":"","ast-hfb-above-header-display":"","ast-hfb-below-header-display":"","ast-hfb-mobile-header-display":"","site-post-title":"","ast-breadcrumbs-content":"","ast-featured-img":"","footer-sml-layout":"","theme-transparent-header-meta":"","adv-header-id-meta":"","stick-header-meta":"","header-above-stick-meta":"","header-main-stick-meta":"","header-below-stick-meta":"","astra-migrate-meta-layouts":"default","ast-page-background-enabled":"default","ast-page-background-meta":{"desktop":{"background-color":"var(--ast-global-color-4)","background-image":"","background-repeat":"repeat","background-position":"center center","background-size":"auto","background-attachment":"scroll","background-type":"","background-media":"","overlay-type":"","overlay-color":"","overlay-opacity":"","overlay-gradient":""},"tablet":{"background-color":"","background-image":"","background-repeat":"repeat","background-position":"center center","background-size":"auto","background-attachment":"scroll","background-type":"","background-media":"","overlay-type":"","overlay-color":"","overlay-opacity":"","overlay-gradient":""},"mobile":{"background-color":"","background-image":"","background-repeat":"repeat","background-position":"center center","background-size":"auto","background-attachment":"scroll","background-type":"","background-media":"","overlay-type":"","overlay-color":"","overlay-opacity":"","overlay-gradient":""}},"ast-content-background-meta":{"desktop":{"background-color":"var(--ast-global-color-5)","background-image":"","background-repeat":"repeat","background-position":"center center","background-size":"auto","background-attachment":"scroll","background-type":"","background-media":"","overlay-type":"","overlay-color":"","overlay-opacity":"","overlay-gradient":""},"tablet":{"background-color":"var(--ast-global-color-5)","background-image":"","background-repeat":"repeat","background-position":"center center","background-size":"auto","background-attachment":"scroll","background-type":"","background-media":"","overlay-type":"","overlay-color":"","overlay-opacity":"","overlay-gradient":""},"mobile":{"background-color":"var(--ast-global-color-5)","background-image":"","background-repeat":"repeat","background-position":"center center","background-size":"auto","background-attachment":"scroll","background-type":"","background-media":"","overlay-type":"","overlay-color":"","overlay-opacity":"","overlay-gradient":""}},"footnotes":""},"categories":[73],"tags":[],"class_list":["post-1458","post","type-post","status-publish","format-standard","has-post-thumbnail","hentry","category-curtvalortratge"],"post_mailing_queue_ids":[],"_links":{"self":[{"href":"https:\/\/agora.xtec.cat\/escolamansuet\/wp-json\/wp\/v2\/posts\/1458","targetHints":{"allow":["GET"]}}],"collection":[{"href":"https:\/\/agora.xtec.cat\/escolamansuet\/wp-json\/wp\/v2\/posts"}],"about":[{"href":"https:\/\/agora.xtec.cat\/escolamansuet\/wp-json\/wp\/v2\/types\/post"}],"author":[{"embeddable":true,"href":"https:\/\/agora.xtec.cat\/escolamansuet\/wp-json\/wp\/v2\/users\/1"}],"replies":[{"embeddable":true,"href":"https:\/\/agora.xtec.cat\/escolamansuet\/wp-json\/wp\/v2\/comments?post=1458"}],"version-history":[{"count":3,"href":"https:\/\/agora.xtec.cat\/escolamansuet\/wp-json\/wp\/v2\/posts\/1458\/revisions"}],"predecessor-version":[{"id":1466,"href":"https:\/\/agora.xtec.cat\/escolamansuet\/wp-json\/wp\/v2\/posts\/1458\/revisions\/1466"}],"wp:featuredmedia":[{"embeddable":true,"href":"https:\/\/agora.xtec.cat\/escolamansuet\/wp-json\/wp\/v2\/media\/1436"}],"wp:attachment":[{"href":"https:\/\/agora.xtec.cat\/escolamansuet\/wp-json\/wp\/v2\/media?parent=1458"}],"wp:term":[{"taxonomy":"category","embeddable":true,"href":"https:\/\/agora.xtec.cat\/escolamansuet\/wp-json\/wp\/v2\/categories?post=1458"},{"taxonomy":"post_tag","embeddable":true,"href":"https:\/\/agora.xtec.cat\/escolamansuet\/wp-json\/wp\/v2\/tags?post=1458"}],"curies":[{"name":"wp","href":"https:\/\/api.w.org\/{rel}","templated":true}]}}