{"id":1456,"date":"2021-11-23T16:00:05","date_gmt":"2021-11-23T15:00:05","guid":{"rendered":"https:\/\/agora.xtec.cat\/escolamansuet\/?p=1456"},"modified":"2022-11-25T09:33:51","modified_gmt":"2022-11-25T08:33:51","slug":"posat-les-ulleres-liles-curs-2018-2019","status":"publish","type":"post","link":"https:\/\/agora.xtec.cat\/escolamansuet\/curtvalortratge\/posat-les-ulleres-liles-curs-2018-2019\/","title":{"rendered":"Posa&#8217;t les ulleres LILES! (curs 2018-2019)"},"content":{"rendered":"<h1><strong><u><img loading=\"lazy\" decoding=\"async\" class=\"wp-image-2429 size-full aligncenter\" src=\"https:\/\/noticiesmansuet.files.wordpress.com\/2019\/11\/1.png\" alt=\"1\" width=\"2480\" height=\"520\" \/><\/u><\/strong><\/h1>\n<p style=\"text-align: center;\">Realitzat pels i les alumnes de 6\u00e8 (curs 2018-2019)<\/p>\n<p style=\"text-align: center;\"><iframe loading=\"lazy\" title=\"Tr\u00e0iler &quot;Posa't les ULLERES LILES&quot;- Escola Mansuet\" src=\"https:\/\/www.youtube.com\/embed\/_-UR5FANDJo?start=10&amp;feature=oembed\" width=\"500\" height=\"281\" frameborder=\"0\" allowfullscreen=\"allowfullscreen\" data-mce-fragment=\"1\"><\/iframe><\/p>\n<p style=\"text-align: center;\"><iframe loading=\"lazy\" title=\"&quot;Posa't les ULLERES LILES&quot; - Curtmetratge Escola Mansuet\" src=\"https:\/\/www.youtube.com\/embed\/QDGfnrNMMM4?feature=oembed\" width=\"500\" height=\"281\" frameborder=\"0\" allowfullscreen=\"allowfullscreen\" data-mce-fragment=\"1\"><\/iframe><\/p>\n<p style=\"text-align: justify;\">El Comit\u00e8 de selecci\u00f3 del\u00a0<strong>Festival Internacional de Cinema en Catal\u00e0 Costa Daurada<\/strong>\u00a0<strong><a href=\"http:\/\/www.fic-cat.cat\/\" target=\"_blank\" rel=\"noopener noreferrer\">\u00a0FIC-CAT<\/a>\u00a0va<\/strong>\u00a0<strong>seleccionar \u201cPosa\u2019t les ulleres LILES\u201d per formar part de la Selecci\u00f3 Oficial de la 12a edici\u00f3<\/strong>\u00a0del Festival i que\u00a0<strong>la producci\u00f3 va optar al premi del Jurat de la seva modalitat i al premi al millor gui\u00f3, aix\u00ed com al premi del p\u00fablic i al premi atorgat pels joves cr\u00edtics del festival.\u00a0<\/strong><\/p>\n<p>&nbsp;<\/p>\n","protected":false},"excerpt":{"rendered":"<p>Realitzat pels i les alumnes de 6\u00e8 (curs 2018-2019) El Comit\u00e8 de selecci\u00f3 del\u00a0Festival Internacional de Cinema en Catal\u00e0 Costa Daurada\u00a0\u00a0FIC-CAT\u00a0va\u00a0seleccionar \u201cPosa\u2019t les ulleres LILES\u201d per formar part de la Selecci\u00f3 Oficial de la 12a edici\u00f3\u00a0del Festival i que\u00a0la producci\u00f3 va optar al premi del Jurat de la seva modalitat i al premi al millor [&hellip;]<\/p>\n","protected":false},"author":1,"featured_media":1432,"comment_status":"open","ping_status":"closed","sticky":false,"template":"","format":"standard","meta":{"_bbp_topic_count":0,"_bbp_reply_count":0,"_bbp_total_topic_count":0,"_bbp_total_reply_count":0,"_bbp_voice_count":0,"_bbp_anonymous_reply_count":0,"_bbp_topic_count_hidden":0,"_bbp_reply_count_hidden":0,"_bbp_forum_subforum_count":0,"site-sidebar-layout":"default","site-content-layout":"","ast-site-content-layout":"","site-content-style":"default","site-sidebar-style":"default","ast-global-header-display":"","ast-banner-title-visibility":"","ast-main-header-display":"","ast-hfb-above-header-display":"","ast-hfb-below-header-display":"","ast-hfb-mobile-header-display":"","site-post-title":"","ast-breadcrumbs-content":"","ast-featured-img":"","footer-sml-layout":"","theme-transparent-header-meta":"","adv-header-id-meta":"","stick-header-meta":"","header-above-stick-meta":"","header-main-stick-meta":"","header-below-stick-meta":"","astra-migrate-meta-layouts":"default","ast-page-background-enabled":"default","ast-page-background-meta":{"desktop":{"background-color":"var(--ast-global-color-4)","background-image":"","background-repeat":"repeat","background-position":"center center","background-size":"auto","background-attachment":"scroll","background-type":"","background-media":"","overlay-type":"","overlay-color":"","overlay-opacity":"","overlay-gradient":""},"tablet":{"background-color":"","background-image":"","background-repeat":"repeat","background-position":"center center","background-size":"auto","background-attachment":"scroll","background-type":"","background-media":"","overlay-type":"","overlay-color":"","overlay-opacity":"","overlay-gradient":""},"mobile":{"background-color":"","background-image":"","background-repeat":"repeat","background-position":"center center","background-size":"auto","background-attachment":"scroll","background-type":"","background-media":"","overlay-type":"","overlay-color":"","overlay-opacity":"","overlay-gradient":""}},"ast-content-background-meta":{"desktop":{"background-color":"var(--ast-global-color-5)","background-image":"","background-repeat":"repeat","background-position":"center center","background-size":"auto","background-attachment":"scroll","background-type":"","background-media":"","overlay-type":"","overlay-color":"","overlay-opacity":"","overlay-gradient":""},"tablet":{"background-color":"var(--ast-global-color-5)","background-image":"","background-repeat":"repeat","background-position":"center center","background-size":"auto","background-attachment":"scroll","background-type":"","background-media":"","overlay-type":"","overlay-color":"","overlay-opacity":"","overlay-gradient":""},"mobile":{"background-color":"var(--ast-global-color-5)","background-image":"","background-repeat":"repeat","background-position":"center center","background-size":"auto","background-attachment":"scroll","background-type":"","background-media":"","overlay-type":"","overlay-color":"","overlay-opacity":"","overlay-gradient":""}},"footnotes":""},"categories":[79,73],"tags":[],"class_list":["post-1456","post","type-post","status-publish","format-standard","has-post-thumbnail","hentry","category-coeducacio","category-curtvalortratge"],"post_mailing_queue_ids":[],"_links":{"self":[{"href":"https:\/\/agora.xtec.cat\/escolamansuet\/wp-json\/wp\/v2\/posts\/1456","targetHints":{"allow":["GET"]}}],"collection":[{"href":"https:\/\/agora.xtec.cat\/escolamansuet\/wp-json\/wp\/v2\/posts"}],"about":[{"href":"https:\/\/agora.xtec.cat\/escolamansuet\/wp-json\/wp\/v2\/types\/post"}],"author":[{"embeddable":true,"href":"https:\/\/agora.xtec.cat\/escolamansuet\/wp-json\/wp\/v2\/users\/1"}],"replies":[{"embeddable":true,"href":"https:\/\/agora.xtec.cat\/escolamansuet\/wp-json\/wp\/v2\/comments?post=1456"}],"version-history":[{"count":2,"href":"https:\/\/agora.xtec.cat\/escolamansuet\/wp-json\/wp\/v2\/posts\/1456\/revisions"}],"predecessor-version":[{"id":1467,"href":"https:\/\/agora.xtec.cat\/escolamansuet\/wp-json\/wp\/v2\/posts\/1456\/revisions\/1467"}],"wp:featuredmedia":[{"embeddable":true,"href":"https:\/\/agora.xtec.cat\/escolamansuet\/wp-json\/wp\/v2\/media\/1432"}],"wp:attachment":[{"href":"https:\/\/agora.xtec.cat\/escolamansuet\/wp-json\/wp\/v2\/media?parent=1456"}],"wp:term":[{"taxonomy":"category","embeddable":true,"href":"https:\/\/agora.xtec.cat\/escolamansuet\/wp-json\/wp\/v2\/categories?post=1456"},{"taxonomy":"post_tag","embeddable":true,"href":"https:\/\/agora.xtec.cat\/escolamansuet\/wp-json\/wp\/v2\/tags?post=1456"}],"curies":[{"name":"wp","href":"https:\/\/api.w.org\/{rel}","templated":true}]}}