{"id":80,"count":2,"description":"<p style=\"text-align: justify;\"><span style=\"font-weight: 400;\">Els canvis tecnol\u00f2gics es produeixen cada cop a un ritme m\u00e9s accelerat. Tecnologies digitals que apareixen i d\u2019altres que deixen de ser utilitzades. Les escoles no som alienes a aquest ritme. Ben al contrari, hi som immerses i no poden desvincular-nos. Les eines digitals permeten no sols tenir els i les nostres alumnes com a receptors d\u2019aprenentatge sin\u00f3 incrementar exponencialment les possibilitats creatives. Per tant, les tecnologies digitals poden tenir un impacte favorable en l\u2019aprenentatge dels nostres infants si s\u2019utilitzen de manera adequada, amb objectius clars i definits. Definir clarament quina estrat\u00e8gia vol seguir un centre vers aquestes tecnologies digitals, l\u2019ajudar\u00e0 a treure\u2019n el m\u00e0xim profit educatiu.\u00a0<\/span><\/p>\r\n<p style=\"text-align: justify;\"><span style=\"font-weight: 400;\">Per aix\u00f2, tal com indica el Pla d\u2019Educaci\u00f3 Digital de Catalunya (PEDC), els centres han de concretar l\u2019<\/span><a href=\"https:\/\/sites.google.com\/xtec.cat\/estrategia-digital-mansuetina\/\"><b>Estrat\u00e8gia Digital de Centre (EDC).<\/b><span style=\"font-weight: 400;\">\u00a0<\/span><\/a><\/p>\r\n<p style=\"text-align: justify;\"><span style=\"font-weight: 400;\">L\u2019EDC defineix i concreta les l\u00ednies d\u2019actuaci\u00f3 d\u2019un centre que fan possible que docents, alumnat i centre assoleixin la compet\u00e8ncia digital. Per aconseguir aquesta compet\u00e8ncia digital, l\u2019EDC compr\u00e8n tots els \u00e0mbits del centre: organitzatius, metodol\u00f2gics, curriculars i comunicatius, els quals s\u2019han de veure necess\u00e0riament implicats i, si escau, transformats, des d\u2019una perspectiva d\u2019innovaci\u00f3 i de millora cont\u00ednua.\u00a0<\/span><\/p>\r\n<p style=\"text-align: justify;\"><span style=\"font-weight: 400;\">Ha de tenir com a referent el Pla d\u2019Educaci\u00f3 Digital de Catalunya (PEDC), on s\u2019indica la necessitat d\u2019assolir la fita d\u2019una societat digitalment competent, fent \u00e8mfasi en l\u2019equitat i tenint en compte l\u2019evoluci\u00f3 del context social i tecnol\u00f2gic. Un alumnat digitalment competent ser\u00e0 garantia d\u2019una ciutadania digitalment competent, cr\u00edtica i responsable en l\u2019\u00fas de la tecnologia.<\/span><\/p>\r\n<p style=\"text-align: justify;\"><span style=\"font-weight: 400;\">Les tecnologies impulsen la innovaci\u00f3 i l\u2019evoluci\u00f3 de les metodologies did\u00e0ctiques i s\u2019integren en els processos d\u2019ensenyament i aprenentatge. Aquestes metodologies han de contemplar els aven\u00e7os tecnol\u00f2gics i els nous usos que en fa l\u2019alumnat aix\u00ed com les implicacions que tenen en l\u2019aprenentatge, en l\u2019acc\u00e9s i en el processament de la informaci\u00f3.<\/span><\/p>\r\n<p style=\"text-align: center;\"><em><strong>\/SITES EN CONSTRUCCI\u00d3\/<\/strong><\/em><\/p>\r\n<a href=\"https:\/\/sites.google.com\/xtec.cat\/estrategia-digital-mansuetina\/\"><img class=\"aligncenter wp-image-1931 size-full\" src=\"https:\/\/agora.xtec.cat\/escolamansuet\/wp-content\/uploads\/usu1881\/2023\/07\/SITES.jpg\" alt=\"\" width=\"1853\" height=\"807\" \/><\/a>","link":"https:\/\/agora.xtec.cat\/escolamansuet\/categoria\/estrategia-digital-del-centre-edc\/","name":"Estrat\u00e8gia Digital del Centre (EDC)","slug":"estrategia-digital-del-centre-edc","taxonomy":"category","parent":0,"meta":[],"_links":{"self":[{"href":"https:\/\/agora.xtec.cat\/escolamansuet\/wp-json\/wp\/v2\/categories\/80","targetHints":{"allow":["GET"]}}],"collection":[{"href":"https:\/\/agora.xtec.cat\/escolamansuet\/wp-json\/wp\/v2\/categories"}],"about":[{"href":"https:\/\/agora.xtec.cat\/escolamansuet\/wp-json\/wp\/v2\/taxonomies\/category"}],"wp:post_type":[{"href":"https:\/\/agora.xtec.cat\/escolamansuet\/wp-json\/wp\/v2\/posts?categories=80"}],"curies":[{"name":"wp","href":"https:\/\/api.w.org\/{rel}","templated":true}]}}