{"id":6597,"date":"2023-10-20T09:55:09","date_gmt":"2023-10-20T07:55:09","guid":{"rendered":"https:\/\/agora.xtec.cat\/escolallebetx\/?p=6597"},"modified":"2023-10-27T10:08:02","modified_gmt":"2023-10-27T08:08:02","slug":"comencem-els-padrins-lectors","status":"publish","type":"post","link":"https:\/\/agora.xtec.cat\/escolallebetx\/general\/comencem-els-padrins-lectors\/","title":{"rendered":"COMENCEM ELS PADRINS LECTORS!"},"content":{"rendered":"<p>Hola, fam\u00edlies!<\/p>\n<p>A principis d&#8217;octubre vam comen\u00e7ar els padrins lectors. Cada divendres, els nois i noies de sis\u00e8 ens ajuntem amb la nostra parella lectora de primer per compartir el gust per la lectura.<\/p>\n<p>Durant les sessions ens movem a diferents espais i llegim un llibre amb la nostra parella lectora. Quan acabem la sessi\u00f3, en fem una valoraci\u00f3 en el nostre llibret de registre de les sessions.<\/p>\n<p>Us pengem algunes fotos de la sessi\u00f3 d&#8217;avui.<\/p>\n<p>Fins aviat!<\/p>\n<p>La classe de primer i de sis\u00e8<\/p>\n<p><a href=\"https:\/\/agora.xtec.cat\/escolallebetx\/wp-content\/uploads\/usu1343\/2023\/10\/padrins-1.jpeg\"><img loading=\"lazy\" decoding=\"async\" class=\"aligncenter size-large wp-image-6603\" src=\"https:\/\/agora.xtec.cat\/escolallebetx\/wp-content\/uploads\/usu1343\/2023\/10\/padrins-1-1024x1024.jpeg\" alt=\"\" width=\"1024\" height=\"1024\" srcset=\"https:\/\/agora.xtec.cat\/escolallebetx\/wp-content\/uploads\/usu1343\/2023\/10\/padrins-1.jpeg 1024w, https:\/\/agora.xtec.cat\/escolallebetx\/wp-content\/uploads\/usu1343\/2023\/10\/padrins-1-300x300.jpeg 300w, https:\/\/agora.xtec.cat\/escolallebetx\/wp-content\/uploads\/usu1343\/2023\/10\/padrins-1-150x150.jpeg 150w, https:\/\/agora.xtec.cat\/escolallebetx\/wp-content\/uploads\/usu1343\/2023\/10\/padrins-1-768x768.jpeg 768w\" sizes=\"auto, (max-width: 1024px) 100vw, 1024px\" \/><\/a><\/p>\n<p>&nbsp;<\/p>\n<p>&nbsp;<\/p>\n<p>&nbsp;<\/p>\n","protected":false},"excerpt":{"rendered":"<p>Hola, fam\u00edlies! A principis d&#8217;octubre vam comen\u00e7ar els padrins lectors. Cada divendres, els nois i noies de sis\u00e8 ens ajuntem amb la nostra parella lectora de primer per compartir el gust per la lectura. Durant les sessions ens movem a diferents espais i llegim un llibre amb la nostra parella lectora. Quan acabem la sessi\u00f3, [&hellip;]<\/p>\n","protected":false},"author":3,"featured_media":6603,"comment_status":"open","ping_status":"closed","sticky":false,"template":"","format":"standard","meta":{"_bbp_topic_count":0,"_bbp_reply_count":0,"_bbp_total_topic_count":0,"_bbp_total_reply_count":0,"_bbp_voice_count":0,"_bbp_anonymous_reply_count":0,"_bbp_topic_count_hidden":0,"_bbp_reply_count_hidden":0,"_bbp_forum_subforum_count":0,"site-sidebar-layout":"default","site-content-layout":"","ast-site-content-layout":"","site-content-style":"default","site-sidebar-style":"default","ast-global-header-display":"","ast-banner-title-visibility":"","ast-main-header-display":"","ast-hfb-above-header-display":"","ast-hfb-below-header-display":"","ast-hfb-mobile-header-display":"","site-post-title":"","ast-breadcrumbs-content":"","ast-featured-img":"","footer-sml-layout":"","theme-transparent-header-meta":"","adv-header-id-meta":"","stick-header-meta":"","header-above-stick-meta":"","header-main-stick-meta":"","header-below-stick-meta":"","astra-migrate-meta-layouts":"default","ast-page-background-enabled":"default","ast-page-background-meta":{"desktop":{"background-color":"var(--ast-global-color-4)","background-image":"","background-repeat":"repeat","background-position":"center center","background-size":"auto","background-attachment":"scroll","background-type":"","background-media":"","overlay-type":"","overlay-color":"","overlay-opacity":"","overlay-gradient":""},"tablet":{"background-color":"","background-image":"","background-repeat":"repeat","background-position":"center center","background-size":"auto","background-attachment":"scroll","background-type":"","background-media":"","overlay-type":"","overlay-color":"","overlay-opacity":"","overlay-gradient":""},"mobile":{"background-color":"","background-image":"","background-repeat":"repeat","background-position":"center center","background-size":"auto","background-attachment":"scroll","background-type":"","background-media":"","overlay-type":"","overlay-color":"","overlay-opacity":"","overlay-gradient":""}},"ast-content-background-meta":{"desktop":{"background-color":"var(--ast-global-color-5)","background-image":"","background-repeat":"repeat","background-position":"center center","background-size":"auto","background-attachment":"scroll","background-type":"","background-media":"","overlay-type":"","overlay-color":"","overlay-opacity":"","overlay-gradient":""},"tablet":{"background-color":"var(--ast-global-color-5)","background-image":"","background-repeat":"repeat","background-position":"center center","background-size":"auto","background-attachment":"scroll","background-type":"","background-media":"","overlay-type":"","overlay-color":"","overlay-opacity":"","overlay-gradient":""},"mobile":{"background-color":"var(--ast-global-color-5)","background-image":"","background-repeat":"repeat","background-position":"center center","background-size":"auto","background-attachment":"scroll","background-type":"","background-media":"","overlay-type":"","overlay-color":"","overlay-opacity":"","overlay-gradient":""}},"footnotes":""},"categories":[10,15,305,307,1],"tags":[90,156,140],"class_list":["post-6597","post","type-post","status-publish","format-standard","has-post-thumbnail","hentry","category-1r","category-6e","category-colla-de-navegants","category-colla-marinera","category-general","tag-padrins-de-lectura","tag-primer","tag-sise"],"post_mailing_queue_ids":[],"_links":{"self":[{"href":"https:\/\/agora.xtec.cat\/escolallebetx\/wp-json\/wp\/v2\/posts\/6597","targetHints":{"allow":["GET"]}}],"collection":[{"href":"https:\/\/agora.xtec.cat\/escolallebetx\/wp-json\/wp\/v2\/posts"}],"about":[{"href":"https:\/\/agora.xtec.cat\/escolallebetx\/wp-json\/wp\/v2\/types\/post"}],"author":[{"embeddable":true,"href":"https:\/\/agora.xtec.cat\/escolallebetx\/wp-json\/wp\/v2\/users\/3"}],"replies":[{"embeddable":true,"href":"https:\/\/agora.xtec.cat\/escolallebetx\/wp-json\/wp\/v2\/comments?post=6597"}],"version-history":[{"count":4,"href":"https:\/\/agora.xtec.cat\/escolallebetx\/wp-json\/wp\/v2\/posts\/6597\/revisions"}],"predecessor-version":[{"id":6604,"href":"https:\/\/agora.xtec.cat\/escolallebetx\/wp-json\/wp\/v2\/posts\/6597\/revisions\/6604"}],"wp:featuredmedia":[{"embeddable":true,"href":"https:\/\/agora.xtec.cat\/escolallebetx\/wp-json\/wp\/v2\/media\/6603"}],"wp:attachment":[{"href":"https:\/\/agora.xtec.cat\/escolallebetx\/wp-json\/wp\/v2\/media?parent=6597"}],"wp:term":[{"taxonomy":"category","embeddable":true,"href":"https:\/\/agora.xtec.cat\/escolallebetx\/wp-json\/wp\/v2\/categories?post=6597"},{"taxonomy":"post_tag","embeddable":true,"href":"https:\/\/agora.xtec.cat\/escolallebetx\/wp-json\/wp\/v2\/tags?post=6597"}],"curies":[{"name":"wp","href":"https:\/\/api.w.org\/{rel}","templated":true}]}}