{"id":5951,"date":"2025-01-31T11:01:58","date_gmt":"2025-01-31T10:01:58","guid":{"rendered":"https:\/\/agora.xtec.cat\/escolalesvinyes\/?p=5951"},"modified":"2025-01-31T11:23:39","modified_gmt":"2025-01-31T10:23:39","slug":"reunio-families-6e","status":"publish","type":"post","link":"https:\/\/agora.xtec.cat\/escolalesvinyes\/portada\/reunio-families-6e\/","title":{"rendered":"REUNI\u00d3 FAM\u00cdLIES 6\u00c8"},"content":{"rendered":"<p>Benvolgudes fam\u00edlies,<\/p>\n<p>Com ja sabeu, properament s\u2019iniciar\u00e0 el procediment de preinscripci\u00f3 a l\u2019educaci\u00f3 secund\u00e0ria obligat\u00f2ria (ESO), etapa a la qual els vostres fills\/es accediran el curs 2025-2026.<\/p>\n<p>Com a fam\u00edlies de l&#8217;Escola Les Vinyes, adscrita als instituts de Vilafranca del Pened\u00e8s i amb fills i filles a 6\u00e8 de prim\u00e0ria, us convidem a la xerrada informativa sobre el procediment de preinscripci\u00f3 que tindr\u00e0 lloc el dia 26 de febrer a les 18h a l\u2019edifici de l\u2019Enol\u00f2gica (C. Am\u00e0lia Soler, 29, de Vilafranca del Pened\u00e8s).<\/p>\n<p>La xerrada anir\u00e0 a c\u00e0rrec de l\u2019Oficina Municipal d\u2019Escolaritzaci\u00f3 de Vilafranca del Pened\u00e8s i abordar\u00e0 els temes principals relacionats amb el procediment de preinscripci\u00f3: el calendari, els criteris de prioritat i assignaci\u00f3 de places, com presentar la sol\u00b7licitud, la documentaci\u00f3 que cal adjuntar, etc. La durada de la xerrada \u00e9s d\u2019una hora i mitja.<\/p>\n<p>Aquesta iniciativa \u00e9s possible gr\u00e0cies a la col\u00b7laboraci\u00f3 del servei d\u2019Educaci\u00f3 de l\u2019Ajuntament de Vilafranca del Pened\u00e8s amb el Departament d\u2019Educaci\u00f3 i Formaci\u00f3 Professional i s\u2019emmarca dins de les actuacions de difusi\u00f3 del procediment de preinscripci\u00f3 i acompanyament a les fam\u00edlies de l\u2019alumnat que el curs vinent far\u00e0 primer d\u2019ESO.<\/p>\n<p>Degut a les limitacions d\u2019aforament, \u00e9s aconsellable que a la xerrada nom\u00e9s hi assisteixi una persona per fam\u00edlia.<\/p>\n<p>Properament tamb\u00e9 rebreu informaci\u00f3 sobre l\u2019acte unitari de portes obertes dels instituts p\u00fablics de Vilafranca del Pened\u00e8s (6 de mar\u00e7 a les 18:30h) i de les jornades de visita als centres, que es faran entre el 10 i el 15 de mar\u00e7 de 2025.<\/p>\n<p>Cordialment,<\/p>\n<p>L&#8217;equip directiu.<\/p>\n<p><a href=\"https:\/\/agora.xtec.cat\/escolalesvinyes\/wp-content\/uploads\/usu634\/2025\/01\/reunio-de-6e.svg\"><img decoding=\"async\" class=\"alignnone size-full wp-image-5953\" src=\"https:\/\/agora.xtec.cat\/escolalesvinyes\/wp-content\/uploads\/usu634\/2025\/01\/reunio-de-6e.svg\" alt=\"\" \/><\/a><\/p>\n","protected":false},"excerpt":{"rendered":"<p>Benvolgudes fam\u00edlies, Com ja sabeu, properament s\u2019iniciar\u00e0 el procediment de preinscripci\u00f3 a l\u2019educaci\u00f3 secund\u00e0ria obligat\u00f2ria (ESO), etapa a la qual els vostres fills\/es accediran el curs 2025-2026. Com a fam\u00edlies de l&#8217;Escola Les Vinyes, adscrita als instituts de Vilafranca del Pened\u00e8s i amb fills i filles a 6\u00e8 de prim\u00e0ria, us convidem a la xerrada [&hellip;]<\/p>\n","protected":false},"author":27,"featured_media":5953,"comment_status":"open","ping_status":"closed","sticky":false,"template":"","format":"standard","meta":{"_bbp_topic_count":0,"_bbp_reply_count":0,"_bbp_total_topic_count":0,"_bbp_total_reply_count":0,"_bbp_voice_count":0,"_bbp_anonymous_reply_count":0,"_bbp_topic_count_hidden":0,"_bbp_reply_count_hidden":0,"_bbp_forum_subforum_count":0,"site-sidebar-layout":"default","site-content-layout":"","ast-site-content-layout":"","site-content-style":"default","site-sidebar-style":"default","ast-global-header-display":"","ast-banner-title-visibility":"","ast-main-header-display":"","ast-hfb-above-header-display":"","ast-hfb-below-header-display":"","ast-hfb-mobile-header-display":"","site-post-title":"","ast-breadcrumbs-content":"","ast-featured-img":"","footer-sml-layout":"","theme-transparent-header-meta":"","adv-header-id-meta":"","stick-header-meta":"","header-above-stick-meta":"","header-main-stick-meta":"","header-below-stick-meta":"","astra-migrate-meta-layouts":"default","ast-page-background-enabled":"default","ast-page-background-meta":{"desktop":{"background-color":"var(--ast-global-color-4)","background-image":"","background-repeat":"repeat","background-position":"center center","background-size":"auto","background-attachment":"scroll","background-type":"","background-media":"","overlay-type":"","overlay-color":"","overlay-opacity":"","overlay-gradient":""},"tablet":{"background-color":"","background-image":"","background-repeat":"repeat","background-position":"center center","background-size":"auto","background-attachment":"scroll","background-type":"","background-media":"","overlay-type":"","overlay-color":"","overlay-opacity":"","overlay-gradient":""},"mobile":{"background-color":"","background-image":"","background-repeat":"repeat","background-position":"center center","background-size":"auto","background-attachment":"scroll","background-type":"","background-media":"","overlay-type":"","overlay-color":"","overlay-opacity":"","overlay-gradient":""}},"ast-content-background-meta":{"desktop":{"background-color":"var(--ast-global-color-5)","background-image":"","background-repeat":"repeat","background-position":"center center","background-size":"auto","background-attachment":"scroll","background-type":"","background-media":"","overlay-type":"","overlay-color":"","overlay-opacity":"","overlay-gradient":""},"tablet":{"background-color":"var(--ast-global-color-5)","background-image":"","background-repeat":"repeat","background-position":"center center","background-size":"auto","background-attachment":"scroll","background-type":"","background-media":"","overlay-type":"","overlay-color":"","overlay-opacity":"","overlay-gradient":""},"mobile":{"background-color":"var(--ast-global-color-5)","background-image":"","background-repeat":"repeat","background-position":"center center","background-size":"auto","background-attachment":"scroll","background-type":"","background-media":"","overlay-type":"","overlay-color":"","overlay-opacity":"","overlay-gradient":""}},"footnotes":""},"categories":[4],"tags":[],"class_list":["post-5951","post","type-post","status-publish","format-standard","has-post-thumbnail","hentry","category-portada"],"post_mailing_queue_ids":[],"_links":{"self":[{"href":"https:\/\/agora.xtec.cat\/escolalesvinyes\/wp-json\/wp\/v2\/posts\/5951","targetHints":{"allow":["GET"]}}],"collection":[{"href":"https:\/\/agora.xtec.cat\/escolalesvinyes\/wp-json\/wp\/v2\/posts"}],"about":[{"href":"https:\/\/agora.xtec.cat\/escolalesvinyes\/wp-json\/wp\/v2\/types\/post"}],"author":[{"embeddable":true,"href":"https:\/\/agora.xtec.cat\/escolalesvinyes\/wp-json\/wp\/v2\/users\/27"}],"replies":[{"embeddable":true,"href":"https:\/\/agora.xtec.cat\/escolalesvinyes\/wp-json\/wp\/v2\/comments?post=5951"}],"version-history":[{"count":6,"href":"https:\/\/agora.xtec.cat\/escolalesvinyes\/wp-json\/wp\/v2\/posts\/5951\/revisions"}],"predecessor-version":[{"id":5962,"href":"https:\/\/agora.xtec.cat\/escolalesvinyes\/wp-json\/wp\/v2\/posts\/5951\/revisions\/5962"}],"wp:featuredmedia":[{"embeddable":true,"href":"https:\/\/agora.xtec.cat\/escolalesvinyes\/wp-json\/wp\/v2\/media\/5953"}],"wp:attachment":[{"href":"https:\/\/agora.xtec.cat\/escolalesvinyes\/wp-json\/wp\/v2\/media?parent=5951"}],"wp:term":[{"taxonomy":"category","embeddable":true,"href":"https:\/\/agora.xtec.cat\/escolalesvinyes\/wp-json\/wp\/v2\/categories?post=5951"},{"taxonomy":"post_tag","embeddable":true,"href":"https:\/\/agora.xtec.cat\/escolalesvinyes\/wp-json\/wp\/v2\/tags?post=5951"}],"curies":[{"name":"wp","href":"https:\/\/api.w.org\/{rel}","templated":true}]}}